

{"id":123968,"date":"2023-11-23T09:28:19","date_gmt":"2023-11-23T12:28:19","guid":{"rendered":" https:\/\/goias.gov.br\/policiacivil\/?p=123968"},"modified":"2023-11-23T09:28:19","modified_gmt":"2023-11-23T12:28:19","slug":"pc-prende-receptador-de-celular-roubado-de-vitima-no-df","status":"publish","type":"post","link":"https:\/\/goias.gov.br\/policiacivil\/pc-prende-receptador-de-celular-roubado-de-vitima-no-df\/","title":{"rendered":"PC prende receptador de celular roubado de v\u00edtima no DF"},"content":{"rendered":"<p style=\"text-align: justify;\">A Pol\u00edcia Civil, atrav\u00e9s da Delegacia de Cidade Ocidental, prendeu em flagrante um homem pela pr\u00e1tica de recepta\u00e7\u00e3o de um celular. A pris\u00e3o foi realizada nesta quarta-feira (22), em Cidade Ocidental. A v\u00edtima, no dia anterior, estava em Bras\u00edlia (DF), aguardando um \u00f4nibus quando foi surpreendida e roubada. A for\u00e7a empregada foi tanta, que ela acabou caindo no ch\u00e3o. A v\u00edtima registrou a ocorr\u00eancia na delegacia virtual da PCDF e, na manh\u00e3 de ontem, foi \u00e0 Delegacia de Cidade Ocidental informar que ap\u00f3s acessar um aplicativo de rastreamento do celular, este mostrou a informa\u00e7\u00e3o de que o aparelho celular estaria na cidade. Os policiais civis foram destacados e encontraram o indiv\u00edduo suspeito em um condom\u00ednio. Ele tentou fugir, mas foi detido. E com ele estava o aparelho telef\u00f4nico. O autor possui diversas passagens por recepta\u00e7\u00e3o e roubo no Distrito Federal e no Goi\u00e1s.<\/p>\n","protected":false},"excerpt":{"rendered":"<p>A Pol\u00edcia Civil, atrav\u00e9s da Delegacia de Cidade Ocidental, prendeu em flagrante um homem pela pr\u00e1tica de recepta\u00e7\u00e3o de um celular. A pris\u00e3o foi realizada nesta quarta-feira (22), em Cidade Ocidental. A v\u00edtima, no dia anterior, estava em Bras\u00edlia (DF), aguardando um \u00f4nibus quando foi surpreendida e roubada. A for\u00e7a empregada foi tanta, que ela [&hellip;]<\/p>\n","protected":false},"author":34,"featured_media":123969,"comment_status":"closed","ping_status":"closed","sticky":false,"template":"","format":"standard","meta":{"footnotes":""},"categories":[3192,2538,89,537],"tags":[2133],"class_list":["post-123968","post","type-post","status-publish","format-standard","has-post-thumbnail","hentry","category-5a-regional","category-delegacias","category-regionais","category-ultimo-segundo","tag-cidade-ocidental"],"rttpg_featured_image_url":{"full":["https:\/\/goias.gov.br\/policiacivil\/wp-content\/uploads\/sites\/71\/2023\/11\/whatsapp-image-2023-11-22-at-17.09.57.jpeg",750,1027,false],"landscape":["https:\/\/goias.gov.br\/policiacivil\/wp-content\/uploads\/sites\/71\/2023\/11\/whatsapp-image-2023-11-22-at-17.09.57.jpeg",750,1027,false],"portraits":["https:\/\/goias.gov.br\/policiacivil\/wp-content\/uploads\/sites\/71\/2023\/11\/whatsapp-image-2023-11-22-at-17.09.57.jpeg",750,1027,false],"thumbnail":["https:\/\/goias.gov.br\/policiacivil\/wp-content\/uploads\/sites\/71\/2023\/11\/whatsapp-image-2023-11-22-at-17.09.57-300x300.jpeg",150,150,true],"medium":["https:\/\/goias.gov.br\/policiacivil\/wp-content\/uploads\/sites\/71\/2023\/11\/whatsapp-image-2023-11-22-at-17.09.57.jpeg",219,300,false],"large":["https:\/\/goias.gov.br\/policiacivil\/wp-content\/uploads\/sites\/71\/2023\/11\/whatsapp-image-2023-11-22-at-17.09.57.jpeg",748,1024,false],"1536x1536":["https:\/\/goias.gov.br\/policiacivil\/wp-content\/uploads\/sites\/71\/2023\/11\/whatsapp-image-2023-11-22-at-17.09.57.jpeg",750,1027,false],"2048x2048":["https:\/\/goias.gov.br\/policiacivil\/wp-content\/uploads\/sites\/71\/2023\/11\/whatsapp-image-2023-11-22-at-17.09.57.jpeg",750,1027,false]},"rttpg_author":{"display_name":"celsoassis","author_link":"https:\/\/goias.gov.br\/policiacivil\/author\/celsoassis\/"},"rttpg_comment":0,"rttpg_category":"<a href=\"https:\/\/goias.gov.br\/policiacivil\/categoria\/drp\/5a-regional\/\" rel=\"category tag\">5\u00aa Regional<\/a> <a href=\"https:\/\/goias.gov.br\/policiacivil\/categoria\/delegacias\/\" rel=\"category tag\">Delegacias<\/a> <a href=\"https:\/\/goias.gov.br\/policiacivil\/categoria\/delegacias\/regionais\/\" rel=\"category tag\">Regionais<\/a> <a href=\"https:\/\/goias.gov.br\/policiacivil\/categoria\/ultimo-segundo\/\" rel=\"category tag\">\u00daltimo Segundo<\/a>","rttpg_excerpt":"A Pol\u00edcia Civil, atrav\u00e9s da Delegacia de Cidade Ocidental, prendeu em flagrante um homem pela pr\u00e1tica de recepta\u00e7\u00e3o de um celular. A pris\u00e3o foi realizada nesta quarta-feira (22), em Cidade Ocidental. A v\u00edtima, no dia anterior, estava em Bras\u00edlia (DF), aguardando um \u00f4nibus quando foi surpreendida e roubada. A for\u00e7a empregada foi tanta, que ela&hellip;","_links":{"self":[{"href":"https:\/\/goias.gov.br\/policiacivil\/wp-json\/wp\/v2\/posts\/123968","targetHints":{"allow":["GET"]}}],"collection":[{"href":"https:\/\/goias.gov.br\/policiacivil\/wp-json\/wp\/v2\/posts"}],"about":[{"href":"https:\/\/goias.gov.br\/policiacivil\/wp-json\/wp\/v2\/types\/post"}],"author":[{"embeddable":true,"href":"https:\/\/goias.gov.br\/policiacivil\/wp-json\/wp\/v2\/users\/34"}],"replies":[{"embeddable":true,"href":"https:\/\/goias.gov.br\/policiacivil\/wp-json\/wp\/v2\/comments?post=123968"}],"version-history":[{"count":1,"href":"https:\/\/goias.gov.br\/policiacivil\/wp-json\/wp\/v2\/posts\/123968\/revisions"}],"predecessor-version":[{"id":123970,"href":"https:\/\/goias.gov.br\/policiacivil\/wp-json\/wp\/v2\/posts\/123968\/revisions\/123970"}],"wp:featuredmedia":[{"embeddable":true,"href":"https:\/\/goias.gov.br\/policiacivil\/wp-json\/wp\/v2\/media\/123969"}],"wp:attachment":[{"href":"https:\/\/goias.gov.br\/policiacivil\/wp-json\/wp\/v2\/media?parent=123968"}],"wp:term":[{"taxonomy":"category","embeddable":true,"href":"https:\/\/goias.gov.br\/policiacivil\/wp-json\/wp\/v2\/categories?post=123968"},{"taxonomy":"post_tag","embeddable":true,"href":"https:\/\/goias.gov.br\/policiacivil\/wp-json\/wp\/v2\/tags?post=123968"}],"curies":[{"name":"wp","href":"https:\/\/api.w.org\/{rel}","templated":true}]}}