

{"id":123730,"date":"2023-11-15T12:52:32","date_gmt":"2023-11-15T15:52:32","guid":{"rendered":" https:\/\/goias.gov.br\/policiacivil\/?p=123730"},"modified":"2023-11-15T13:17:59","modified_gmt":"2023-11-15T16:17:59","slug":"pcgo-participa-de-mutirao-pos-temporal-em-uruacu","status":"publish","type":"post","link":"https:\/\/goias.gov.br\/policiacivil\/pcgo-participa-de-mutirao-pos-temporal-em-uruacu\/","title":{"rendered":"PCGO participa de mutir\u00e3o p\u00f3s temporal em Urua\u00e7u"},"content":{"rendered":"<p style=\"text-align: justify;\">A Pol\u00edcia Civil de Goi\u00e1s, atrav\u00e9s da Delegacia de Urua\u00e7u &#8211; 18\u00aa DRP, em conjunto com as demais for\u00e7as de seguran\u00e7a p\u00fablica e \u00f3rg\u00e3os municipais, participou de um mutir\u00e3o, nesta ter\u00e7a-feira (14), para auxiliar no restabelecimento dos servi\u00e7os p\u00fablicos afetados pelo temporal atingiu o munic\u00edpio nos dias 13 e 14. A for\u00e7a tarefa agiu para desobstruir imediatamente v\u00e1rias ruas interrompidas por \u00e1rvores que tombaram com o forte vendaval.<\/p>\n","protected":false},"excerpt":{"rendered":"<p>A Pol\u00edcia Civil de Goi\u00e1s, atrav\u00e9s da Delegacia de Urua\u00e7u &#8211; 18\u00aa DRP, em conjunto com as demais for\u00e7as de seguran\u00e7a p\u00fablica e \u00f3rg\u00e3os municipais, participou de um mutir\u00e3o, nesta ter\u00e7a-feira (14), para auxiliar no restabelecimento dos servi\u00e7os p\u00fablicos afetados pelo temporal atingiu o munic\u00edpio nos dias 13 e 14. A for\u00e7a tarefa agiu para [&hellip;]<\/p>\n","protected":false},"author":42,"featured_media":123731,"comment_status":"closed","ping_status":"closed","sticky":false,"template":"","format":"standard","meta":{"footnotes":""},"categories":[6760,2538,89,537],"tags":[10450,1701],"class_list":["post-123730","post","type-post","status-publish","format-standard","has-post-thumbnail","hentry","category-18a-regional","category-delegacias","category-regionais","category-ultimo-segundo","tag-18a-drp","tag-uruacu"],"rttpg_featured_image_url":{"full":["https:\/\/goias.gov.br\/policiacivil\/wp-content\/uploads\/sites\/71\/2023\/11\/design-sem-nome-3.png",1200,630,false],"landscape":["https:\/\/goias.gov.br\/policiacivil\/wp-content\/uploads\/sites\/71\/2023\/11\/design-sem-nome-3.png",1200,630,false],"portraits":["https:\/\/goias.gov.br\/policiacivil\/wp-content\/uploads\/sites\/71\/2023\/11\/design-sem-nome-3.png",1200,630,false],"thumbnail":["https:\/\/goias.gov.br\/policiacivil\/wp-content\/uploads\/sites\/71\/2023\/11\/design-sem-nome-3-300x300.png",150,150,true],"medium":["https:\/\/goias.gov.br\/policiacivil\/wp-content\/uploads\/sites\/71\/2023\/11\/design-sem-nome-3.png",300,158,false],"large":["https:\/\/goias.gov.br\/policiacivil\/wp-content\/uploads\/sites\/71\/2023\/11\/design-sem-nome-3.png",1024,538,false],"1536x1536":["https:\/\/goias.gov.br\/policiacivil\/wp-content\/uploads\/sites\/71\/2023\/11\/design-sem-nome-3.png",1200,630,false],"2048x2048":["https:\/\/goias.gov.br\/policiacivil\/wp-content\/uploads\/sites\/71\/2023\/11\/design-sem-nome-3.png",1200,630,false]},"rttpg_author":{"display_name":"carolinalima","author_link":"https:\/\/goias.gov.br\/policiacivil\/author\/carolinalima\/"},"rttpg_comment":0,"rttpg_category":"<a href=\"https:\/\/goias.gov.br\/policiacivil\/categoria\/drp\/18a-regional\/\" rel=\"category tag\">18\u00aa Regional<\/a> <a href=\"https:\/\/goias.gov.br\/policiacivil\/categoria\/delegacias\/\" rel=\"category tag\">Delegacias<\/a> <a href=\"https:\/\/goias.gov.br\/policiacivil\/categoria\/delegacias\/regionais\/\" rel=\"category tag\">Regionais<\/a> <a href=\"https:\/\/goias.gov.br\/policiacivil\/categoria\/ultimo-segundo\/\" rel=\"category tag\">\u00daltimo Segundo<\/a>","rttpg_excerpt":"A Pol\u00edcia Civil de Goi\u00e1s, atrav\u00e9s da Delegacia de Urua\u00e7u &#8211; 18\u00aa DRP, em conjunto com as demais for\u00e7as de seguran\u00e7a p\u00fablica e \u00f3rg\u00e3os municipais, participou de um mutir\u00e3o, nesta ter\u00e7a-feira (14), para auxiliar no restabelecimento dos servi\u00e7os p\u00fablicos afetados pelo temporal atingiu o munic\u00edpio nos dias 13 e 14. A for\u00e7a tarefa agiu para&hellip;","_links":{"self":[{"href":"https:\/\/goias.gov.br\/policiacivil\/wp-json\/wp\/v2\/posts\/123730","targetHints":{"allow":["GET"]}}],"collection":[{"href":"https:\/\/goias.gov.br\/policiacivil\/wp-json\/wp\/v2\/posts"}],"about":[{"href":"https:\/\/goias.gov.br\/policiacivil\/wp-json\/wp\/v2\/types\/post"}],"author":[{"embeddable":true,"href":"https:\/\/goias.gov.br\/policiacivil\/wp-json\/wp\/v2\/users\/42"}],"replies":[{"embeddable":true,"href":"https:\/\/goias.gov.br\/policiacivil\/wp-json\/wp\/v2\/comments?post=123730"}],"version-history":[{"count":2,"href":"https:\/\/goias.gov.br\/policiacivil\/wp-json\/wp\/v2\/posts\/123730\/revisions"}],"predecessor-version":[{"id":123733,"href":"https:\/\/goias.gov.br\/policiacivil\/wp-json\/wp\/v2\/posts\/123730\/revisions\/123733"}],"wp:featuredmedia":[{"embeddable":true,"href":"https:\/\/goias.gov.br\/policiacivil\/wp-json\/wp\/v2\/media\/123731"}],"wp:attachment":[{"href":"https:\/\/goias.gov.br\/policiacivil\/wp-json\/wp\/v2\/media?parent=123730"}],"wp:term":[{"taxonomy":"category","embeddable":true,"href":"https:\/\/goias.gov.br\/policiacivil\/wp-json\/wp\/v2\/categories?post=123730"},{"taxonomy":"post_tag","embeddable":true,"href":"https:\/\/goias.gov.br\/policiacivil\/wp-json\/wp\/v2\/tags?post=123730"}],"curies":[{"name":"wp","href":"https:\/\/api.w.org\/{rel}","templated":true}]}}