

{"id":123366,"date":"2023-11-07T09:52:16","date_gmt":"2023-11-07T12:52:16","guid":{"rendered":" https:\/\/goias.gov.br\/policiacivil\/?p=123366"},"modified":"2023-11-07T09:52:16","modified_gmt":"2023-11-07T12:52:16","slug":"investigado-contumaz-na-pratica-de-furtos-e-preso-em-goianesia","status":"publish","type":"post","link":"https:\/\/goias.gov.br\/policiacivil\/investigado-contumaz-na-pratica-de-furtos-e-preso-em-goianesia\/","title":{"rendered":"Investigado contumaz na pr\u00e1tica de furtos \u00e9 preso em Goian\u00e9sia"},"content":{"rendered":"<p style=\"text-align: justify;\">A Pol\u00edcia Civil de Goi\u00e1s, atrav\u00e9s do Grupo Especial de Repress\u00e3o a Crimes Patrimoniais de Goian\u00e9sia &#8211; 15\u00aa DRP, em opera\u00e7\u00e3o conjunta com a Pol\u00edcia Militar de Goi\u00e1s, prendeu um homem, em flagrante, nesta segunda-feira (6), por furto a uma escola da cidade. A diretora da institui\u00e7\u00e3o procurou a delegacia informando que diversos objetos haviam sido furtados da unidade.\u00a0Ap\u00f3s trabalho integrado entre as pol\u00edcias, o indiv\u00edduo foi localizado e, na ocasi\u00e3o, recuperados ventiladores subtra\u00eddos da escola e outros objetos furtados em resid\u00eancias da cidade. O homem estava preso at\u00e9 o m\u00eas passado e, ap\u00f3s ter sido colocado em liberdade, praticou, ao menos, seis furtos, gerando preju\u00edzo de, aproximadamente, R$ 15 mil.<\/p>\n","protected":false},"excerpt":{"rendered":"<p>A Pol\u00edcia Civil de Goi\u00e1s, atrav\u00e9s do Grupo Especial de Repress\u00e3o a Crimes Patrimoniais de Goian\u00e9sia &#8211; 15\u00aa DRP, em opera\u00e7\u00e3o conjunta com a Pol\u00edcia Militar de Goi\u00e1s, prendeu um homem, em flagrante, nesta segunda-feira (6), por furto a uma escola da cidade. A diretora da institui\u00e7\u00e3o procurou a delegacia informando que diversos objetos haviam [&hellip;]<\/p>\n","protected":false},"author":42,"featured_media":123367,"comment_status":"closed","ping_status":"closed","sticky":false,"template":"","format":"standard","meta":{"footnotes":""},"categories":[3202,2538,89,537],"tags":[2843,230],"class_list":["post-123366","post","type-post","status-publish","format-standard","has-post-thumbnail","hentry","category-15a-regional","category-delegacias","category-regionais","category-ultimo-segundo","tag-15a-drp","tag-goianesia"],"rttpg_featured_image_url":{"full":["https:\/\/goias.gov.br\/policiacivil\/wp-content\/uploads\/sites\/71\/2023\/11\/design-sem-nome-56.png",1200,630,false],"landscape":["https:\/\/goias.gov.br\/policiacivil\/wp-content\/uploads\/sites\/71\/2023\/11\/design-sem-nome-56.png",1200,630,false],"portraits":["https:\/\/goias.gov.br\/policiacivil\/wp-content\/uploads\/sites\/71\/2023\/11\/design-sem-nome-56.png",1200,630,false],"thumbnail":["https:\/\/goias.gov.br\/policiacivil\/wp-content\/uploads\/sites\/71\/2023\/11\/design-sem-nome-56-300x300.png",150,150,true],"medium":["https:\/\/goias.gov.br\/policiacivil\/wp-content\/uploads\/sites\/71\/2023\/11\/design-sem-nome-56.png",300,158,false],"large":["https:\/\/goias.gov.br\/policiacivil\/wp-content\/uploads\/sites\/71\/2023\/11\/design-sem-nome-56.png",1024,538,false],"1536x1536":["https:\/\/goias.gov.br\/policiacivil\/wp-content\/uploads\/sites\/71\/2023\/11\/design-sem-nome-56.png",1200,630,false],"2048x2048":["https:\/\/goias.gov.br\/policiacivil\/wp-content\/uploads\/sites\/71\/2023\/11\/design-sem-nome-56.png",1200,630,false]},"rttpg_author":{"display_name":"carolinalima","author_link":"https:\/\/goias.gov.br\/policiacivil\/author\/carolinalima\/"},"rttpg_comment":0,"rttpg_category":"<a href=\"https:\/\/goias.gov.br\/policiacivil\/categoria\/drp\/15a-regional\/\" rel=\"category tag\">15\u00aa Regional<\/a> <a href=\"https:\/\/goias.gov.br\/policiacivil\/categoria\/delegacias\/\" rel=\"category tag\">Delegacias<\/a> <a href=\"https:\/\/goias.gov.br\/policiacivil\/categoria\/delegacias\/regionais\/\" rel=\"category tag\">Regionais<\/a> <a href=\"https:\/\/goias.gov.br\/policiacivil\/categoria\/ultimo-segundo\/\" rel=\"category tag\">\u00daltimo Segundo<\/a>","rttpg_excerpt":"A Pol\u00edcia Civil de Goi\u00e1s, atrav\u00e9s do Grupo Especial de Repress\u00e3o a Crimes Patrimoniais de Goian\u00e9sia &#8211; 15\u00aa DRP, em opera\u00e7\u00e3o conjunta com a Pol\u00edcia Militar de Goi\u00e1s, prendeu um homem, em flagrante, nesta segunda-feira (6), por furto a uma escola da cidade. A diretora da institui\u00e7\u00e3o procurou a delegacia informando que diversos objetos haviam&hellip;","_links":{"self":[{"href":"https:\/\/goias.gov.br\/policiacivil\/wp-json\/wp\/v2\/posts\/123366","targetHints":{"allow":["GET"]}}],"collection":[{"href":"https:\/\/goias.gov.br\/policiacivil\/wp-json\/wp\/v2\/posts"}],"about":[{"href":"https:\/\/goias.gov.br\/policiacivil\/wp-json\/wp\/v2\/types\/post"}],"author":[{"embeddable":true,"href":"https:\/\/goias.gov.br\/policiacivil\/wp-json\/wp\/v2\/users\/42"}],"replies":[{"embeddable":true,"href":"https:\/\/goias.gov.br\/policiacivil\/wp-json\/wp\/v2\/comments?post=123366"}],"version-history":[{"count":1,"href":"https:\/\/goias.gov.br\/policiacivil\/wp-json\/wp\/v2\/posts\/123366\/revisions"}],"predecessor-version":[{"id":123368,"href":"https:\/\/goias.gov.br\/policiacivil\/wp-json\/wp\/v2\/posts\/123366\/revisions\/123368"}],"wp:featuredmedia":[{"embeddable":true,"href":"https:\/\/goias.gov.br\/policiacivil\/wp-json\/wp\/v2\/media\/123367"}],"wp:attachment":[{"href":"https:\/\/goias.gov.br\/policiacivil\/wp-json\/wp\/v2\/media?parent=123366"}],"wp:term":[{"taxonomy":"category","embeddable":true,"href":"https:\/\/goias.gov.br\/policiacivil\/wp-json\/wp\/v2\/categories?post=123366"},{"taxonomy":"post_tag","embeddable":true,"href":"https:\/\/goias.gov.br\/policiacivil\/wp-json\/wp\/v2\/tags?post=123366"}],"curies":[{"name":"wp","href":"https:\/\/api.w.org\/{rel}","templated":true}]}}