

{"id":123345,"date":"2023-11-03T19:40:26","date_gmt":"2023-11-03T22:40:26","guid":{"rendered":" https:\/\/goias.gov.br\/policiacivil\/?p=123345"},"modified":"2023-11-03T19:40:26","modified_gmt":"2023-11-03T22:40:26","slug":"pc-recupera-bicicleta-furtada-em-jesupolis","status":"publish","type":"post","link":"https:\/\/goias.gov.br\/policiacivil\/pc-recupera-bicicleta-furtada-em-jesupolis\/","title":{"rendered":"PC recupera bicicleta furtada em Jes\u00fapolis"},"content":{"rendered":"<p style=\"text-align: justify;\">A Delegacia de Pol\u00edcia de Jes\u00fapolis efetuou a pris\u00e3o em flagrante de um jovem de 20 anos, logo ap\u00f3s ele ter praticado um furto de uma bicicleta. A v\u00edtima narrou aos policiais que na quarta-feira (01), por volta das 22h30, teria deixado sua bicicleta na porta de casa por alguns instantes e, quando voltou, ela n\u00e3o estava mais l\u00e1. O autor foi identificado por imagens de c\u00e2meras e preso, no dia seguinte ao fato, em um bar da cidade, onde confessou o crime.<\/p>\n<p>&nbsp;<\/p>\n","protected":false},"excerpt":{"rendered":"<p>A Delegacia de Pol\u00edcia de Jes\u00fapolis efetuou a pris\u00e3o em flagrante de um jovem de 20 anos, logo ap\u00f3s ele ter praticado um furto de uma bicicleta. A v\u00edtima narrou aos policiais que na quarta-feira (01), por volta das 22h30, teria deixado sua bicicleta na porta de casa por alguns instantes e, quando voltou, ela [&hellip;]<\/p>\n","protected":false},"author":34,"featured_media":123346,"comment_status":"closed","ping_status":"closed","sticky":false,"template":"","format":"standard","meta":{"footnotes":""},"categories":[3202,2538,89,537],"tags":[6180],"class_list":["post-123345","post","type-post","status-publish","format-standard","has-post-thumbnail","hentry","category-15a-regional","category-delegacias","category-regionais","category-ultimo-segundo","tag-jesupolis"],"rttpg_featured_image_url":{"full":["https:\/\/goias.gov.br\/policiacivil\/wp-content\/uploads\/sites\/71\/2023\/11\/whatsapp-image-2023-11-02-at-19.42.54.jpeg",765,1200,false],"landscape":["https:\/\/goias.gov.br\/policiacivil\/wp-content\/uploads\/sites\/71\/2023\/11\/whatsapp-image-2023-11-02-at-19.42.54.jpeg",765,1200,false],"portraits":["https:\/\/goias.gov.br\/policiacivil\/wp-content\/uploads\/sites\/71\/2023\/11\/whatsapp-image-2023-11-02-at-19.42.54.jpeg",765,1200,false],"thumbnail":["https:\/\/goias.gov.br\/policiacivil\/wp-content\/uploads\/sites\/71\/2023\/11\/whatsapp-image-2023-11-02-at-19.42.54-300x300.jpeg",150,150,true],"medium":["https:\/\/goias.gov.br\/policiacivil\/wp-content\/uploads\/sites\/71\/2023\/11\/whatsapp-image-2023-11-02-at-19.42.54.jpeg",191,300,false],"large":["https:\/\/goias.gov.br\/policiacivil\/wp-content\/uploads\/sites\/71\/2023\/11\/whatsapp-image-2023-11-02-at-19.42.54.jpeg",653,1024,false],"1536x1536":["https:\/\/goias.gov.br\/policiacivil\/wp-content\/uploads\/sites\/71\/2023\/11\/whatsapp-image-2023-11-02-at-19.42.54.jpeg",765,1200,false],"2048x2048":["https:\/\/goias.gov.br\/policiacivil\/wp-content\/uploads\/sites\/71\/2023\/11\/whatsapp-image-2023-11-02-at-19.42.54.jpeg",765,1200,false]},"rttpg_author":{"display_name":"celsoassis","author_link":"https:\/\/goias.gov.br\/policiacivil\/author\/celsoassis\/"},"rttpg_comment":0,"rttpg_category":"<a href=\"https:\/\/goias.gov.br\/policiacivil\/categoria\/drp\/15a-regional\/\" rel=\"category tag\">15\u00aa Regional<\/a> <a href=\"https:\/\/goias.gov.br\/policiacivil\/categoria\/delegacias\/\" rel=\"category tag\">Delegacias<\/a> <a href=\"https:\/\/goias.gov.br\/policiacivil\/categoria\/delegacias\/regionais\/\" rel=\"category tag\">Regionais<\/a> <a href=\"https:\/\/goias.gov.br\/policiacivil\/categoria\/ultimo-segundo\/\" rel=\"category tag\">\u00daltimo Segundo<\/a>","rttpg_excerpt":"A Delegacia de Pol\u00edcia de Jes\u00fapolis efetuou a pris\u00e3o em flagrante de um jovem de 20 anos, logo ap\u00f3s ele ter praticado um furto de uma bicicleta. A v\u00edtima narrou aos policiais que na quarta-feira (01), por volta das 22h30, teria deixado sua bicicleta na porta de casa por alguns instantes e, quando voltou, ela&hellip;","_links":{"self":[{"href":"https:\/\/goias.gov.br\/policiacivil\/wp-json\/wp\/v2\/posts\/123345","targetHints":{"allow":["GET"]}}],"collection":[{"href":"https:\/\/goias.gov.br\/policiacivil\/wp-json\/wp\/v2\/posts"}],"about":[{"href":"https:\/\/goias.gov.br\/policiacivil\/wp-json\/wp\/v2\/types\/post"}],"author":[{"embeddable":true,"href":"https:\/\/goias.gov.br\/policiacivil\/wp-json\/wp\/v2\/users\/34"}],"replies":[{"embeddable":true,"href":"https:\/\/goias.gov.br\/policiacivil\/wp-json\/wp\/v2\/comments?post=123345"}],"version-history":[{"count":1,"href":"https:\/\/goias.gov.br\/policiacivil\/wp-json\/wp\/v2\/posts\/123345\/revisions"}],"predecessor-version":[{"id":123347,"href":"https:\/\/goias.gov.br\/policiacivil\/wp-json\/wp\/v2\/posts\/123345\/revisions\/123347"}],"wp:featuredmedia":[{"embeddable":true,"href":"https:\/\/goias.gov.br\/policiacivil\/wp-json\/wp\/v2\/media\/123346"}],"wp:attachment":[{"href":"https:\/\/goias.gov.br\/policiacivil\/wp-json\/wp\/v2\/media?parent=123345"}],"wp:term":[{"taxonomy":"category","embeddable":true,"href":"https:\/\/goias.gov.br\/policiacivil\/wp-json\/wp\/v2\/categories?post=123345"},{"taxonomy":"post_tag","embeddable":true,"href":"https:\/\/goias.gov.br\/policiacivil\/wp-json\/wp\/v2\/tags?post=123345"}],"curies":[{"name":"wp","href":"https:\/\/api.w.org\/{rel}","templated":true}]}}