{"id":122600,"date":"2023-10-17T11:11:39","date_gmt":"2023-10-17T14:11:39","guid":{"rendered":" https:\/\/goias.gov.br\/policiacivil\/?p=122600"},"modified":"2023-10-17T11:11:39","modified_gmt":"2023-10-17T14:11:39","slug":"pcgo-prende-trio-em-flagrante-por-furto-e-receptacao-em-itumbiara","status":"publish","type":"post","link":"https:\/\/goias.gov.br\/policiacivil\/pcgo-prende-trio-em-flagrante-por-furto-e-receptacao-em-itumbiara\/","title":{"rendered":"PCGO prende trio em flagrante por furto e recepta\u00e7\u00e3o, em Itumbiara"},"content":{"rendered":"<p style=\"text-align: justify;\"><span style=\"font-weight: 400;\">A Pol\u00edcia Civil de Goi\u00e1s, por meio do Grupo Especial de Repress\u00e3o a Crimes Patrimoniais de Itumbiara &#8211; 6\u00aa DRP,\u00a0 prendeu em flagrante, nesta segunda-feira (16), tr\u00eas pessoas por furto e recepta\u00e7\u00e3o. Ap\u00f3s tomarem ci\u00eancia de um crime de furto ocorrido nas \u00faltimas horas do domingo (15), os policiais civis lograram \u00eaxito em identificar o autor, o qual residia no mesmo lote das v\u00edtimas. O homem confessou o crime, mas disse que j\u00e1 havia vendido os objetos. Em seguida, em dilig\u00eancias investigativas, os policiais identificaram e conseguiram localizar os dois compradores dos objetos subtra\u00eddos, e, na ocasi\u00e3o, lograram \u00eaxito em prend\u00ea-los. Embora os receptadores tenham alegado desconhecerem a origem il\u00edcita dos bens, confessaram que compraram do furtador e pagaram valores muito abaixo do de mercado, al\u00e9m de n\u00e3o terem solicitado as notas fiscais dos objetos. Os objetos foram recuperados e devolvidos \u00e0s v\u00edtimas.\u00a0<\/span><\/p>\n","protected":false},"excerpt":{"rendered":"<p>A Pol\u00edcia Civil de Goi\u00e1s, por meio do Grupo Especial de Repress\u00e3o a Crimes Patrimoniais de Itumbiara &#8211; 6\u00aa DRP,\u00a0 prendeu em flagrante, nesta segunda-feira (16), tr\u00eas pessoas por furto e recepta\u00e7\u00e3o. Ap\u00f3s tomarem ci\u00eancia de um crime de furto ocorrido nas \u00faltimas horas do domingo (15), os policiais civis lograram \u00eaxito em identificar o [&hellip;]<\/p>\n","protected":false},"author":42,"featured_media":122491,"comment_status":"closed","ping_status":"closed","sticky":false,"template":"","format":"standard","meta":{"footnotes":""},"categories":[3193,2538,89,537],"tags":[1950,16],"class_list":["post-122600","post","type-post","status-publish","format-standard","has-post-thumbnail","hentry","category-6a-regional","category-delegacias","category-regionais","category-ultimo-segundo","tag-6a-drp","tag-itumbiara"],"rttpg_featured_image_url":{"full":["https:\/\/goias.gov.br\/policiacivil\/wp-content\/uploads\/sites\/71\/2023\/10\/design-sem-nome-19.png",1200,630,false],"landscape":["https:\/\/goias.gov.br\/policiacivil\/wp-content\/uploads\/sites\/71\/2023\/10\/design-sem-nome-19.png",1200,630,false],"portraits":["https:\/\/goias.gov.br\/policiacivil\/wp-content\/uploads\/sites\/71\/2023\/10\/design-sem-nome-19.png",1200,630,false],"thumbnail":["https:\/\/goias.gov.br\/policiacivil\/wp-content\/uploads\/sites\/71\/2023\/10\/design-sem-nome-19-300x300.png",150,150,true],"medium":["https:\/\/goias.gov.br\/policiacivil\/wp-content\/uploads\/sites\/71\/2023\/10\/design-sem-nome-19.png",300,158,false],"large":["https:\/\/goias.gov.br\/policiacivil\/wp-content\/uploads\/sites\/71\/2023\/10\/design-sem-nome-19.png",1024,538,false],"1536x1536":["https:\/\/goias.gov.br\/policiacivil\/wp-content\/uploads\/sites\/71\/2023\/10\/design-sem-nome-19.png",1200,630,false],"2048x2048":["https:\/\/goias.gov.br\/policiacivil\/wp-content\/uploads\/sites\/71\/2023\/10\/design-sem-nome-19.png",1200,630,false]},"rttpg_author":{"display_name":"carolinalima","author_link":"https:\/\/goias.gov.br\/policiacivil\/author\/carolinalima\/"},"rttpg_comment":0,"rttpg_category":"<a href=\"https:\/\/goias.gov.br\/policiacivil\/categoria\/drp\/6a-regional\/\" rel=\"category tag\">6\u00aa Regional<\/a> <a href=\"https:\/\/goias.gov.br\/policiacivil\/categoria\/delegacias\/\" rel=\"category tag\">Delegacias<\/a> <a href=\"https:\/\/goias.gov.br\/policiacivil\/categoria\/delegacias\/regionais\/\" rel=\"category tag\">Regionais<\/a> <a href=\"https:\/\/goias.gov.br\/policiacivil\/categoria\/ultimo-segundo\/\" rel=\"category tag\">\u00daltimo Segundo<\/a>","rttpg_excerpt":"A Pol\u00edcia Civil de Goi\u00e1s, por meio do Grupo Especial de Repress\u00e3o a Crimes Patrimoniais de Itumbiara &#8211; 6\u00aa DRP,\u00a0 prendeu em flagrante, nesta segunda-feira (16), tr\u00eas pessoas por furto e recepta\u00e7\u00e3o. Ap\u00f3s tomarem ci\u00eancia de um crime de furto ocorrido nas \u00faltimas horas do domingo (15), os policiais civis lograram \u00eaxito em identificar o&hellip;","_links":{"self":[{"href":"https:\/\/goias.gov.br\/policiacivil\/wp-json\/wp\/v2\/posts\/122600","targetHints":{"allow":["GET"]}}],"collection":[{"href":"https:\/\/goias.gov.br\/policiacivil\/wp-json\/wp\/v2\/posts"}],"about":[{"href":"https:\/\/goias.gov.br\/policiacivil\/wp-json\/wp\/v2\/types\/post"}],"author":[{"embeddable":true,"href":"https:\/\/goias.gov.br\/policiacivil\/wp-json\/wp\/v2\/users\/42"}],"replies":[{"embeddable":true,"href":"https:\/\/goias.gov.br\/policiacivil\/wp-json\/wp\/v2\/comments?post=122600"}],"version-history":[{"count":1,"href":"https:\/\/goias.gov.br\/policiacivil\/wp-json\/wp\/v2\/posts\/122600\/revisions"}],"predecessor-version":[{"id":122601,"href":"https:\/\/goias.gov.br\/policiacivil\/wp-json\/wp\/v2\/posts\/122600\/revisions\/122601"}],"wp:featuredmedia":[{"embeddable":true,"href":"https:\/\/goias.gov.br\/policiacivil\/wp-json\/wp\/v2\/media\/122491"}],"wp:attachment":[{"href":"https:\/\/goias.gov.br\/policiacivil\/wp-json\/wp\/v2\/media?parent=122600"}],"wp:term":[{"taxonomy":"category","embeddable":true,"href":"https:\/\/goias.gov.br\/policiacivil\/wp-json\/wp\/v2\/categories?post=122600"},{"taxonomy":"post_tag","embeddable":true,"href":"https:\/\/goias.gov.br\/policiacivil\/wp-json\/wp\/v2\/tags?post=122600"}],"curies":[{"name":"wp","href":"https:\/\/api.w.org\/{rel}","templated":true}]}}