

{"id":121613,"date":"2023-09-26T14:33:39","date_gmt":"2023-09-26T17:33:39","guid":{"rendered":" https:\/\/goias.gov.br\/policiacivil\/?p=121613"},"modified":"2023-09-26T14:33:39","modified_gmt":"2023-09-26T17:33:39","slug":"irmaos-suspeitos-de-matarem-companheiro-da-mae-em-varjao-sao-presos-no-piaui","status":"publish","type":"post","link":"https:\/\/goias.gov.br\/policiacivil\/irmaos-suspeitos-de-matarem-companheiro-da-mae-em-varjao-sao-presos-no-piaui\/","title":{"rendered":"Irm\u00e3os suspeitos de matarem companheiro da m\u00e3e em Varj\u00e3o s\u00e3o presos no Piau\u00ed"},"content":{"rendered":"<p style=\"text-align: justify;\">A Pol\u00edcia Civil do Estado do Piau\u00ed, por meio da Delegacia de Jaic\u00f3s (PI), cumpriu, na manh\u00e3 desta ter\u00e7a-feira (26), dois mandados de pris\u00e3o preventiva em face de dois irm\u00e3os, pela pr\u00e1tica do crime de homic\u00eddio ocorrido no ano de 1998, na cidade de Varj\u00e3o (GO) . Na \u00e9poca do fato, os presos tiraram a vida da v\u00edtima, ent\u00e3o companheiro da genitora destes, com o uso de arma de fogo. O paradeiro e a localiza\u00e7\u00e3o de onde os presos se encontravam foi feita pelos agentes de pol\u00edcia da Delegacia Estadual de Capturas (Decap), da Pol\u00edcia Civil do Estado de Goi\u00e1s, os quais informaram \u00e0 Delegacia de Capturas do Estado do Piau\u00ed. Diante disso, foi poss\u00edvel a captura dos citados foragidos.<\/p>\n<p style=\"text-align: justify;\">O monitoramento de tais foragidos, realizado pelos agentes da Decap\/PCGO, datava de mais de 5 anos, com a verifica\u00e7\u00e3o constante do poss\u00edvel paradeiro de ambos.<\/p>\n","protected":false},"excerpt":{"rendered":"<p>A Pol\u00edcia Civil do Estado do Piau\u00ed, por meio da Delegacia de Jaic\u00f3s (PI), cumpriu, na manh\u00e3 desta ter\u00e7a-feira (26), dois mandados de pris\u00e3o preventiva em face de dois irm\u00e3os, pela pr\u00e1tica do crime de homic\u00eddio ocorrido no ano de 1998, na cidade de Varj\u00e3o (GO) . Na \u00e9poca do fato, os presos tiraram a [&hellip;]<\/p>\n","protected":false},"author":23,"featured_media":121616,"comment_status":"closed","ping_status":"closed","sticky":false,"template":"","format":"standard","meta":{"footnotes":""},"categories":[92,537],"tags":[2648,3792],"class_list":["post-121613","post","type-post","status-publish","format-standard","has-post-thumbnail","hentry","category-especializadas","category-ultimo-segundo","tag-decap","tag-varjao"],"rttpg_featured_image_url":{"full":["https:\/\/goias.gov.br\/policiacivil\/wp-content\/uploads\/sites\/71\/2023\/09\/whatsapp-image-2023-09-26-at-12.48.11.jpg",1200,1200,false],"landscape":["https:\/\/goias.gov.br\/policiacivil\/wp-content\/uploads\/sites\/71\/2023\/09\/whatsapp-image-2023-09-26-at-12.48.11.jpg",1200,1200,false],"portraits":["https:\/\/goias.gov.br\/policiacivil\/wp-content\/uploads\/sites\/71\/2023\/09\/whatsapp-image-2023-09-26-at-12.48.11.jpg",1200,1200,false],"thumbnail":["https:\/\/goias.gov.br\/policiacivil\/wp-content\/uploads\/sites\/71\/2023\/09\/whatsapp-image-2023-09-26-at-12.48.11-300x300.jpg",150,150,true],"medium":["https:\/\/goias.gov.br\/policiacivil\/wp-content\/uploads\/sites\/71\/2023\/09\/whatsapp-image-2023-09-26-at-12.48.11.jpg",300,300,false],"large":["https:\/\/goias.gov.br\/policiacivil\/wp-content\/uploads\/sites\/71\/2023\/09\/whatsapp-image-2023-09-26-at-12.48.11.jpg",1024,1024,false],"1536x1536":["https:\/\/goias.gov.br\/policiacivil\/wp-content\/uploads\/sites\/71\/2023\/09\/whatsapp-image-2023-09-26-at-12.48.11.jpg",1200,1200,false],"2048x2048":["https:\/\/goias.gov.br\/policiacivil\/wp-content\/uploads\/sites\/71\/2023\/09\/whatsapp-image-2023-09-26-at-12.48.11.jpg",1200,1200,false]},"rttpg_author":{"display_name":"claudiacury","author_link":"https:\/\/goias.gov.br\/policiacivil\/author\/claudiacury\/"},"rttpg_comment":0,"rttpg_category":"<a href=\"https:\/\/goias.gov.br\/policiacivil\/categoria\/delegacias\/especializadas\/\" rel=\"category tag\">Especializadas<\/a> <a href=\"https:\/\/goias.gov.br\/policiacivil\/categoria\/ultimo-segundo\/\" rel=\"category tag\">\u00daltimo Segundo<\/a>","rttpg_excerpt":"A Pol\u00edcia Civil do Estado do Piau\u00ed, por meio da Delegacia de Jaic\u00f3s (PI), cumpriu, na manh\u00e3 desta ter\u00e7a-feira (26), dois mandados de pris\u00e3o preventiva em face de dois irm\u00e3os, pela pr\u00e1tica do crime de homic\u00eddio ocorrido no ano de 1998, na cidade de Varj\u00e3o (GO) . Na \u00e9poca do fato, os presos tiraram a&hellip;","_links":{"self":[{"href":"https:\/\/goias.gov.br\/policiacivil\/wp-json\/wp\/v2\/posts\/121613","targetHints":{"allow":["GET"]}}],"collection":[{"href":"https:\/\/goias.gov.br\/policiacivil\/wp-json\/wp\/v2\/posts"}],"about":[{"href":"https:\/\/goias.gov.br\/policiacivil\/wp-json\/wp\/v2\/types\/post"}],"author":[{"embeddable":true,"href":"https:\/\/goias.gov.br\/policiacivil\/wp-json\/wp\/v2\/users\/23"}],"replies":[{"embeddable":true,"href":"https:\/\/goias.gov.br\/policiacivil\/wp-json\/wp\/v2\/comments?post=121613"}],"version-history":[{"count":1,"href":"https:\/\/goias.gov.br\/policiacivil\/wp-json\/wp\/v2\/posts\/121613\/revisions"}],"predecessor-version":[{"id":121617,"href":"https:\/\/goias.gov.br\/policiacivil\/wp-json\/wp\/v2\/posts\/121613\/revisions\/121617"}],"wp:featuredmedia":[{"embeddable":true,"href":"https:\/\/goias.gov.br\/policiacivil\/wp-json\/wp\/v2\/media\/121616"}],"wp:attachment":[{"href":"https:\/\/goias.gov.br\/policiacivil\/wp-json\/wp\/v2\/media?parent=121613"}],"wp:term":[{"taxonomy":"category","embeddable":true,"href":"https:\/\/goias.gov.br\/policiacivil\/wp-json\/wp\/v2\/categories?post=121613"},{"taxonomy":"post_tag","embeddable":true,"href":"https:\/\/goias.gov.br\/policiacivil\/wp-json\/wp\/v2\/tags?post=121613"}],"curies":[{"name":"wp","href":"https:\/\/api.w.org\/{rel}","templated":true}]}}