

{"id":121116,"date":"2023-09-19T11:34:34","date_gmt":"2023-09-19T14:34:34","guid":{"rendered":" https:\/\/goias.gov.br\/policiacivil\/?p=121116"},"modified":"2023-09-19T11:34:34","modified_gmt":"2023-09-19T14:34:34","slug":"adolescente-e-apreendido-por-ameaca","status":"publish","type":"post","link":"https:\/\/goias.gov.br\/policiacivil\/adolescente-e-apreendido-por-ameaca\/","title":{"rendered":"Adolescente \u00e9 apreendido por amea\u00e7a"},"content":{"rendered":"<p style=\"text-align: justify;\">A Pol\u00edcia Civil de Goi\u00e1s, atrav\u00e9s da Delegacia de Pol\u00edcia de Apura\u00e7\u00e3o de Atos Infracionais &#8211; 1\u00aa Delegacia Regional de Goi\u00e2nia, cumpriu mandado de busca e apreens\u00e3o contra um adolescente pela pratica de ato infracional an\u00e1logo ao crime de amea\u00e7a.<\/p>\n","protected":false},"excerpt":{"rendered":"<p>A Pol\u00edcia Civil de Goi\u00e1s, atrav\u00e9s da Delegacia de Pol\u00edcia de Apura\u00e7\u00e3o de Atos Infracionais &#8211; 1\u00aa Delegacia Regional de Goi\u00e2nia, cumpriu mandado de busca e apreens\u00e3o contra um adolescente pela pratica de ato infracional an\u00e1logo ao crime de amea\u00e7a.<\/p>\n","protected":false},"author":42,"featured_media":121117,"comment_status":"closed","ping_status":"closed","sticky":false,"template":"","format":"standard","meta":{"footnotes":""},"categories":[3188,2538,89,537],"tags":[],"class_list":["post-121116","post","type-post","status-publish","format-standard","has-post-thumbnail","hentry","category-1a-regional","category-delegacias","category-regionais","category-ultimo-segundo"],"rttpg_featured_image_url":{"full":["https:\/\/goias.gov.br\/policiacivil\/wp-content\/uploads\/sites\/71\/2023\/09\/whatsapp-image-2023-09-19-at-10.50.47.jpeg",1068,801,false],"landscape":["https:\/\/goias.gov.br\/policiacivil\/wp-content\/uploads\/sites\/71\/2023\/09\/whatsapp-image-2023-09-19-at-10.50.47.jpeg",1068,801,false],"portraits":["https:\/\/goias.gov.br\/policiacivil\/wp-content\/uploads\/sites\/71\/2023\/09\/whatsapp-image-2023-09-19-at-10.50.47.jpeg",1068,801,false],"thumbnail":["https:\/\/goias.gov.br\/policiacivil\/wp-content\/uploads\/sites\/71\/2023\/09\/whatsapp-image-2023-09-19-at-10.50.47-300x300.jpeg",150,150,true],"medium":["https:\/\/goias.gov.br\/policiacivil\/wp-content\/uploads\/sites\/71\/2023\/09\/whatsapp-image-2023-09-19-at-10.50.47-500x375.jpeg",300,225,true],"large":["https:\/\/goias.gov.br\/policiacivil\/wp-content\/uploads\/sites\/71\/2023\/09\/whatsapp-image-2023-09-19-at-10.50.47.jpeg",1024,768,false],"1536x1536":["https:\/\/goias.gov.br\/policiacivil\/wp-content\/uploads\/sites\/71\/2023\/09\/whatsapp-image-2023-09-19-at-10.50.47.jpeg",1068,801,false],"2048x2048":["https:\/\/goias.gov.br\/policiacivil\/wp-content\/uploads\/sites\/71\/2023\/09\/whatsapp-image-2023-09-19-at-10.50.47.jpeg",1068,801,false]},"rttpg_author":{"display_name":"carolinalima","author_link":"https:\/\/goias.gov.br\/policiacivil\/author\/carolinalima\/"},"rttpg_comment":0,"rttpg_category":"<a href=\"https:\/\/goias.gov.br\/policiacivil\/categoria\/drp\/1a-regional\/\" rel=\"category tag\">1\u00aa Regional<\/a> <a href=\"https:\/\/goias.gov.br\/policiacivil\/categoria\/delegacias\/\" rel=\"category tag\">Delegacias<\/a> <a href=\"https:\/\/goias.gov.br\/policiacivil\/categoria\/delegacias\/regionais\/\" rel=\"category tag\">Regionais<\/a> <a href=\"https:\/\/goias.gov.br\/policiacivil\/categoria\/ultimo-segundo\/\" rel=\"category tag\">\u00daltimo Segundo<\/a>","rttpg_excerpt":"A Pol\u00edcia Civil de Goi\u00e1s, atrav\u00e9s da Delegacia de Pol\u00edcia de Apura\u00e7\u00e3o de Atos Infracionais &#8211; 1\u00aa Delegacia Regional de Goi\u00e2nia, cumpriu mandado de busca e apreens\u00e3o contra um adolescente pela pratica de ato infracional an\u00e1logo ao crime de amea\u00e7a.","_links":{"self":[{"href":"https:\/\/goias.gov.br\/policiacivil\/wp-json\/wp\/v2\/posts\/121116","targetHints":{"allow":["GET"]}}],"collection":[{"href":"https:\/\/goias.gov.br\/policiacivil\/wp-json\/wp\/v2\/posts"}],"about":[{"href":"https:\/\/goias.gov.br\/policiacivil\/wp-json\/wp\/v2\/types\/post"}],"author":[{"embeddable":true,"href":"https:\/\/goias.gov.br\/policiacivil\/wp-json\/wp\/v2\/users\/42"}],"replies":[{"embeddable":true,"href":"https:\/\/goias.gov.br\/policiacivil\/wp-json\/wp\/v2\/comments?post=121116"}],"version-history":[{"count":1,"href":"https:\/\/goias.gov.br\/policiacivil\/wp-json\/wp\/v2\/posts\/121116\/revisions"}],"predecessor-version":[{"id":121118,"href":"https:\/\/goias.gov.br\/policiacivil\/wp-json\/wp\/v2\/posts\/121116\/revisions\/121118"}],"wp:featuredmedia":[{"embeddable":true,"href":"https:\/\/goias.gov.br\/policiacivil\/wp-json\/wp\/v2\/media\/121117"}],"wp:attachment":[{"href":"https:\/\/goias.gov.br\/policiacivil\/wp-json\/wp\/v2\/media?parent=121116"}],"wp:term":[{"taxonomy":"category","embeddable":true,"href":"https:\/\/goias.gov.br\/policiacivil\/wp-json\/wp\/v2\/categories?post=121116"},{"taxonomy":"post_tag","embeddable":true,"href":"https:\/\/goias.gov.br\/policiacivil\/wp-json\/wp\/v2\/tags?post=121116"}],"curies":[{"name":"wp","href":"https:\/\/api.w.org\/{rel}","templated":true}]}}