

{"id":120855,"date":"2023-09-12T16:47:54","date_gmt":"2023-09-12T19:47:54","guid":{"rendered":" https:\/\/goias.gov.br\/policiacivil\/?p=120855"},"modified":"2023-09-12T16:47:54","modified_gmt":"2023-09-12T19:47:54","slug":"mulher-e-presa-em-flagrante-por-dano-e-ameaca-a-avo","status":"publish","type":"post","link":"https:\/\/goias.gov.br\/policiacivil\/mulher-e-presa-em-flagrante-por-dano-e-ameaca-a-avo\/","title":{"rendered":"Mulher \u00e9 presa em flagrante por dano e amea\u00e7a \u00e0 av\u00f3"},"content":{"rendered":"<p style=\"text-align: justify;\">Hoje (12), a Pol\u00edcia Civil de Goi\u00e1s, por meio da Delegacia Especializada no Atendimento \u00e0 Mulher (Deam) Mulher de Senador Canedo, em a\u00e7\u00e3o coordenada com a Guarda Municipal, prendeu em flagrante uma mulher que, em posse de um fac\u00e3o, amea\u00e7ou a av\u00f3 de 75 anos. A autuada utilizou o fac\u00e3o para amea\u00e7ar a v\u00edtima e, ap\u00f3s danificar o medidor de energia, tentou for\u00e7ar a entrada na resid\u00eancia e, logo depois, fugiu.\u00a0A v\u00edtima idosa reside apenas com um filho cadeirante e relatou que a autuada \u00e9 agressiva e constantemente vai \u00e0 sua resid\u00eancia para amea\u00e7\u00e1-la, alegando at\u00e9 que vai atear fogo na casa. A mulher foi autuada por dano, amea\u00e7a e persegui\u00e7\u00e3o e foram solicitadas medidas protetivas em favor da v\u00edtima.<\/p>\n<p>&nbsp;<\/p>\n","protected":false},"excerpt":{"rendered":"<p>Hoje (12), a Pol\u00edcia Civil de Goi\u00e1s, por meio da Delegacia Especializada no Atendimento \u00e0 Mulher (Deam) Mulher de Senador Canedo, em a\u00e7\u00e3o coordenada com a Guarda Municipal, prendeu em flagrante uma mulher que, em posse de um fac\u00e3o, amea\u00e7ou a av\u00f3 de 75 anos. A autuada utilizou o fac\u00e3o para amea\u00e7ar a v\u00edtima e, [&hellip;]<\/p>\n","protected":false},"author":34,"featured_media":120856,"comment_status":"closed","ping_status":"closed","sticky":false,"template":"","format":"standard","meta":{"footnotes":""},"categories":[3190,2538,89,537],"tags":[],"class_list":["post-120855","post","type-post","status-publish","format-standard","has-post-thumbnail","hentry","category-3a-regional","category-delegacias","category-regionais","category-ultimo-segundo"],"rttpg_featured_image_url":{"full":["https:\/\/goias.gov.br\/policiacivil\/wp-content\/uploads\/sites\/71\/2023\/09\/whatsapp-image-2023-09-12-at-16.24.58.jpeg",1068,1068,false],"landscape":["https:\/\/goias.gov.br\/policiacivil\/wp-content\/uploads\/sites\/71\/2023\/09\/whatsapp-image-2023-09-12-at-16.24.58.jpeg",1068,1068,false],"portraits":["https:\/\/goias.gov.br\/policiacivil\/wp-content\/uploads\/sites\/71\/2023\/09\/whatsapp-image-2023-09-12-at-16.24.58.jpeg",1068,1068,false],"thumbnail":["https:\/\/goias.gov.br\/policiacivil\/wp-content\/uploads\/sites\/71\/2023\/09\/whatsapp-image-2023-09-12-at-16.24.58-300x300.jpeg",150,150,true],"medium":["https:\/\/goias.gov.br\/policiacivil\/wp-content\/uploads\/sites\/71\/2023\/09\/whatsapp-image-2023-09-12-at-16.24.58-500x500.jpeg",300,300,true],"large":["https:\/\/goias.gov.br\/policiacivil\/wp-content\/uploads\/sites\/71\/2023\/09\/whatsapp-image-2023-09-12-at-16.24.58-1068x1068.jpeg",1024,1024,true],"1536x1536":["https:\/\/goias.gov.br\/policiacivil\/wp-content\/uploads\/sites\/71\/2023\/09\/whatsapp-image-2023-09-12-at-16.24.58.jpeg",1068,1068,false],"2048x2048":["https:\/\/goias.gov.br\/policiacivil\/wp-content\/uploads\/sites\/71\/2023\/09\/whatsapp-image-2023-09-12-at-16.24.58.jpeg",1068,1068,false]},"rttpg_author":{"display_name":"celsoassis","author_link":"https:\/\/goias.gov.br\/policiacivil\/author\/celsoassis\/"},"rttpg_comment":0,"rttpg_category":"<a href=\"https:\/\/goias.gov.br\/policiacivil\/categoria\/drp\/3a-regional\/\" rel=\"category tag\">3\u00aa Regional<\/a> <a href=\"https:\/\/goias.gov.br\/policiacivil\/categoria\/delegacias\/\" rel=\"category tag\">Delegacias<\/a> <a href=\"https:\/\/goias.gov.br\/policiacivil\/categoria\/delegacias\/regionais\/\" rel=\"category tag\">Regionais<\/a> <a href=\"https:\/\/goias.gov.br\/policiacivil\/categoria\/ultimo-segundo\/\" rel=\"category tag\">\u00daltimo Segundo<\/a>","rttpg_excerpt":"Hoje (12), a Pol\u00edcia Civil de Goi\u00e1s, por meio da Delegacia Especializada no Atendimento \u00e0 Mulher (Deam) Mulher de Senador Canedo, em a\u00e7\u00e3o coordenada com a Guarda Municipal, prendeu em flagrante uma mulher que, em posse de um fac\u00e3o, amea\u00e7ou a av\u00f3 de 75 anos. A autuada utilizou o fac\u00e3o para amea\u00e7ar a v\u00edtima e,&hellip;","_links":{"self":[{"href":"https:\/\/goias.gov.br\/policiacivil\/wp-json\/wp\/v2\/posts\/120855","targetHints":{"allow":["GET"]}}],"collection":[{"href":"https:\/\/goias.gov.br\/policiacivil\/wp-json\/wp\/v2\/posts"}],"about":[{"href":"https:\/\/goias.gov.br\/policiacivil\/wp-json\/wp\/v2\/types\/post"}],"author":[{"embeddable":true,"href":"https:\/\/goias.gov.br\/policiacivil\/wp-json\/wp\/v2\/users\/34"}],"replies":[{"embeddable":true,"href":"https:\/\/goias.gov.br\/policiacivil\/wp-json\/wp\/v2\/comments?post=120855"}],"version-history":[{"count":1,"href":"https:\/\/goias.gov.br\/policiacivil\/wp-json\/wp\/v2\/posts\/120855\/revisions"}],"predecessor-version":[{"id":120857,"href":"https:\/\/goias.gov.br\/policiacivil\/wp-json\/wp\/v2\/posts\/120855\/revisions\/120857"}],"wp:featuredmedia":[{"embeddable":true,"href":"https:\/\/goias.gov.br\/policiacivil\/wp-json\/wp\/v2\/media\/120856"}],"wp:attachment":[{"href":"https:\/\/goias.gov.br\/policiacivil\/wp-json\/wp\/v2\/media?parent=120855"}],"wp:term":[{"taxonomy":"category","embeddable":true,"href":"https:\/\/goias.gov.br\/policiacivil\/wp-json\/wp\/v2\/categories?post=120855"},{"taxonomy":"post_tag","embeddable":true,"href":"https:\/\/goias.gov.br\/policiacivil\/wp-json\/wp\/v2\/tags?post=120855"}],"curies":[{"name":"wp","href":"https:\/\/api.w.org\/{rel}","templated":true}]}}