

{"id":120728,"date":"2023-09-06T10:32:46","date_gmt":"2023-09-06T13:32:46","guid":{"rendered":" https:\/\/goias.gov.br\/policiacivil\/?p=120728"},"modified":"2023-09-06T11:03:16","modified_gmt":"2023-09-06T14:03:16","slug":"maus-tratos-cadela-e-filhote-infestados-de-carrapatos-sao-resgatados-pela-pcgo","status":"publish","type":"post","link":"https:\/\/goias.gov.br\/policiacivil\/maus-tratos-cadela-e-filhote-infestados-de-carrapatos-sao-resgatados-pela-pcgo\/","title":{"rendered":"Maus-tratos: Cadela e filhote infestados de carrapatos s\u00e3o resgatados pela PCGO"},"content":{"rendered":"<p style=\"text-align: justify;\"><img fetchpriority=\"high\" decoding=\"async\" class=\" wp-image-120729 alignleft\" src=\" https:\/\/goias.gov.br\/policiacivil\/wp-content\/uploads\/sites\/71\/2023\/09\/design-sem-nome-4.png\" alt=\"\" width=\"507\" height=\"286\" srcset=\"https:\/\/goias.gov.br\/policiacivil\/wp-content\/uploads\/sites\/71\/2023\/09\/design-sem-nome-4.png 1068w, https:\/\/goias.gov.br\/policiacivil\/wp-content\/uploads\/sites\/71\/2023\/09\/design-sem-nome-4-500x282.png 500w, https:\/\/goias.gov.br\/policiacivil\/wp-content\/uploads\/sites\/71\/2023\/09\/design-sem-nome-4-768x433.png 768w, https:\/\/goias.gov.br\/policiacivil\/wp-content\/uploads\/sites\/71\/2023\/09\/design-sem-nome-4-696x392.png 696w, https:\/\/goias.gov.br\/policiacivil\/wp-content\/uploads\/sites\/71\/2023\/09\/design-sem-nome-4-745x420.png 745w\" sizes=\"(max-width: 507px) 100vw, 507px\" \/>A Pol\u00edcia Civil de Goi\u00e1s, por meio do Grupo de Prote\u00e7\u00e3o Animal, resgatou nesta ter\u00e7a-feira (5), em Goi\u00e2nia, uma cadela e seu filhote, v\u00edtimas de maus-tratos. O caso chegou at\u00e9 a equipe policial atrav\u00e9s do disque-den\u00fancia (197).<\/p>\n<p style=\"text-align: justify;\">Segundo a den\u00fancia, a cadela havia parido dez filhotes, contudo, devido \u00e0 omiss\u00e3o dos tutores, nove morreram. O filhote sobrevivente estava muito doente e, tanto ele, quanto sua m\u00e3e, estavam infestados de carrapatos.<\/p>\n<p style=\"text-align: justify;\">A equipe policial esteve no local e verificou que os animais estavam em total situa\u00e7\u00e3o de maus-tratos, magros e com muitos ectoparasitas. O filhote foi encontrado praticamente desacordado, apresentando mucosa branca e sinal de apatia. Foi realizada uma per\u00edcia no local e comprovada a situa\u00e7\u00e3o de crime.\u00a0Infelizmente, o filhote n\u00e3o resistiu e morreu nesta madrugada (6).<\/p>\n<p style=\"text-align: justify;\">Ser\u00e1 instaurado inqu\u00e9rito policial, a fim apurar o crime de maus-tratos, cuja pena \u00e9 de dois a cinco anos de pris\u00e3o, com causa de aumento de at\u00e9 1\/3 devido ao resultado morte.<\/p>\n","protected":false},"excerpt":{"rendered":"<p>A Pol\u00edcia Civil de Goi\u00e1s, por meio do Grupo de Prote\u00e7\u00e3o Animal, resgatou nesta ter\u00e7a-feira (5), em Goi\u00e2nia, uma cadela e seu filhote, v\u00edtimas de maus-tratos. O caso chegou at\u00e9 a equipe policial atrav\u00e9s do disque-den\u00fancia (197). Segundo a den\u00fancia, a cadela havia parido dez filhotes, contudo, devido \u00e0 omiss\u00e3o dos tutores, nove morreram. O [&hellip;]<\/p>\n","protected":false},"author":42,"featured_media":120731,"comment_status":"closed","ping_status":"closed","sticky":false,"template":"","format":"standard","meta":{"footnotes":""},"categories":[2538,6069],"tags":[1375,1335,9393],"class_list":["post-120728","post","type-post","status-publish","format-standard","has-post-thumbnail","hentry","category-delegacias","category-noticias-da-policia-civil","tag-dema","tag-goiania","tag-gpa"],"rttpg_featured_image_url":{"full":["https:\/\/goias.gov.br\/policiacivil\/wp-content\/uploads\/sites\/71\/2023\/09\/design-sem-nome-5.png",1068,602,false],"landscape":["https:\/\/goias.gov.br\/policiacivil\/wp-content\/uploads\/sites\/71\/2023\/09\/design-sem-nome-5.png",1068,602,false],"portraits":["https:\/\/goias.gov.br\/policiacivil\/wp-content\/uploads\/sites\/71\/2023\/09\/design-sem-nome-5.png",1068,602,false],"thumbnail":["https:\/\/goias.gov.br\/policiacivil\/wp-content\/uploads\/sites\/71\/2023\/09\/design-sem-nome-5-300x300.png",150,150,true],"medium":["https:\/\/goias.gov.br\/policiacivil\/wp-content\/uploads\/sites\/71\/2023\/09\/design-sem-nome-5-500x282.png",300,169,true],"large":["https:\/\/goias.gov.br\/policiacivil\/wp-content\/uploads\/sites\/71\/2023\/09\/design-sem-nome-5.png",1024,577,false],"1536x1536":["https:\/\/goias.gov.br\/policiacivil\/wp-content\/uploads\/sites\/71\/2023\/09\/design-sem-nome-5.png",1068,602,false],"2048x2048":["https:\/\/goias.gov.br\/policiacivil\/wp-content\/uploads\/sites\/71\/2023\/09\/design-sem-nome-5.png",1068,602,false]},"rttpg_author":{"display_name":"carolinalima","author_link":"https:\/\/goias.gov.br\/policiacivil\/author\/carolinalima\/"},"rttpg_comment":0,"rttpg_category":"<a href=\"https:\/\/goias.gov.br\/policiacivil\/categoria\/delegacias\/\" rel=\"category tag\">Delegacias<\/a> <a href=\"https:\/\/goias.gov.br\/policiacivil\/categoria\/noticias\/noticias-da-policia-civil\/\" rel=\"category tag\">Not\u00edcias da Pol\u00edcia Civil<\/a>","rttpg_excerpt":"A Pol\u00edcia Civil de Goi\u00e1s, por meio do Grupo de Prote\u00e7\u00e3o Animal, resgatou nesta ter\u00e7a-feira (5), em Goi\u00e2nia, uma cadela e seu filhote, v\u00edtimas de maus-tratos. O caso chegou at\u00e9 a equipe policial atrav\u00e9s do disque-den\u00fancia (197). Segundo a den\u00fancia, a cadela havia parido dez filhotes, contudo, devido \u00e0 omiss\u00e3o dos tutores, nove morreram. O&hellip;","_links":{"self":[{"href":"https:\/\/goias.gov.br\/policiacivil\/wp-json\/wp\/v2\/posts\/120728","targetHints":{"allow":["GET"]}}],"collection":[{"href":"https:\/\/goias.gov.br\/policiacivil\/wp-json\/wp\/v2\/posts"}],"about":[{"href":"https:\/\/goias.gov.br\/policiacivil\/wp-json\/wp\/v2\/types\/post"}],"author":[{"embeddable":true,"href":"https:\/\/goias.gov.br\/policiacivil\/wp-json\/wp\/v2\/users\/42"}],"replies":[{"embeddable":true,"href":"https:\/\/goias.gov.br\/policiacivil\/wp-json\/wp\/v2\/comments?post=120728"}],"version-history":[{"count":3,"href":"https:\/\/goias.gov.br\/policiacivil\/wp-json\/wp\/v2\/posts\/120728\/revisions"}],"predecessor-version":[{"id":120733,"href":"https:\/\/goias.gov.br\/policiacivil\/wp-json\/wp\/v2\/posts\/120728\/revisions\/120733"}],"wp:featuredmedia":[{"embeddable":true,"href":"https:\/\/goias.gov.br\/policiacivil\/wp-json\/wp\/v2\/media\/120731"}],"wp:attachment":[{"href":"https:\/\/goias.gov.br\/policiacivil\/wp-json\/wp\/v2\/media?parent=120728"}],"wp:term":[{"taxonomy":"category","embeddable":true,"href":"https:\/\/goias.gov.br\/policiacivil\/wp-json\/wp\/v2\/categories?post=120728"},{"taxonomy":"post_tag","embeddable":true,"href":"https:\/\/goias.gov.br\/policiacivil\/wp-json\/wp\/v2\/tags?post=120728"}],"curies":[{"name":"wp","href":"https:\/\/api.w.org\/{rel}","templated":true}]}}