

{"id":120556,"date":"2023-09-01T17:57:03","date_gmt":"2023-09-01T20:57:03","guid":{"rendered":" https:\/\/goias.gov.br\/policiacivil\/?p=120556"},"modified":"2023-09-01T17:57:14","modified_gmt":"2023-09-01T20:57:14","slug":"pc-prende-suspeito-por-trafico-drogas-estavam-escondidas-em-quintal-em-itumbiara","status":"publish","type":"post","link":"https:\/\/goias.gov.br\/policiacivil\/pc-prende-suspeito-por-trafico-drogas-estavam-escondidas-em-quintal-em-itumbiara\/","title":{"rendered":"PC prende suspeito por tr\u00e1fico; drogas estavam escondidas em quintal, em Itumbiara"},"content":{"rendered":"<p style=\"text-align: justify;\"><img fetchpriority=\"high\" decoding=\"async\" class=\" wp-image-120557 alignleft\" src=\" https:\/\/goias.gov.br\/policiacivil\/wp-content\/uploads\/sites\/71\/2023\/09\/whatsapp-image-2023-09-01-at-16.57.11-500x374.jpeg\" alt=\"\" width=\"321\" height=\"240\" srcset=\"https:\/\/goias.gov.br\/policiacivil\/wp-content\/uploads\/sites\/71\/2023\/09\/whatsapp-image-2023-09-01-at-16.57.11-500x374.jpeg 500w, https:\/\/goias.gov.br\/policiacivil\/wp-content\/uploads\/sites\/71\/2023\/09\/whatsapp-image-2023-09-01-at-16.57.11-768x575.jpeg 768w, https:\/\/goias.gov.br\/policiacivil\/wp-content\/uploads\/sites\/71\/2023\/09\/whatsapp-image-2023-09-01-at-16.57.11-80x60.jpeg 80w, https:\/\/goias.gov.br\/policiacivil\/wp-content\/uploads\/sites\/71\/2023\/09\/whatsapp-image-2023-09-01-at-16.57.11-160x120.jpeg 160w, https:\/\/goias.gov.br\/policiacivil\/wp-content\/uploads\/sites\/71\/2023\/09\/whatsapp-image-2023-09-01-at-16.57.11-265x198.jpeg 265w, https:\/\/goias.gov.br\/policiacivil\/wp-content\/uploads\/sites\/71\/2023\/09\/whatsapp-image-2023-09-01-at-16.57.11-530x396.jpeg 530w, https:\/\/goias.gov.br\/policiacivil\/wp-content\/uploads\/sites\/71\/2023\/09\/whatsapp-image-2023-09-01-at-16.57.11-696x521.jpeg 696w, https:\/\/goias.gov.br\/policiacivil\/wp-content\/uploads\/sites\/71\/2023\/09\/whatsapp-image-2023-09-01-at-16.57.11-561x420.jpeg 561w, https:\/\/goias.gov.br\/policiacivil\/wp-content\/uploads\/sites\/71\/2023\/09\/whatsapp-image-2023-09-01-at-16.57.11.jpeg 1024w\" sizes=\"(max-width: 321px) 100vw, 321px\" \/>Na manh\u00e3 de hoje (1\u00ba), a Pol\u00edcia Civil, por meio do Grupo de Repress\u00e3o a Narc\u00f3ticos (Genarc) de Itumbiara, efetuou a pris\u00e3o de um homem de 22 anos por tr\u00e1fico de drogas, no setor Nossa Senhora da Sa\u00fade. Os policiais civis apreenderam por\u00e7\u00f5es de crack, coca\u00edna e maconha que estavam enterradas na resid\u00eancia do investigado. O indiv\u00edduo, que possui anota\u00e7\u00f5es criminais por tr\u00e1fico de drogas, associa\u00e7\u00e3o para o tr\u00e1fico, recepta\u00e7\u00e3o e apropria\u00e7\u00e3o ind\u00e9bita, foi conduzido \u00e0 sede do Genarc, onde foi autuado em flagrante.<\/p>\n","protected":false},"excerpt":{"rendered":"<p>Na manh\u00e3 de hoje (1\u00ba), a Pol\u00edcia Civil, por meio do Grupo de Repress\u00e3o a Narc\u00f3ticos (Genarc) de Itumbiara, efetuou a pris\u00e3o de um homem de 22 anos por tr\u00e1fico de drogas, no setor Nossa Senhora da Sa\u00fade. Os policiais civis apreenderam por\u00e7\u00f5es de crack, coca\u00edna e maconha que estavam enterradas na resid\u00eancia do investigado. [&hellip;]<\/p>\n","protected":false},"author":34,"featured_media":120557,"comment_status":"closed","ping_status":"closed","sticky":false,"template":"","format":"standard","meta":{"footnotes":""},"categories":[3193,2538,89,537],"tags":[314,16],"class_list":["post-120556","post","type-post","status-publish","format-standard","has-post-thumbnail","hentry","category-6a-regional","category-delegacias","category-regionais","category-ultimo-segundo","tag-drogas","tag-itumbiara"],"rttpg_featured_image_url":{"full":["https:\/\/goias.gov.br\/policiacivil\/wp-content\/uploads\/sites\/71\/2023\/09\/whatsapp-image-2023-09-01-at-16.57.11.jpeg",1024,766,false],"landscape":["https:\/\/goias.gov.br\/policiacivil\/wp-content\/uploads\/sites\/71\/2023\/09\/whatsapp-image-2023-09-01-at-16.57.11.jpeg",1024,766,false],"portraits":["https:\/\/goias.gov.br\/policiacivil\/wp-content\/uploads\/sites\/71\/2023\/09\/whatsapp-image-2023-09-01-at-16.57.11.jpeg",1024,766,false],"thumbnail":["https:\/\/goias.gov.br\/policiacivil\/wp-content\/uploads\/sites\/71\/2023\/09\/whatsapp-image-2023-09-01-at-16.57.11-300x300.jpeg",150,150,true],"medium":["https:\/\/goias.gov.br\/policiacivil\/wp-content\/uploads\/sites\/71\/2023\/09\/whatsapp-image-2023-09-01-at-16.57.11-500x374.jpeg",300,224,true],"large":["https:\/\/goias.gov.br\/policiacivil\/wp-content\/uploads\/sites\/71\/2023\/09\/whatsapp-image-2023-09-01-at-16.57.11.jpeg",1024,766,false],"1536x1536":["https:\/\/goias.gov.br\/policiacivil\/wp-content\/uploads\/sites\/71\/2023\/09\/whatsapp-image-2023-09-01-at-16.57.11.jpeg",1024,766,false],"2048x2048":["https:\/\/goias.gov.br\/policiacivil\/wp-content\/uploads\/sites\/71\/2023\/09\/whatsapp-image-2023-09-01-at-16.57.11.jpeg",1024,766,false]},"rttpg_author":{"display_name":"celsoassis","author_link":"https:\/\/goias.gov.br\/policiacivil\/author\/celsoassis\/"},"rttpg_comment":0,"rttpg_category":"<a href=\"https:\/\/goias.gov.br\/policiacivil\/categoria\/drp\/6a-regional\/\" rel=\"category tag\">6\u00aa Regional<\/a> <a href=\"https:\/\/goias.gov.br\/policiacivil\/categoria\/delegacias\/\" rel=\"category tag\">Delegacias<\/a> <a href=\"https:\/\/goias.gov.br\/policiacivil\/categoria\/delegacias\/regionais\/\" rel=\"category tag\">Regionais<\/a> <a href=\"https:\/\/goias.gov.br\/policiacivil\/categoria\/ultimo-segundo\/\" rel=\"category tag\">\u00daltimo Segundo<\/a>","rttpg_excerpt":"Na manh\u00e3 de hoje (1\u00ba), a Pol\u00edcia Civil, por meio do Grupo de Repress\u00e3o a Narc\u00f3ticos (Genarc) de Itumbiara, efetuou a pris\u00e3o de um homem de 22 anos por tr\u00e1fico de drogas, no setor Nossa Senhora da Sa\u00fade. Os policiais civis apreenderam por\u00e7\u00f5es de crack, coca\u00edna e maconha que estavam enterradas na resid\u00eancia do investigado.&hellip;","_links":{"self":[{"href":"https:\/\/goias.gov.br\/policiacivil\/wp-json\/wp\/v2\/posts\/120556","targetHints":{"allow":["GET"]}}],"collection":[{"href":"https:\/\/goias.gov.br\/policiacivil\/wp-json\/wp\/v2\/posts"}],"about":[{"href":"https:\/\/goias.gov.br\/policiacivil\/wp-json\/wp\/v2\/types\/post"}],"author":[{"embeddable":true,"href":"https:\/\/goias.gov.br\/policiacivil\/wp-json\/wp\/v2\/users\/34"}],"replies":[{"embeddable":true,"href":"https:\/\/goias.gov.br\/policiacivil\/wp-json\/wp\/v2\/comments?post=120556"}],"version-history":[{"count":1,"href":"https:\/\/goias.gov.br\/policiacivil\/wp-json\/wp\/v2\/posts\/120556\/revisions"}],"predecessor-version":[{"id":120558,"href":"https:\/\/goias.gov.br\/policiacivil\/wp-json\/wp\/v2\/posts\/120556\/revisions\/120558"}],"wp:featuredmedia":[{"embeddable":true,"href":"https:\/\/goias.gov.br\/policiacivil\/wp-json\/wp\/v2\/media\/120557"}],"wp:attachment":[{"href":"https:\/\/goias.gov.br\/policiacivil\/wp-json\/wp\/v2\/media?parent=120556"}],"wp:term":[{"taxonomy":"category","embeddable":true,"href":"https:\/\/goias.gov.br\/policiacivil\/wp-json\/wp\/v2\/categories?post=120556"},{"taxonomy":"post_tag","embeddable":true,"href":"https:\/\/goias.gov.br\/policiacivil\/wp-json\/wp\/v2\/tags?post=120556"}],"curies":[{"name":"wp","href":"https:\/\/api.w.org\/{rel}","templated":true}]}}