

{"id":120046,"date":"2023-08-25T13:25:41","date_gmt":"2023-08-25T16:25:41","guid":{"rendered":" https:\/\/goias.gov.br\/policiacivil\/?p=120046"},"modified":"2023-08-25T13:27:51","modified_gmt":"2023-08-25T16:27:51","slug":"direcao-da-pcgo-visita-sede-reformada-da-dercap-decon","status":"publish","type":"post","link":"https:\/\/goias.gov.br\/policiacivil\/direcao-da-pcgo-visita-sede-reformada-da-dercap-decon\/","title":{"rendered":"Dire\u00e7\u00e3o da PCGO visita sede reformada da Dercap\/Decon"},"content":{"rendered":"<p style=\"text-align: justify;\">O Delegado-Geral da Pol\u00edcia Civil de Goi\u00e1s (PCGO), Andr\u00e9 Ganga, a superintendente de Gest\u00e3o Integrada, Renata Cheim, o superintendente de Identifica\u00e7\u00e3o Humana, Webert Leonardo e o gerente de Assessoria Setorial, Germano Melo, realizaram na manh\u00e3 desta sexta-feira (25), uma visita t\u00e9cnica ao pr\u00e9dio rec\u00e9m-reformado da Delegacia Estadual de Repress\u00e3o a Crimes Contra a Administra\u00e7\u00e3o P\u00fablica (Dercap)\/Delegacia Estadual de Repress\u00e3o a Crimes Contra o Consumidor (Decon). Na ocasi\u00e3o, a dire\u00e7\u00e3o da PCGO foi recepcionada pelos delegados Frederico Maciel, titular da Decon, e pela delegada D\u00e9bora Melo. A sede\u00a0 teve seu espa\u00e7o f\u00edsico revitalizado visando proporcionar melhores condi\u00e7\u00f5es de trabalho aos policiais civis e, consequentemente, no atendimento \u00e0 popula\u00e7\u00e3o.<\/p>\n<p><strong>Imagens do pr\u00e9dio antes da reforma:<\/strong><\/p>\n<div id='gallery-1' class='gallery galleryid-120046 gallery-columns-3 gallery-size-thumbnail'><figure class='gallery-item'>\n\t\t\t<div class='gallery-icon landscape'>\n\t\t\t\t<a href='https:\/\/goias.gov.br\/policiacivil\/direcao-da-pcgo-visita-sede-reformada-da-dercap-decon\/whatsapp-image-2023-08-25-at-12-25-22-1\/'><img decoding=\"async\" width=\"150\" height=\"150\" src=\"https:\/\/goias.gov.br\/policiacivil\/wp-content\/uploads\/sites\/71\/2023\/08\/whatsapp-image-2023-08-25-at-12.25.22-1-300x300.jpeg\" class=\"attachment-thumbnail size-thumbnail\" alt=\"\" \/><\/a>\n\t\t\t<\/div><\/figure><figure class='gallery-item'>\n\t\t\t<div class='gallery-icon landscape'>\n\t\t\t\t<a href='https:\/\/goias.gov.br\/policiacivil\/direcao-da-pcgo-visita-sede-reformada-da-dercap-decon\/whatsapp-image-2023-08-25-at-12-25-24\/'><img decoding=\"async\" width=\"150\" height=\"150\" src=\"https:\/\/goias.gov.br\/policiacivil\/wp-content\/uploads\/sites\/71\/2023\/08\/whatsapp-image-2023-08-25-at-12.25.24-300x300.jpeg\" class=\"attachment-thumbnail size-thumbnail\" alt=\"\" \/><\/a>\n\t\t\t<\/div><\/figure>\n\t\t<\/div>\n\n<p><strong>Imagens do pr\u00e9dio ap\u00f3s a reforma:<\/strong><\/p>\n<div id='gallery-2' class='gallery galleryid-120046 gallery-columns-3 gallery-size-thumbnail'><figure class='gallery-item'>\n\t\t\t<div class='gallery-icon landscape'>\n\t\t\t\t<a href='https:\/\/goias.gov.br\/policiacivil\/direcao-da-pcgo-visita-sede-reformada-da-dercap-decon\/whatsapp-image-2023-08-25-at-10-44-55\/'><img decoding=\"async\" width=\"150\" height=\"150\" src=\"https:\/\/goias.gov.br\/policiacivil\/wp-content\/uploads\/sites\/71\/2023\/08\/whatsapp-image-2023-08-25-at-10.44.55-300x300.jpeg\" class=\"attachment-thumbnail size-thumbnail\" alt=\"\" \/><\/a>\n\t\t\t<\/div><\/figure><figure class='gallery-item'>\n\t\t\t<div class='gallery-icon portrait'>\n\t\t\t\t<a href='https:\/\/goias.gov.br\/policiacivil\/direcao-da-pcgo-visita-sede-reformada-da-dercap-decon\/whatsapp-image-2023-08-25-at-09-38-18\/'><img loading=\"lazy\" decoding=\"async\" width=\"150\" height=\"150\" src=\"https:\/\/goias.gov.br\/policiacivil\/wp-content\/uploads\/sites\/71\/2023\/08\/whatsapp-image-2023-08-25-at-09.38.18-300x300.jpeg\" class=\"attachment-thumbnail size-thumbnail\" alt=\"\" srcset=\"https:\/\/goias.gov.br\/policiacivil\/wp-content\/uploads\/sites\/71\/2023\/08\/whatsapp-image-2023-08-25-at-09.38.18-300x300.jpeg 300w, https:\/\/goias.gov.br\/policiacivil\/wp-content\/uploads\/sites\/71\/2023\/08\/whatsapp-image-2023-08-25-at-09.38.18-768x770.jpeg 768w\" sizes=\"(max-width: 150px) 100vw, 150px\" \/><\/a>\n\t\t\t<\/div><\/figure>\n\t\t<\/div>\n\n","protected":false},"excerpt":{"rendered":"<p>O Delegado-Geral da Pol\u00edcia Civil de Goi\u00e1s (PCGO), Andr\u00e9 Ganga, a superintendente de Gest\u00e3o Integrada, Renata Cheim, o superintendente de Identifica\u00e7\u00e3o Humana, Webert Leonardo e o gerente de Assessoria Setorial, Germano Melo, realizaram na manh\u00e3 desta sexta-feira (25), uma visita t\u00e9cnica ao pr\u00e9dio rec\u00e9m-reformado da Delegacia Estadual de Repress\u00e3o a Crimes Contra a Administra\u00e7\u00e3o P\u00fablica [&hellip;]<\/p>\n","protected":false},"author":42,"featured_media":120047,"comment_status":"closed","ping_status":"closed","sticky":false,"template":"","format":"standard","meta":{"footnotes":""},"categories":[2538,92,6069],"tags":[380,2381,1335],"class_list":["post-120046","post","type-post","status-publish","format-standard","has-post-thumbnail","hentry","category-delegacias","category-especializadas","category-noticias-da-policia-civil","tag-decon","tag-dercap","tag-goiania"],"rttpg_featured_image_url":{"full":["https:\/\/goias.gov.br\/policiacivil\/wp-content\/uploads\/sites\/71\/2023\/08\/design-sem-nome.png",600,600,false],"landscape":["https:\/\/goias.gov.br\/policiacivil\/wp-content\/uploads\/sites\/71\/2023\/08\/design-sem-nome.png",600,600,false],"portraits":["https:\/\/goias.gov.br\/policiacivil\/wp-content\/uploads\/sites\/71\/2023\/08\/design-sem-nome.png",600,600,false],"thumbnail":["https:\/\/goias.gov.br\/policiacivil\/wp-content\/uploads\/sites\/71\/2023\/08\/design-sem-nome-300x300.png",150,150,true],"medium":["https:\/\/goias.gov.br\/policiacivil\/wp-content\/uploads\/sites\/71\/2023\/08\/design-sem-nome-500x500.png",300,300,true],"large":["https:\/\/goias.gov.br\/policiacivil\/wp-content\/uploads\/sites\/71\/2023\/08\/design-sem-nome.png",600,600,false],"1536x1536":["https:\/\/goias.gov.br\/policiacivil\/wp-content\/uploads\/sites\/71\/2023\/08\/design-sem-nome.png",600,600,false],"2048x2048":["https:\/\/goias.gov.br\/policiacivil\/wp-content\/uploads\/sites\/71\/2023\/08\/design-sem-nome.png",600,600,false]},"rttpg_author":{"display_name":"carolinalima","author_link":"https:\/\/goias.gov.br\/policiacivil\/author\/carolinalima\/"},"rttpg_comment":0,"rttpg_category":"<a href=\"https:\/\/goias.gov.br\/policiacivil\/categoria\/delegacias\/\" rel=\"category tag\">Delegacias<\/a> <a href=\"https:\/\/goias.gov.br\/policiacivil\/categoria\/delegacias\/especializadas\/\" rel=\"category tag\">Especializadas<\/a> <a href=\"https:\/\/goias.gov.br\/policiacivil\/categoria\/noticias\/noticias-da-policia-civil\/\" rel=\"category tag\">Not\u00edcias da Pol\u00edcia Civil<\/a>","rttpg_excerpt":"O Delegado-Geral da Pol\u00edcia Civil de Goi\u00e1s (PCGO), Andr\u00e9 Ganga, a superintendente de Gest\u00e3o Integrada, Renata Cheim, o superintendente de Identifica\u00e7\u00e3o Humana, Webert Leonardo e o gerente de Assessoria Setorial, Germano Melo, realizaram na manh\u00e3 desta sexta-feira (25), uma visita t\u00e9cnica ao pr\u00e9dio rec\u00e9m-reformado da Delegacia Estadual de Repress\u00e3o a Crimes Contra a Administra\u00e7\u00e3o P\u00fablica&hellip;","_links":{"self":[{"href":"https:\/\/goias.gov.br\/policiacivil\/wp-json\/wp\/v2\/posts\/120046","targetHints":{"allow":["GET"]}}],"collection":[{"href":"https:\/\/goias.gov.br\/policiacivil\/wp-json\/wp\/v2\/posts"}],"about":[{"href":"https:\/\/goias.gov.br\/policiacivil\/wp-json\/wp\/v2\/types\/post"}],"author":[{"embeddable":true,"href":"https:\/\/goias.gov.br\/policiacivil\/wp-json\/wp\/v2\/users\/42"}],"replies":[{"embeddable":true,"href":"https:\/\/goias.gov.br\/policiacivil\/wp-json\/wp\/v2\/comments?post=120046"}],"version-history":[{"count":3,"href":"https:\/\/goias.gov.br\/policiacivil\/wp-json\/wp\/v2\/posts\/120046\/revisions"}],"predecessor-version":[{"id":120054,"href":"https:\/\/goias.gov.br\/policiacivil\/wp-json\/wp\/v2\/posts\/120046\/revisions\/120054"}],"wp:featuredmedia":[{"embeddable":true,"href":"https:\/\/goias.gov.br\/policiacivil\/wp-json\/wp\/v2\/media\/120047"}],"wp:attachment":[{"href":"https:\/\/goias.gov.br\/policiacivil\/wp-json\/wp\/v2\/media?parent=120046"}],"wp:term":[{"taxonomy":"category","embeddable":true,"href":"https:\/\/goias.gov.br\/policiacivil\/wp-json\/wp\/v2\/categories?post=120046"},{"taxonomy":"post_tag","embeddable":true,"href":"https:\/\/goias.gov.br\/policiacivil\/wp-json\/wp\/v2\/tags?post=120046"}],"curies":[{"name":"wp","href":"https:\/\/api.w.org\/{rel}","templated":true}]}}