

{"id":119924,"date":"2023-08-23T16:43:19","date_gmt":"2023-08-23T19:43:19","guid":{"rendered":" https:\/\/goias.gov.br\/policiacivil\/?p=119924"},"modified":"2023-08-23T16:43:19","modified_gmt":"2023-08-23T19:43:19","slug":"delegadas-de-goias-e-itapuranga-participam-de-seminario-sobre-os-17-anos-da-lei-maria-da-penha","status":"publish","type":"post","link":"https:\/\/goias.gov.br\/policiacivil\/delegadas-de-goias-e-itapuranga-participam-de-seminario-sobre-os-17-anos-da-lei-maria-da-penha\/","title":{"rendered":"Delegadas de Goi\u00e1s e Itapuranga participam de semin\u00e1rio sobre os 17 anos da Lei Maria da Penha"},"content":{"rendered":"<p style=\"text-align: justify;\">Nessa ter\u00e7a-feira (22), a Delegacia Especializada no Atendimento \u00e0 Mulher (Deam) da Cidade de Goi\u00e1s participou do Semin\u00e1rio &#8220;17 anos da Lei Maria da Penha: aplica\u00e7\u00e3o, desafios e perspectivas&#8221;, realizado pelo CEAM e UFG-Campus Goi\u00e1s, no qual foram palestrantes integrantes da Pol\u00edcia Civil (delegada Amanda Alvarenga &#8211; Deam\/Goi\u00e1s) e Giovana Piloto (delegada da Delegacia de Itapuranga), bem como representantes dos Poderes Executivo, Legislativo e Judici\u00e1rio com atua\u00e7\u00e3o no munic\u00edpio de Goi\u00e1s.<\/p>\n<p>&nbsp;<\/p>\n<div id='gallery-1' class='gallery galleryid-119924 gallery-columns-3 gallery-size-thumbnail'><figure class='gallery-item'>\n\t\t\t<div class='gallery-icon landscape'>\n\t\t\t\t<a href='https:\/\/goias.gov.br\/policiacivil\/wp-content\/uploads\/sites\/71\/2023\/08\/whatsapp-image-2023-08-23-at-16.01.31-1.jpeg'><img decoding=\"async\" width=\"150\" height=\"150\" src=\"https:\/\/goias.gov.br\/policiacivil\/wp-content\/uploads\/sites\/71\/2023\/08\/whatsapp-image-2023-08-23-at-16.01.31-1-300x300.jpeg\" class=\"attachment-thumbnail size-thumbnail\" alt=\"\" \/><\/a>\n\t\t\t<\/div><\/figure><figure class='gallery-item'>\n\t\t\t<div class='gallery-icon portrait'>\n\t\t\t\t<a href='https:\/\/goias.gov.br\/policiacivil\/wp-content\/uploads\/sites\/71\/2023\/08\/whatsapp-image-2023-08-23-at-16.01.31.jpeg'><img decoding=\"async\" width=\"150\" height=\"150\" src=\"https:\/\/goias.gov.br\/policiacivil\/wp-content\/uploads\/sites\/71\/2023\/08\/whatsapp-image-2023-08-23-at-16.01.31-300x300.jpeg\" class=\"attachment-thumbnail size-thumbnail\" alt=\"\" \/><\/a>\n\t\t\t<\/div><\/figure><figure class='gallery-item'>\n\t\t\t<div class='gallery-icon portrait'>\n\t\t\t\t<a href='https:\/\/goias.gov.br\/policiacivil\/wp-content\/uploads\/sites\/71\/2023\/08\/whatsapp-image-2023-08-23-at-16.01.32.jpeg'><img decoding=\"async\" width=\"150\" height=\"150\" src=\"https:\/\/goias.gov.br\/policiacivil\/wp-content\/uploads\/sites\/71\/2023\/08\/whatsapp-image-2023-08-23-at-16.01.32-300x300.jpeg\" class=\"attachment-thumbnail size-thumbnail\" alt=\"\" \/><\/a>\n\t\t\t<\/div><\/figure>\n\t\t<\/div>\n\n","protected":false},"excerpt":{"rendered":"<p>Nessa ter\u00e7a-feira (22), a Delegacia Especializada no Atendimento \u00e0 Mulher (Deam) da Cidade de Goi\u00e1s participou do Semin\u00e1rio &#8220;17 anos da Lei Maria da Penha: aplica\u00e7\u00e3o, desafios e perspectivas&#8221;, realizado pelo CEAM e UFG-Campus Goi\u00e1s, no qual foram palestrantes integrantes da Pol\u00edcia Civil (delegada Amanda Alvarenga &#8211; Deam\/Goi\u00e1s) e Giovana Piloto (delegada da Delegacia de [&hellip;]<\/p>\n","protected":false},"author":34,"featured_media":119927,"comment_status":"closed","ping_status":"closed","sticky":false,"template":"","format":"standard","meta":{"footnotes":""},"categories":[3191,2538,89,537],"tags":[2210,3935],"class_list":["post-119924","post","type-post","status-publish","format-standard","has-post-thumbnail","hentry","category-4a-regional","category-delegacias","category-regionais","category-ultimo-segundo","tag-cidade-de-goias","tag-maria-da-penha"],"rttpg_featured_image_url":{"full":["https:\/\/goias.gov.br\/policiacivil\/wp-content\/uploads\/sites\/71\/2023\/08\/whatsapp-image-2023-08-23-at-16.01.32.jpeg",801,1068,false],"landscape":["https:\/\/goias.gov.br\/policiacivil\/wp-content\/uploads\/sites\/71\/2023\/08\/whatsapp-image-2023-08-23-at-16.01.32.jpeg",801,1068,false],"portraits":["https:\/\/goias.gov.br\/policiacivil\/wp-content\/uploads\/sites\/71\/2023\/08\/whatsapp-image-2023-08-23-at-16.01.32.jpeg",801,1068,false],"thumbnail":["https:\/\/goias.gov.br\/policiacivil\/wp-content\/uploads\/sites\/71\/2023\/08\/whatsapp-image-2023-08-23-at-16.01.32-300x300.jpeg",150,150,true],"medium":["https:\/\/goias.gov.br\/policiacivil\/wp-content\/uploads\/sites\/71\/2023\/08\/whatsapp-image-2023-08-23-at-16.01.32-375x500.jpeg",225,300,true],"large":["https:\/\/goias.gov.br\/policiacivil\/wp-content\/uploads\/sites\/71\/2023\/08\/whatsapp-image-2023-08-23-at-16.01.32.jpeg",768,1024,false],"1536x1536":["https:\/\/goias.gov.br\/policiacivil\/wp-content\/uploads\/sites\/71\/2023\/08\/whatsapp-image-2023-08-23-at-16.01.32.jpeg",801,1068,false],"2048x2048":["https:\/\/goias.gov.br\/policiacivil\/wp-content\/uploads\/sites\/71\/2023\/08\/whatsapp-image-2023-08-23-at-16.01.32.jpeg",801,1068,false]},"rttpg_author":{"display_name":"celsoassis","author_link":"https:\/\/goias.gov.br\/policiacivil\/author\/celsoassis\/"},"rttpg_comment":0,"rttpg_category":"<a href=\"https:\/\/goias.gov.br\/policiacivil\/categoria\/drp\/4a-regional\/\" rel=\"category tag\">4\u00aa Regional<\/a> <a href=\"https:\/\/goias.gov.br\/policiacivil\/categoria\/delegacias\/\" rel=\"category tag\">Delegacias<\/a> <a href=\"https:\/\/goias.gov.br\/policiacivil\/categoria\/delegacias\/regionais\/\" rel=\"category tag\">Regionais<\/a> <a href=\"https:\/\/goias.gov.br\/policiacivil\/categoria\/ultimo-segundo\/\" rel=\"category tag\">\u00daltimo Segundo<\/a>","rttpg_excerpt":"Nessa ter\u00e7a-feira (22), a Delegacia Especializada no Atendimento \u00e0 Mulher (Deam) da Cidade de Goi\u00e1s participou do Semin\u00e1rio &#8220;17 anos da Lei Maria da Penha: aplica\u00e7\u00e3o, desafios e perspectivas&#8221;, realizado pelo CEAM e UFG-Campus Goi\u00e1s, no qual foram palestrantes integrantes da Pol\u00edcia Civil (delegada Amanda Alvarenga &#8211; Deam\/Goi\u00e1s) e Giovana Piloto (delegada da Delegacia de&hellip;","_links":{"self":[{"href":"https:\/\/goias.gov.br\/policiacivil\/wp-json\/wp\/v2\/posts\/119924","targetHints":{"allow":["GET"]}}],"collection":[{"href":"https:\/\/goias.gov.br\/policiacivil\/wp-json\/wp\/v2\/posts"}],"about":[{"href":"https:\/\/goias.gov.br\/policiacivil\/wp-json\/wp\/v2\/types\/post"}],"author":[{"embeddable":true,"href":"https:\/\/goias.gov.br\/policiacivil\/wp-json\/wp\/v2\/users\/34"}],"replies":[{"embeddable":true,"href":"https:\/\/goias.gov.br\/policiacivil\/wp-json\/wp\/v2\/comments?post=119924"}],"version-history":[{"count":1,"href":"https:\/\/goias.gov.br\/policiacivil\/wp-json\/wp\/v2\/posts\/119924\/revisions"}],"predecessor-version":[{"id":119928,"href":"https:\/\/goias.gov.br\/policiacivil\/wp-json\/wp\/v2\/posts\/119924\/revisions\/119928"}],"wp:featuredmedia":[{"embeddable":true,"href":"https:\/\/goias.gov.br\/policiacivil\/wp-json\/wp\/v2\/media\/119927"}],"wp:attachment":[{"href":"https:\/\/goias.gov.br\/policiacivil\/wp-json\/wp\/v2\/media?parent=119924"}],"wp:term":[{"taxonomy":"category","embeddable":true,"href":"https:\/\/goias.gov.br\/policiacivil\/wp-json\/wp\/v2\/categories?post=119924"},{"taxonomy":"post_tag","embeddable":true,"href":"https:\/\/goias.gov.br\/policiacivil\/wp-json\/wp\/v2\/tags?post=119924"}],"curies":[{"name":"wp","href":"https:\/\/api.w.org\/{rel}","templated":true}]}}