

{"id":119809,"date":"2023-08-22T09:49:55","date_gmt":"2023-08-22T12:49:55","guid":{"rendered":" https:\/\/goias.gov.br\/policiacivil\/?p=119809"},"modified":"2023-08-22T09:50:59","modified_gmt":"2023-08-22T12:50:59","slug":"operacao-shamar-pcgo-prende-pai-por-estupro-de-vulneravel-contra-a-filha-em-trindade","status":"publish","type":"post","link":"https:\/\/goias.gov.br\/policiacivil\/operacao-shamar-pcgo-prende-pai-por-estupro-de-vulneravel-contra-a-filha-em-trindade\/","title":{"rendered":"Opera\u00e7\u00e3o Shamar: PCGO prende pai por estupro de vulner\u00e1vel contra a filha em Trindade"},"content":{"rendered":"<p style=\"text-align: justify;\">A Pol\u00edcia Civil de Goi\u00e1s, atrav\u00e9s da Delegacia Especializada em Atendimento \u00e0 Mulher da 16\u00aa Delegacia Regional de Trindade, em dilig\u00eancias da <span style=\"color: #0000ff;\"><a style=\"color: #0000ff;\" href=\" https:\/\/goias.gov.br\/policiacivil\/delegacias\/especializadas\/shamar-pcgo-participa-de-operacao-no-combate-a-violencia-contra-a-mulher.html\">Opera\u00e7\u00e3o Shamar<\/a><\/span>, prendeu um homem, de 30 anos,\u00a0 nesta segunda-feira (21), pela pr\u00e1tica do crime de estupro de vulner\u00e1vel em desfavor da filha, de 11. Os abusos come\u00e7aram quando a menina tinha apenas seis anos. O caso foi denunciado pela m\u00e3e da crian\u00e7a.<\/p>\n","protected":false},"excerpt":{"rendered":"<p>A Pol\u00edcia Civil de Goi\u00e1s, atrav\u00e9s da Delegacia Especializada em Atendimento \u00e0 Mulher da 16\u00aa Delegacia Regional de Trindade, em dilig\u00eancias da Opera\u00e7\u00e3o Shamar, prendeu um homem, de 30 anos,\u00a0 nesta segunda-feira (21), pela pr\u00e1tica do crime de estupro de vulner\u00e1vel em desfavor da filha, de 11. Os abusos come\u00e7aram quando a menina tinha apenas [&hellip;]<\/p>\n","protected":false},"author":42,"featured_media":119815,"comment_status":"closed","ping_status":"closed","sticky":false,"template":"","format":"standard","meta":{"footnotes":""},"categories":[3203,2538,89,537],"tags":[5626,10549,1020],"class_list":["post-119809","post","type-post","status-publish","format-standard","has-post-thumbnail","hentry","category-16a-regional","category-delegacias","category-regionais","category-ultimo-segundo","tag-16a-drp","tag-operacao-shamar","tag-trindade"],"rttpg_featured_image_url":{"full":["https:\/\/goias.gov.br\/policiacivil\/wp-content\/uploads\/sites\/71\/2023\/08\/trindade-regional-1.jpeg",1068,801,false],"landscape":["https:\/\/goias.gov.br\/policiacivil\/wp-content\/uploads\/sites\/71\/2023\/08\/trindade-regional-1.jpeg",1068,801,false],"portraits":["https:\/\/goias.gov.br\/policiacivil\/wp-content\/uploads\/sites\/71\/2023\/08\/trindade-regional-1.jpeg",1068,801,false],"thumbnail":["https:\/\/goias.gov.br\/policiacivil\/wp-content\/uploads\/sites\/71\/2023\/08\/trindade-regional-1-300x300.jpeg",150,150,true],"medium":["https:\/\/goias.gov.br\/policiacivil\/wp-content\/uploads\/sites\/71\/2023\/08\/trindade-regional-1-500x375.jpeg",300,225,true],"large":["https:\/\/goias.gov.br\/policiacivil\/wp-content\/uploads\/sites\/71\/2023\/08\/trindade-regional-1.jpeg",1024,768,false],"1536x1536":["https:\/\/goias.gov.br\/policiacivil\/wp-content\/uploads\/sites\/71\/2023\/08\/trindade-regional-1.jpeg",1068,801,false],"2048x2048":["https:\/\/goias.gov.br\/policiacivil\/wp-content\/uploads\/sites\/71\/2023\/08\/trindade-regional-1.jpeg",1068,801,false]},"rttpg_author":{"display_name":"carolinalima","author_link":"https:\/\/goias.gov.br\/policiacivil\/author\/carolinalima\/"},"rttpg_comment":0,"rttpg_category":"<a href=\"https:\/\/goias.gov.br\/policiacivil\/categoria\/drp\/16a-regional\/\" rel=\"category tag\">16\u00aa Regional<\/a> <a href=\"https:\/\/goias.gov.br\/policiacivil\/categoria\/delegacias\/\" rel=\"category tag\">Delegacias<\/a> <a href=\"https:\/\/goias.gov.br\/policiacivil\/categoria\/delegacias\/regionais\/\" rel=\"category tag\">Regionais<\/a> <a href=\"https:\/\/goias.gov.br\/policiacivil\/categoria\/ultimo-segundo\/\" rel=\"category tag\">\u00daltimo Segundo<\/a>","rttpg_excerpt":"A Pol\u00edcia Civil de Goi\u00e1s, atrav\u00e9s da Delegacia Especializada em Atendimento \u00e0 Mulher da 16\u00aa Delegacia Regional de Trindade, em dilig\u00eancias da Opera\u00e7\u00e3o Shamar, prendeu um homem, de 30 anos,\u00a0 nesta segunda-feira (21), pela pr\u00e1tica do crime de estupro de vulner\u00e1vel em desfavor da filha, de 11. Os abusos come\u00e7aram quando a menina tinha apenas&hellip;","_links":{"self":[{"href":"https:\/\/goias.gov.br\/policiacivil\/wp-json\/wp\/v2\/posts\/119809","targetHints":{"allow":["GET"]}}],"collection":[{"href":"https:\/\/goias.gov.br\/policiacivil\/wp-json\/wp\/v2\/posts"}],"about":[{"href":"https:\/\/goias.gov.br\/policiacivil\/wp-json\/wp\/v2\/types\/post"}],"author":[{"embeddable":true,"href":"https:\/\/goias.gov.br\/policiacivil\/wp-json\/wp\/v2\/users\/42"}],"replies":[{"embeddable":true,"href":"https:\/\/goias.gov.br\/policiacivil\/wp-json\/wp\/v2\/comments?post=119809"}],"version-history":[{"count":3,"href":"https:\/\/goias.gov.br\/policiacivil\/wp-json\/wp\/v2\/posts\/119809\/revisions"}],"predecessor-version":[{"id":119818,"href":"https:\/\/goias.gov.br\/policiacivil\/wp-json\/wp\/v2\/posts\/119809\/revisions\/119818"}],"wp:featuredmedia":[{"embeddable":true,"href":"https:\/\/goias.gov.br\/policiacivil\/wp-json\/wp\/v2\/media\/119815"}],"wp:attachment":[{"href":"https:\/\/goias.gov.br\/policiacivil\/wp-json\/wp\/v2\/media?parent=119809"}],"wp:term":[{"taxonomy":"category","embeddable":true,"href":"https:\/\/goias.gov.br\/policiacivil\/wp-json\/wp\/v2\/categories?post=119809"},{"taxonomy":"post_tag","embeddable":true,"href":"https:\/\/goias.gov.br\/policiacivil\/wp-json\/wp\/v2\/tags?post=119809"}],"curies":[{"name":"wp","href":"https:\/\/api.w.org\/{rel}","templated":true}]}}