

{"id":119724,"date":"2023-08-18T11:13:41","date_gmt":"2023-08-18T14:13:41","guid":{"rendered":" https:\/\/goias.gov.br\/policiacivil\/?p=119724"},"modified":"2023-08-18T11:22:24","modified_gmt":"2023-08-18T14:22:24","slug":"delegado-geral-e-adjunto-participam-da-formatura-do-caesp-2023","status":"publish","type":"post","link":"https:\/\/goias.gov.br\/policiacivil\/delegado-geral-e-adjunto-participam-da-formatura-do-caesp-2023\/","title":{"rendered":"Delegado-Geral e adjunto participam da formatura do CAESP 2023"},"content":{"rendered":"<p style=\"text-align: justify;\"><span style=\"font-weight: 400;\">O Delegado-Geral da Pol\u00edcia Civil de Goi\u00e1s, Andr\u00e9 Ganga, e o Delegado-Geral adjunto, Murilo Polati, participaram, na manh\u00e3 desta sexta-feira (18), da formatura do Curso de Especializa\u00e7\u00e3o em Altos Estudos em Seguran\u00e7a P\u00fablica \u2013 CAESP\/2023, no \u00e2mbito da Secretaria de Estado da Seguran\u00e7a P\u00fablica. A cerim\u00f4nia foi realizada no Audit\u00f3rio Carlos Vieira, na Assembleia Legislativa de Goi\u00e1s.<\/span><\/p>\n<p style=\"text-align: justify;\"><span style=\"font-weight: 400;\">O curso, organizado pela Coordenadoria de Ensino, vinculada ao Gabinete do Subsecret\u00e1rio da Secretaria da Seguran\u00e7a P\u00fablica, Renato Brum, em parceria com a Universidade Estadual de Goi\u00e1s, \u00e9 destinado aos delegados de pol\u00edcia, peritos criminais, m\u00e9dicos legistas e policiais penais, todos de 1\u00aa Classe, e oficiais superiores da Pol\u00edcia Militar e do Corpo de Bombeiros Militar.<\/span><\/p>\n<p style=\"text-align: justify;\"><span style=\"font-weight: 400;\">Durante o per\u00edodo que se estendeu desde mar\u00e7o, os participantes passaram por tr\u00eas m\u00f3dulos: Administra\u00e7\u00e3o P\u00fablica, Estrat\u00e9gico e Metodol\u00f3gico.<\/span><\/p>\n<div id='gallery-1' class='gallery galleryid-119724 gallery-columns-3 gallery-size-thumbnail'><figure class='gallery-item'>\n\t\t\t<div class='gallery-icon landscape'>\n\t\t\t\t<a href='https:\/\/goias.gov.br\/policiacivil\/delegado-geral-e-adjunto-participam-da-formatura-do-caesp-2023\/whatsapp-image-2023-08-18-at-10-23-24-1\/'><img decoding=\"async\" width=\"150\" height=\"150\" src=\"https:\/\/goias.gov.br\/policiacivil\/wp-content\/uploads\/sites\/71\/2023\/08\/whatsapp-image-2023-08-18-at-10.23.24-1-300x300.jpeg\" class=\"attachment-thumbnail size-thumbnail\" alt=\"\" \/><\/a>\n\t\t\t<\/div><\/figure><figure class='gallery-item'>\n\t\t\t<div class='gallery-icon landscape'>\n\t\t\t\t<a href='https:\/\/goias.gov.br\/policiacivil\/delegado-geral-e-adjunto-participam-da-formatura-do-caesp-2023\/whatsapp-image-2023-08-18-at-10-23-26\/'><img decoding=\"async\" width=\"150\" height=\"150\" src=\"https:\/\/goias.gov.br\/policiacivil\/wp-content\/uploads\/sites\/71\/2023\/08\/whatsapp-image-2023-08-18-at-10.23.26-300x300.jpeg\" class=\"attachment-thumbnail size-thumbnail\" alt=\"\" \/><\/a>\n\t\t\t<\/div><\/figure><figure class='gallery-item'>\n\t\t\t<div class='gallery-icon landscape'>\n\t\t\t\t<a href='https:\/\/goias.gov.br\/policiacivil\/delegado-geral-e-adjunto-participam-da-formatura-do-caesp-2023\/whatsapp-image-2023-08-18-at-11-20-11\/'><img decoding=\"async\" width=\"150\" height=\"150\" src=\"https:\/\/goias.gov.br\/policiacivil\/wp-content\/uploads\/sites\/71\/2023\/08\/whatsapp-image-2023-08-18-at-11.20.11-300x300.jpeg\" class=\"attachment-thumbnail size-thumbnail\" alt=\"\" \/><\/a>\n\t\t\t<\/div><\/figure>\n\t\t<\/div>\n\n","protected":false},"excerpt":{"rendered":"<p>O Delegado-Geral da Pol\u00edcia Civil de Goi\u00e1s, Andr\u00e9 Ganga, e o Delegado-Geral adjunto, Murilo Polati, participaram, na manh\u00e3 desta sexta-feira (18), da formatura do Curso de Especializa\u00e7\u00e3o em Altos Estudos em Seguran\u00e7a P\u00fablica \u2013 CAESP\/2023, no \u00e2mbito da Secretaria de Estado da Seguran\u00e7a P\u00fablica. A cerim\u00f4nia foi realizada no Audit\u00f3rio Carlos Vieira, na Assembleia Legislativa [&hellip;]<\/p>\n","protected":false},"author":42,"featured_media":119728,"comment_status":"closed","ping_status":"closed","sticky":false,"template":"","format":"standard","meta":{"footnotes":""},"categories":[2538,6069],"tags":[10547,1335,2996],"class_list":["post-119724","post","type-post","status-publish","format-standard","has-post-thumbnail","hentry","category-delegacias","category-noticias-da-policia-civil","tag-caesp-2023","tag-goiania","tag-ssp"],"rttpg_featured_image_url":{"full":["https:\/\/goias.gov.br\/policiacivil\/wp-content\/uploads\/sites\/71\/2023\/08\/whatsapp-image-2023-08-18-at-10.23.24-1.jpeg",1068,801,false],"landscape":["https:\/\/goias.gov.br\/policiacivil\/wp-content\/uploads\/sites\/71\/2023\/08\/whatsapp-image-2023-08-18-at-10.23.24-1.jpeg",1068,801,false],"portraits":["https:\/\/goias.gov.br\/policiacivil\/wp-content\/uploads\/sites\/71\/2023\/08\/whatsapp-image-2023-08-18-at-10.23.24-1.jpeg",1068,801,false],"thumbnail":["https:\/\/goias.gov.br\/policiacivil\/wp-content\/uploads\/sites\/71\/2023\/08\/whatsapp-image-2023-08-18-at-10.23.24-1-300x300.jpeg",150,150,true],"medium":["https:\/\/goias.gov.br\/policiacivil\/wp-content\/uploads\/sites\/71\/2023\/08\/whatsapp-image-2023-08-18-at-10.23.24-1-500x375.jpeg",300,225,true],"large":["https:\/\/goias.gov.br\/policiacivil\/wp-content\/uploads\/sites\/71\/2023\/08\/whatsapp-image-2023-08-18-at-10.23.24-1.jpeg",1024,768,false],"1536x1536":["https:\/\/goias.gov.br\/policiacivil\/wp-content\/uploads\/sites\/71\/2023\/08\/whatsapp-image-2023-08-18-at-10.23.24-1.jpeg",1068,801,false],"2048x2048":["https:\/\/goias.gov.br\/policiacivil\/wp-content\/uploads\/sites\/71\/2023\/08\/whatsapp-image-2023-08-18-at-10.23.24-1.jpeg",1068,801,false]},"rttpg_author":{"display_name":"carolinalima","author_link":"https:\/\/goias.gov.br\/policiacivil\/author\/carolinalima\/"},"rttpg_comment":0,"rttpg_category":"<a href=\"https:\/\/goias.gov.br\/policiacivil\/categoria\/delegacias\/\" rel=\"category tag\">Delegacias<\/a> <a href=\"https:\/\/goias.gov.br\/policiacivil\/categoria\/noticias\/noticias-da-policia-civil\/\" rel=\"category tag\">Not\u00edcias da Pol\u00edcia Civil<\/a>","rttpg_excerpt":"O Delegado-Geral da Pol\u00edcia Civil de Goi\u00e1s, Andr\u00e9 Ganga, e o Delegado-Geral adjunto, Murilo Polati, participaram, na manh\u00e3 desta sexta-feira (18), da formatura do Curso de Especializa\u00e7\u00e3o em Altos Estudos em Seguran\u00e7a P\u00fablica \u2013 CAESP\/2023, no \u00e2mbito da Secretaria de Estado da Seguran\u00e7a P\u00fablica. A cerim\u00f4nia foi realizada no Audit\u00f3rio Carlos Vieira, na Assembleia Legislativa&hellip;","_links":{"self":[{"href":"https:\/\/goias.gov.br\/policiacivil\/wp-json\/wp\/v2\/posts\/119724","targetHints":{"allow":["GET"]}}],"collection":[{"href":"https:\/\/goias.gov.br\/policiacivil\/wp-json\/wp\/v2\/posts"}],"about":[{"href":"https:\/\/goias.gov.br\/policiacivil\/wp-json\/wp\/v2\/types\/post"}],"author":[{"embeddable":true,"href":"https:\/\/goias.gov.br\/policiacivil\/wp-json\/wp\/v2\/users\/42"}],"replies":[{"embeddable":true,"href":"https:\/\/goias.gov.br\/policiacivil\/wp-json\/wp\/v2\/comments?post=119724"}],"version-history":[{"count":5,"href":"https:\/\/goias.gov.br\/policiacivil\/wp-json\/wp\/v2\/posts\/119724\/revisions"}],"predecessor-version":[{"id":119735,"href":"https:\/\/goias.gov.br\/policiacivil\/wp-json\/wp\/v2\/posts\/119724\/revisions\/119735"}],"wp:featuredmedia":[{"embeddable":true,"href":"https:\/\/goias.gov.br\/policiacivil\/wp-json\/wp\/v2\/media\/119728"}],"wp:attachment":[{"href":"https:\/\/goias.gov.br\/policiacivil\/wp-json\/wp\/v2\/media?parent=119724"}],"wp:term":[{"taxonomy":"category","embeddable":true,"href":"https:\/\/goias.gov.br\/policiacivil\/wp-json\/wp\/v2\/categories?post=119724"},{"taxonomy":"post_tag","embeddable":true,"href":"https:\/\/goias.gov.br\/policiacivil\/wp-json\/wp\/v2\/tags?post=119724"}],"curies":[{"name":"wp","href":"https:\/\/api.w.org\/{rel}","templated":true}]}}