

{"id":119410,"date":"2023-08-11T10:46:40","date_gmt":"2023-08-11T13:46:40","guid":{"rendered":" https:\/\/goias.gov.br\/policiacivil\/?p=119410"},"modified":"2023-08-11T10:46:40","modified_gmt":"2023-08-11T13:46:40","slug":"suspeito-de-estupro-de-vulneravel-e-preso-pela-pcgo-em-crixas","status":"publish","type":"post","link":"https:\/\/goias.gov.br\/policiacivil\/suspeito-de-estupro-de-vulneravel-e-preso-pela-pcgo-em-crixas\/","title":{"rendered":"Suspeito de estupro de vulner\u00e1vel \u00e9 preso pela PCGO em Crix\u00e1s"},"content":{"rendered":"<p style=\"text-align: justify;\">A Pol\u00edcia Civil de Goi\u00e1s,\u00a0 atrav\u00e9s da equipe da Delegacia de Pol\u00edcia de Crix\u00e1s, Subdelegacias de Campos Verdes, Santa Terezinha de Goi\u00e1s e Uirapuru, integrantes da 10\u00aa Delegacia Regional de Ceres, deu cumprimento a mandado de pris\u00e3o preventiva de um indiv\u00edduo, de 40 anos,\u00a0 em Crix\u00e1s, investigado pela pr\u00e1tica do crime de estupro de vulner\u00e1vel contra v\u00edtima de 12. A pena prevista para este crime \u00e9 de at\u00e9 15 anos de reclus\u00e3o.<\/p>\n","protected":false},"excerpt":{"rendered":"<p>A Pol\u00edcia Civil de Goi\u00e1s,\u00a0 atrav\u00e9s da equipe da Delegacia de Pol\u00edcia de Crix\u00e1s, Subdelegacias de Campos Verdes, Santa Terezinha de Goi\u00e1s e Uirapuru, integrantes da 10\u00aa Delegacia Regional de Ceres, deu cumprimento a mandado de pris\u00e3o preventiva de um indiv\u00edduo, de 40 anos,\u00a0 em Crix\u00e1s, investigado pela pr\u00e1tica do crime de estupro de vulner\u00e1vel [&hellip;]<\/p>\n","protected":false},"author":42,"featured_media":118788,"comment_status":"closed","ping_status":"closed","sticky":false,"template":"","format":"standard","meta":{"footnotes":""},"categories":[3197,2538,89,537],"tags":[2202,640],"class_list":["post-119410","post","type-post","status-publish","format-standard","has-post-thumbnail","hentry","category-10a-regional","category-delegacias","category-regionais","category-ultimo-segundo","tag-10a-drp","tag-crixas"],"rttpg_featured_image_url":{"full":["https:\/\/goias.gov.br\/policiacivil\/wp-content\/uploads\/sites\/71\/2023\/07\/whatsapp-image-2022-03-17-at-10.03.48-5.jpeg",1068,1068,false],"landscape":["https:\/\/goias.gov.br\/policiacivil\/wp-content\/uploads\/sites\/71\/2023\/07\/whatsapp-image-2022-03-17-at-10.03.48-5.jpeg",1068,1068,false],"portraits":["https:\/\/goias.gov.br\/policiacivil\/wp-content\/uploads\/sites\/71\/2023\/07\/whatsapp-image-2022-03-17-at-10.03.48-5.jpeg",1068,1068,false],"thumbnail":["https:\/\/goias.gov.br\/policiacivil\/wp-content\/uploads\/sites\/71\/2023\/07\/whatsapp-image-2022-03-17-at-10.03.48-5-300x300.jpeg",150,150,true],"medium":["https:\/\/goias.gov.br\/policiacivil\/wp-content\/uploads\/sites\/71\/2023\/07\/whatsapp-image-2022-03-17-at-10.03.48-5-500x500.jpeg",300,300,true],"large":["https:\/\/goias.gov.br\/policiacivil\/wp-content\/uploads\/sites\/71\/2023\/07\/whatsapp-image-2022-03-17-at-10.03.48-5-1068x1068.jpeg",1024,1024,true],"1536x1536":["https:\/\/goias.gov.br\/policiacivil\/wp-content\/uploads\/sites\/71\/2023\/07\/whatsapp-image-2022-03-17-at-10.03.48-5.jpeg",1068,1068,false],"2048x2048":["https:\/\/goias.gov.br\/policiacivil\/wp-content\/uploads\/sites\/71\/2023\/07\/whatsapp-image-2022-03-17-at-10.03.48-5.jpeg",1068,1068,false]},"rttpg_author":{"display_name":"carolinalima","author_link":"https:\/\/goias.gov.br\/policiacivil\/author\/carolinalima\/"},"rttpg_comment":0,"rttpg_category":"<a href=\"https:\/\/goias.gov.br\/policiacivil\/categoria\/drp\/10a-regional\/\" rel=\"category tag\">10\u00aa Regional<\/a> <a href=\"https:\/\/goias.gov.br\/policiacivil\/categoria\/delegacias\/\" rel=\"category tag\">Delegacias<\/a> <a href=\"https:\/\/goias.gov.br\/policiacivil\/categoria\/delegacias\/regionais\/\" rel=\"category tag\">Regionais<\/a> <a href=\"https:\/\/goias.gov.br\/policiacivil\/categoria\/ultimo-segundo\/\" rel=\"category tag\">\u00daltimo Segundo<\/a>","rttpg_excerpt":"A Pol\u00edcia Civil de Goi\u00e1s,\u00a0 atrav\u00e9s da equipe da Delegacia de Pol\u00edcia de Crix\u00e1s, Subdelegacias de Campos Verdes, Santa Terezinha de Goi\u00e1s e Uirapuru, integrantes da 10\u00aa Delegacia Regional de Ceres, deu cumprimento a mandado de pris\u00e3o preventiva de um indiv\u00edduo, de 40 anos,\u00a0 em Crix\u00e1s, investigado pela pr\u00e1tica do crime de estupro de vulner\u00e1vel&hellip;","_links":{"self":[{"href":"https:\/\/goias.gov.br\/policiacivil\/wp-json\/wp\/v2\/posts\/119410","targetHints":{"allow":["GET"]}}],"collection":[{"href":"https:\/\/goias.gov.br\/policiacivil\/wp-json\/wp\/v2\/posts"}],"about":[{"href":"https:\/\/goias.gov.br\/policiacivil\/wp-json\/wp\/v2\/types\/post"}],"author":[{"embeddable":true,"href":"https:\/\/goias.gov.br\/policiacivil\/wp-json\/wp\/v2\/users\/42"}],"replies":[{"embeddable":true,"href":"https:\/\/goias.gov.br\/policiacivil\/wp-json\/wp\/v2\/comments?post=119410"}],"version-history":[{"count":1,"href":"https:\/\/goias.gov.br\/policiacivil\/wp-json\/wp\/v2\/posts\/119410\/revisions"}],"predecessor-version":[{"id":119411,"href":"https:\/\/goias.gov.br\/policiacivil\/wp-json\/wp\/v2\/posts\/119410\/revisions\/119411"}],"wp:featuredmedia":[{"embeddable":true,"href":"https:\/\/goias.gov.br\/policiacivil\/wp-json\/wp\/v2\/media\/118788"}],"wp:attachment":[{"href":"https:\/\/goias.gov.br\/policiacivil\/wp-json\/wp\/v2\/media?parent=119410"}],"wp:term":[{"taxonomy":"category","embeddable":true,"href":"https:\/\/goias.gov.br\/policiacivil\/wp-json\/wp\/v2\/categories?post=119410"},{"taxonomy":"post_tag","embeddable":true,"href":"https:\/\/goias.gov.br\/policiacivil\/wp-json\/wp\/v2\/tags?post=119410"}],"curies":[{"name":"wp","href":"https:\/\/api.w.org\/{rel}","templated":true}]}}