

{"id":11797,"date":"2012-06-25T17:56:19","date_gmt":"2012-06-25T20:56:19","guid":{"rendered":"https:\/\/goias.gov.br\/policiacivil\/?p=11797"},"modified":"2012-06-27T11:05:07","modified_gmt":"2012-06-27T14:05:07","slug":"cachoeira-dourada-policia-civil-prende-homicida-que-esquartejou-a-vitima-ele-estava-foragido","status":"publish","type":"post","link":"https:\/\/goias.gov.br\/policiacivil\/cachoeira-dourada-policia-civil-prende-homicida-que-esquartejou-a-vitima-ele-estava-foragido\/","title":{"rendered":"Cachoeira Dourada: Pol\u00edcia Civil prende homem que matou e cortou a v\u00edtima em oito partes"},"content":{"rendered":"<figure id=\"attachment_11798\" aria-describedby=\"caption-attachment-11798\" style=\"width: 150px\" class=\"wp-caption alignleft\"><a href=\" https:\/\/goias.gov.br\/policiacivil\/wp-content\/uploads\/sites\/71\/sites\/71\/2012\/06\/0000000687-vaninho-2.jpg\"><img decoding=\"async\" class=\"size-medium wp-image-11798\" title=\"0000000687-vaninho 2\" src=\" https:\/\/goias.gov.br\/policiacivil\/wp-content\/uploads\/sites\/71\/sites\/71\/2012\/06\/0000000687-vaninho-2-150x200.jpg\" alt=\"\" width=\"150\" height=\"200\" srcset=\"https:\/\/goias.gov.br\/policiacivil\/wp-content\/uploads\/sites\/71\/2012\/06\/0000000687-vaninho-2-150x200.jpg 150w, https:\/\/goias.gov.br\/policiacivil\/wp-content\/uploads\/sites\/71\/2012\/06\/0000000687-vaninho-2-225x300.jpg 225w, https:\/\/goias.gov.br\/policiacivil\/wp-content\/uploads\/sites\/71\/2012\/06\/0000000687-vaninho-2-315x420.jpg 315w, https:\/\/goias.gov.br\/policiacivil\/wp-content\/uploads\/sites\/71\/2012\/06\/0000000687-vaninho-2.jpg 465w\" sizes=\"(max-width: 150px) 100vw, 150px\" \/><\/a><figcaption id=\"caption-attachment-11798\" class=\"wp-caption-text\">Marcivane de Oliveira: vulgo Vaninho<\/figcaption><\/figure>\n<p style=\"text-align: justify;\"><span style=\"font-family: Calibri; font-size: small;\">Policiais Civis do 2\u00ba Distrito Policial (DP), de Itumbiara, coordenados pelo Delegado titular Lucas Finholdt, prenderam Marcivane de Oliveira, vulgo <strong><em>Vaninh<\/em><\/strong>o, que estava foragido por ter matado e esquartejado um homem conhecido por Marcelino. De acordo com os policiais, \u00a0Marcivane foi flagrado \u00a0junto com Enivaldo Martins Alves, transportando um cad\u00e1ver cortado em oito partes no porta malas de um ve\u00edculo. Por ser pescador e grande conhecedor da regi\u00e3o, conseguiu fugir pelas matas, enquanto seu comparsa foi preso em flagrante.<\/span><\/p>\n<p style=\"text-align: justify;\"><span style=\"font-family: Calibri; font-size: small;\">O crime aconteceu na cidade de Cachoeira Dourada,\u00a0 em julho de 2011. Desde ent\u00e3o, \u00a0os Policiais Civis v\u00eam realizando dilig\u00eancias em mais de 12 cidades de Goi\u00e1s e Minas Gerais, j\u00e1 que o foragido possui in\u00fameros parentes naquele Estado. Ap\u00f3s receberem informa\u00e7\u00f5es que Marcivane estaria residindo em Pirapora, os policiais civis entraram em contato com a pol\u00edcia local, enviando c\u00f3pia do Mandado de Pris\u00e3o, fotos e caracter\u00edsticas f\u00edsicas do procurado. Os policiais daquela cidade conseguiram localizar o\u00a0 foragido e \u00a0realizar a sua pris\u00e3o. <\/span><\/p>\n<p style=\"text-align: justify;\"><span style=\"font-family: Calibri; font-size: small;\">O homicida foi transferido\u00a0 para a Delegacia Estadual de Capturas(Decap), em Goi\u00e0nia, e encontra-se hoje no pres\u00eddio Regional de Sarandi, em Itumbiara, \u00e0 disposi\u00e7\u00e3o do Poder Judici\u00e1rio da Comarca de Cachoeira Dourada, em Goi\u00e1s.\u00a0<\/span><span style=\"font-size: small;\">Marcivane de Oliveira foi indiciado pelo delito de homic\u00eddio duplamente qualificado pelo motivo f\u00fatil e trai\u00e7\u00e3o, pena de 12 a 30 anos (artigo 121, \u00a72\u00ba, incisos II e IV do C\u00f3digo Penal) e pela destrui\u00e7\u00e3o e oculta\u00e7\u00e3o de cad\u00e1ver, pena de 1 a 3 anos (artigo 211 do C\u00f3digo Penal).\u00a0<\/span><\/p>\n<p style=\"text-align: justify;\"><span style=\"font-family: Calibri; font-size: small;\">Em\u00a0 julho de 2011, os Agentes de Pol\u00edcia Aur\u00e9lio, Dennis e Gustavo e o Delegado de Pol\u00edcia Lucas Finholt, do 2\u00ba DP, informados do homic\u00eddio, fizeram campana nas estradas vicinais de Cachoeira Dourada \u00e0 procura dos assassinos,\u00a0 j\u00e1 que informa\u00e7\u00f5es davam conta que os autores iriam desovar o corpo em uma cidade vizinha no final de semana. A inten\u00e7\u00e3o \u00a0dos criminosos era fazer com que as suspeitas do crime reca\u00edssem sobre outras pessoas.<br \/>\n<\/span><\/p>\n<p style=\"text-align: justify;\"><span style=\"font-family: Calibri; font-size: small;\">Os infratores se deslocaram at\u00e9 as margens do rio e cortaram o cad\u00e1ver em diversas partes, separando a cabe\u00e7a, o troco e os membros, guardando as partes em dois grandes sacos pl\u00e1sticos, que foram colocados no porta malas de um ve\u00edculo, juntamente com a faca utilizada.<\/span><\/p>\n<p style=\"text-align: justify;\"><span style=\"font-family: Calibri; font-size: small;\">Ao entrarem na GO 206, por volta das 02h00min da madrugada de s\u00e1bado(23), o ve\u00edculo dos infratores foi seguido por uma viatura descaracterizada com os policiais civis, que conseguiram fazer a abordagem ap\u00f3s cinco minutos de persegui\u00e7\u00e3o. Os homicidas encostaram o ve\u00edculo na beira de um barranco, em um brejo as margens da rodovia. Os dois infratores correram para o mato, sendo seguidos pelos quatro policiais. O autuado Enivaldo foi capturado e Marcivane, pescador conhecedor da regi\u00e3o, conseguiu fugir. A Pris\u00e3o Preventiva de Marcivane foi requerida ao juiz de Cachoeira Dourada.<\/span><\/p>\n<p><span style=\"font-size: small;\"><span style=\"font-family: Calibri;\">Texto: Geralda Ferraz &#8211; Escriv\u00e3 de Pol\u00edcia<br \/>\n<\/span><\/span><\/p>\n<p>&nbsp;<\/p>\n","protected":false},"excerpt":{"rendered":"<p>Policiais Civis do 2\u00ba Distrito Policial (DP), de Itumbiara, coordenados pelo Delegado titular Lucas Finholdt, prenderam Marcivane de Oliveira, vulgo Vaninho, que estava foragido por ter matado e esquartejado um homem conhecido por Marcelino. De acordo com os policiais, \u00a0Marcivane foi flagrado \u00a0junto com Enivaldo Martins Alves, transportando um cad\u00e1ver cortado em oito partes no [&hellip;]<\/p>\n","protected":false},"author":4,"featured_media":11798,"comment_status":"closed","ping_status":"closed","sticky":false,"template":"","format":"standard","meta":{"footnotes":""},"categories":[3],"tags":[1433,1432,23],"class_list":["post-11797","post","type-post","status-publish","format-standard","has-post-thumbnail","hentry","category-noticias","tag-cachoeira-alta","tag-esquartejador","tag-homicidio"],"rttpg_featured_image_url":{"full":["https:\/\/goias.gov.br\/policiacivil\/wp-content\/uploads\/sites\/71\/2012\/06\/0000000687-vaninho-2.jpg",465,620,false],"landscape":["https:\/\/goias.gov.br\/policiacivil\/wp-content\/uploads\/sites\/71\/2012\/06\/0000000687-vaninho-2.jpg",465,620,false],"portraits":["https:\/\/goias.gov.br\/policiacivil\/wp-content\/uploads\/sites\/71\/2012\/06\/0000000687-vaninho-2.jpg",465,620,false],"thumbnail":["https:\/\/goias.gov.br\/policiacivil\/wp-content\/uploads\/sites\/71\/2012\/06\/0000000687-vaninho-2-150x150.jpg",150,150,true],"medium":["https:\/\/goias.gov.br\/policiacivil\/wp-content\/uploads\/sites\/71\/2012\/06\/0000000687-vaninho-2-225x300.jpg",225,300,true],"large":["https:\/\/goias.gov.br\/policiacivil\/wp-content\/uploads\/sites\/71\/2012\/06\/0000000687-vaninho-2-225x300.jpg",225,300,true],"1536x1536":["https:\/\/goias.gov.br\/policiacivil\/wp-content\/uploads\/sites\/71\/2012\/06\/0000000687-vaninho-2.jpg",465,620,false],"2048x2048":["https:\/\/goias.gov.br\/policiacivil\/wp-content\/uploads\/sites\/71\/2012\/06\/0000000687-vaninho-2.jpg",465,620,false]},"rttpg_author":{"display_name":"","author_link":"https:\/\/goias.gov.br\/policiacivil\/author\/"},"rttpg_comment":0,"rttpg_category":"<a href=\"https:\/\/goias.gov.br\/policiacivil\/categoria\/noticias\/\" rel=\"category tag\">Not\u00edcias<\/a>","rttpg_excerpt":"Policiais Civis do 2\u00ba Distrito Policial (DP), de Itumbiara, coordenados pelo Delegado titular Lucas Finholdt, prenderam Marcivane de Oliveira, vulgo Vaninho, que estava foragido por ter matado e esquartejado um homem conhecido por Marcelino. De acordo com os policiais, \u00a0Marcivane foi flagrado \u00a0junto com Enivaldo Martins Alves, transportando um cad\u00e1ver cortado em oito partes no&hellip;","_links":{"self":[{"href":"https:\/\/goias.gov.br\/policiacivil\/wp-json\/wp\/v2\/posts\/11797","targetHints":{"allow":["GET"]}}],"collection":[{"href":"https:\/\/goias.gov.br\/policiacivil\/wp-json\/wp\/v2\/posts"}],"about":[{"href":"https:\/\/goias.gov.br\/policiacivil\/wp-json\/wp\/v2\/types\/post"}],"author":[{"embeddable":true,"href":"https:\/\/goias.gov.br\/policiacivil\/wp-json\/wp\/v2\/users\/4"}],"replies":[{"embeddable":true,"href":"https:\/\/goias.gov.br\/policiacivil\/wp-json\/wp\/v2\/comments?post=11797"}],"version-history":[{"count":0,"href":"https:\/\/goias.gov.br\/policiacivil\/wp-json\/wp\/v2\/posts\/11797\/revisions"}],"wp:featuredmedia":[{"embeddable":true,"href":"https:\/\/goias.gov.br\/policiacivil\/wp-json\/wp\/v2\/media\/11798"}],"wp:attachment":[{"href":"https:\/\/goias.gov.br\/policiacivil\/wp-json\/wp\/v2\/media?parent=11797"}],"wp:term":[{"taxonomy":"category","embeddable":true,"href":"https:\/\/goias.gov.br\/policiacivil\/wp-json\/wp\/v2\/categories?post=11797"},{"taxonomy":"post_tag","embeddable":true,"href":"https:\/\/goias.gov.br\/policiacivil\/wp-json\/wp\/v2\/tags?post=11797"}],"curies":[{"name":"wp","href":"https:\/\/api.w.org\/{rel}","templated":true}]}}