

{"id":117960,"date":"2023-07-05T17:33:11","date_gmt":"2023-07-05T20:33:11","guid":{"rendered":" https:\/\/goias.gov.br\/policiacivil\/?p=117960"},"modified":"2023-07-05T17:33:11","modified_gmt":"2023-07-05T20:33:11","slug":"policia-civil-prende-duas-pessoas-por-desmatamento-ilegal-em-fazenda-de-itumbiara","status":"publish","type":"post","link":"https:\/\/goias.gov.br\/policiacivil\/policia-civil-prende-duas-pessoas-por-desmatamento-ilegal-em-fazenda-de-itumbiara\/","title":{"rendered":"Pol\u00edcia Civil prende duas pessoas por desmatamento ilegal em fazenda de Itumbiara"},"content":{"rendered":"<p style=\"text-align: justify;\">A equipe da 2\u00aa Delegacia Distrital de Pol\u00edcia de Itumbiara, em a\u00e7\u00e3o conjunta com a Ag\u00eancia Municipal do Meio Ambiente da cidade, realizou, na manh\u00e3 desta quarta-feira (5), opera\u00e7\u00e3o que resultou na lavratura de auto de pris\u00e3o em flagrante delito pela pr\u00e1tica de crime ambiental. Um investigado foi preso no momento em que operava um trator esteira em meio \u00e0 mata, o que confirmou a not\u00edcia de desmatamento ilegal na fazenda situada na zona rural de Itumbiara. A dona da propriedade foi presa na delegacia, onde estava sendo atendida em rela\u00e7\u00e3o a outros fatos envolvendo a mesma propriedade rural, devendo responder pela pr\u00e1tica do crime do art. 38-A da Lei n\u00ba 9.605\/98, assim como o tratorista que atuou a seu mando.<\/p>\n<p>&nbsp;<\/p>\n<div id='gallery-1' class='gallery galleryid-117960 gallery-columns-2 gallery-size-thumbnail'><figure class='gallery-item'>\n\t\t\t<div class='gallery-icon landscape'>\n\t\t\t\t<a href='https:\/\/goias.gov.br\/policiacivil\/wp-content\/uploads\/sites\/71\/2023\/07\/whatsapp-image-2023-07-05-at-16.51.26.jpeg'><img decoding=\"async\" width=\"150\" height=\"150\" src=\"https:\/\/goias.gov.br\/policiacivil\/wp-content\/uploads\/sites\/71\/2023\/07\/whatsapp-image-2023-07-05-at-16.51.26-300x300.jpeg\" class=\"attachment-thumbnail size-thumbnail\" alt=\"\" \/><\/a>\n\t\t\t<\/div><\/figure><figure class='gallery-item'>\n\t\t\t<div class='gallery-icon landscape'>\n\t\t\t\t<a href='https:\/\/goias.gov.br\/policiacivil\/wp-content\/uploads\/sites\/71\/2023\/07\/whatsapp-image-2023-07-05-at-16.51.25.jpeg'><img decoding=\"async\" width=\"150\" height=\"150\" src=\"https:\/\/goias.gov.br\/policiacivil\/wp-content\/uploads\/sites\/71\/2023\/07\/whatsapp-image-2023-07-05-at-16.51.25-300x300.jpeg\" class=\"attachment-thumbnail size-thumbnail\" alt=\"\" \/><\/a>\n\t\t\t<\/div><\/figure>\n\t\t<\/div>\n\n","protected":false},"excerpt":{"rendered":"<p>A equipe da 2\u00aa Delegacia Distrital de Pol\u00edcia de Itumbiara, em a\u00e7\u00e3o conjunta com a Ag\u00eancia Municipal do Meio Ambiente da cidade, realizou, na manh\u00e3 desta quarta-feira (5), opera\u00e7\u00e3o que resultou na lavratura de auto de pris\u00e3o em flagrante delito pela pr\u00e1tica de crime ambiental. Um investigado foi preso no momento em que operava um [&hellip;]<\/p>\n","protected":false},"author":34,"featured_media":117961,"comment_status":"closed","ping_status":"closed","sticky":false,"template":"","format":"standard","meta":{"footnotes":""},"categories":[3193,2538,6069,89],"tags":[10462,16],"class_list":["post-117960","post","type-post","status-publish","format-standard","has-post-thumbnail","hentry","category-6a-regional","category-delegacias","category-noticias-da-policia-civil","category-regionais","tag-desmatamento-ilegal","tag-itumbiara"],"rttpg_featured_image_url":{"full":["https:\/\/goias.gov.br\/policiacivil\/wp-content\/uploads\/sites\/71\/2023\/07\/whatsapp-image-2023-07-05-at-16.51.25.jpeg",1024,768,false],"landscape":["https:\/\/goias.gov.br\/policiacivil\/wp-content\/uploads\/sites\/71\/2023\/07\/whatsapp-image-2023-07-05-at-16.51.25.jpeg",1024,768,false],"portraits":["https:\/\/goias.gov.br\/policiacivil\/wp-content\/uploads\/sites\/71\/2023\/07\/whatsapp-image-2023-07-05-at-16.51.25.jpeg",1024,768,false],"thumbnail":["https:\/\/goias.gov.br\/policiacivil\/wp-content\/uploads\/sites\/71\/2023\/07\/whatsapp-image-2023-07-05-at-16.51.25-300x300.jpeg",150,150,true],"medium":["https:\/\/goias.gov.br\/policiacivil\/wp-content\/uploads\/sites\/71\/2023\/07\/whatsapp-image-2023-07-05-at-16.51.25-500x375.jpeg",300,225,true],"large":["https:\/\/goias.gov.br\/policiacivil\/wp-content\/uploads\/sites\/71\/2023\/07\/whatsapp-image-2023-07-05-at-16.51.25.jpeg",1024,768,false],"1536x1536":["https:\/\/goias.gov.br\/policiacivil\/wp-content\/uploads\/sites\/71\/2023\/07\/whatsapp-image-2023-07-05-at-16.51.25.jpeg",1024,768,false],"2048x2048":["https:\/\/goias.gov.br\/policiacivil\/wp-content\/uploads\/sites\/71\/2023\/07\/whatsapp-image-2023-07-05-at-16.51.25.jpeg",1024,768,false]},"rttpg_author":{"display_name":"celsoassis","author_link":"https:\/\/goias.gov.br\/policiacivil\/author\/celsoassis\/"},"rttpg_comment":0,"rttpg_category":"<a href=\"https:\/\/goias.gov.br\/policiacivil\/categoria\/drp\/6a-regional\/\" rel=\"category tag\">6\u00aa Regional<\/a> <a href=\"https:\/\/goias.gov.br\/policiacivil\/categoria\/delegacias\/\" rel=\"category tag\">Delegacias<\/a> <a href=\"https:\/\/goias.gov.br\/policiacivil\/categoria\/noticias\/noticias-da-policia-civil\/\" rel=\"category tag\">Not\u00edcias da Pol\u00edcia Civil<\/a> <a href=\"https:\/\/goias.gov.br\/policiacivil\/categoria\/delegacias\/regionais\/\" rel=\"category tag\">Regionais<\/a>","rttpg_excerpt":"A equipe da 2\u00aa Delegacia Distrital de Pol\u00edcia de Itumbiara, em a\u00e7\u00e3o conjunta com a Ag\u00eancia Municipal do Meio Ambiente da cidade, realizou, na manh\u00e3 desta quarta-feira (5), opera\u00e7\u00e3o que resultou na lavratura de auto de pris\u00e3o em flagrante delito pela pr\u00e1tica de crime ambiental. Um investigado foi preso no momento em que operava um&hellip;","_links":{"self":[{"href":"https:\/\/goias.gov.br\/policiacivil\/wp-json\/wp\/v2\/posts\/117960","targetHints":{"allow":["GET"]}}],"collection":[{"href":"https:\/\/goias.gov.br\/policiacivil\/wp-json\/wp\/v2\/posts"}],"about":[{"href":"https:\/\/goias.gov.br\/policiacivil\/wp-json\/wp\/v2\/types\/post"}],"author":[{"embeddable":true,"href":"https:\/\/goias.gov.br\/policiacivil\/wp-json\/wp\/v2\/users\/34"}],"replies":[{"embeddable":true,"href":"https:\/\/goias.gov.br\/policiacivil\/wp-json\/wp\/v2\/comments?post=117960"}],"version-history":[{"count":1,"href":"https:\/\/goias.gov.br\/policiacivil\/wp-json\/wp\/v2\/posts\/117960\/revisions"}],"predecessor-version":[{"id":117963,"href":"https:\/\/goias.gov.br\/policiacivil\/wp-json\/wp\/v2\/posts\/117960\/revisions\/117963"}],"wp:featuredmedia":[{"embeddable":true,"href":"https:\/\/goias.gov.br\/policiacivil\/wp-json\/wp\/v2\/media\/117961"}],"wp:attachment":[{"href":"https:\/\/goias.gov.br\/policiacivil\/wp-json\/wp\/v2\/media?parent=117960"}],"wp:term":[{"taxonomy":"category","embeddable":true,"href":"https:\/\/goias.gov.br\/policiacivil\/wp-json\/wp\/v2\/categories?post=117960"},{"taxonomy":"post_tag","embeddable":true,"href":"https:\/\/goias.gov.br\/policiacivil\/wp-json\/wp\/v2\/tags?post=117960"}],"curies":[{"name":"wp","href":"https:\/\/api.w.org\/{rel}","templated":true}]}}