

{"id":117542,"date":"2023-06-27T12:03:18","date_gmt":"2023-06-27T15:03:18","guid":{"rendered":" https:\/\/goias.gov.br\/policiacivil\/?p=117542"},"modified":"2023-06-27T12:03:18","modified_gmt":"2023-06-27T15:03:18","slug":"mulher-com-varias-passagens-policiais-por-furto-e-com-mandado-de-prisao-em-aberto-e-presa-em-jaragua","status":"publish","type":"post","link":"https:\/\/goias.gov.br\/policiacivil\/mulher-com-varias-passagens-policiais-por-furto-e-com-mandado-de-prisao-em-aberto-e-presa-em-jaragua\/","title":{"rendered":"Mulher com v\u00e1rias passagens policiais por furto e com mandado de pris\u00e3o em aberto \u00e9 presa em Jaragu\u00e1"},"content":{"rendered":"<p style=\"text-align: justify;\"><span style=\"font-weight: 400;\">A Pol\u00edcia Civil de Goi\u00e1s (PCGO), por meio da Subdelegacia de S\u00e3o Francisco de Goi\u00e1s, cumpriu na manh\u00e3 desta ter\u00e7a-feira (27), em Jaragu\u00e1, mandado de pris\u00e3o preventiva contra uma mulher que responde pelo crime de furto (artigo 155, do C\u00f3digo Penal Brasileiro). Ela j\u00e1 possui v\u00e1rias passagens policiais neste tipo de crime.<\/span><\/p>\n<p style=\"text-align: justify;\"><span style=\"font-weight: 400;\">O mandado de pris\u00e3o preventiva havia sido expedido pela Comarca de Jaragu\u00e1 na segunda-feira (26). Ap\u00f3s dilig\u00eancias, a equipe policial conseguiu localizar a autora. Ela segue presa e est\u00e1 a disposi\u00e7\u00e3o do Poder Judici\u00e1rio.<\/span><\/p>\n","protected":false},"excerpt":{"rendered":"<p>A Pol\u00edcia Civil de Goi\u00e1s (PCGO), por meio da Subdelegacia de S\u00e3o Francisco de Goi\u00e1s, cumpriu na manh\u00e3 desta ter\u00e7a-feira (27), em Jaragu\u00e1, mandado de pris\u00e3o preventiva contra uma mulher que responde pelo crime de furto (artigo 155, do C\u00f3digo Penal Brasileiro). Ela j\u00e1 possui v\u00e1rias passagens policiais neste tipo de crime. O mandado de [&hellip;]<\/p>\n","protected":false},"author":23,"featured_media":117543,"comment_status":"closed","ping_status":"closed","sticky":false,"template":"","format":"standard","meta":{"footnotes":""},"categories":[3202,89,537],"tags":[511,1473,8193],"class_list":["post-117542","post","type-post","status-publish","format-standard","has-post-thumbnail","hentry","category-15a-regional","category-regionais","category-ultimo-segundo","tag-furto","tag-jaragua","tag-sao-francisco-de-goias"],"rttpg_featured_image_url":{"full":["https:\/\/goias.gov.br\/policiacivil\/wp-content\/uploads\/sites\/71\/2023\/06\/whatsapp-image-2023-06-27-at-10.50.49.jpeg",402,480,false],"landscape":["https:\/\/goias.gov.br\/policiacivil\/wp-content\/uploads\/sites\/71\/2023\/06\/whatsapp-image-2023-06-27-at-10.50.49.jpeg",402,480,false],"portraits":["https:\/\/goias.gov.br\/policiacivil\/wp-content\/uploads\/sites\/71\/2023\/06\/whatsapp-image-2023-06-27-at-10.50.49.jpeg",402,480,false],"thumbnail":["https:\/\/goias.gov.br\/policiacivil\/wp-content\/uploads\/sites\/71\/2023\/06\/whatsapp-image-2023-06-27-at-10.50.49-300x300.jpeg",150,150,true],"medium":["https:\/\/goias.gov.br\/policiacivil\/wp-content\/uploads\/sites\/71\/2023\/06\/whatsapp-image-2023-06-27-at-10.50.49.jpeg",251,300,false],"large":["https:\/\/goias.gov.br\/policiacivil\/wp-content\/uploads\/sites\/71\/2023\/06\/whatsapp-image-2023-06-27-at-10.50.49.jpeg",402,480,false],"1536x1536":["https:\/\/goias.gov.br\/policiacivil\/wp-content\/uploads\/sites\/71\/2023\/06\/whatsapp-image-2023-06-27-at-10.50.49.jpeg",402,480,false],"2048x2048":["https:\/\/goias.gov.br\/policiacivil\/wp-content\/uploads\/sites\/71\/2023\/06\/whatsapp-image-2023-06-27-at-10.50.49.jpeg",402,480,false]},"rttpg_author":{"display_name":"claudiacury","author_link":"https:\/\/goias.gov.br\/policiacivil\/author\/claudiacury\/"},"rttpg_comment":0,"rttpg_category":"<a href=\"https:\/\/goias.gov.br\/policiacivil\/categoria\/drp\/15a-regional\/\" rel=\"category tag\">15\u00aa Regional<\/a> <a href=\"https:\/\/goias.gov.br\/policiacivil\/categoria\/delegacias\/regionais\/\" rel=\"category tag\">Regionais<\/a> <a href=\"https:\/\/goias.gov.br\/policiacivil\/categoria\/ultimo-segundo\/\" rel=\"category tag\">\u00daltimo Segundo<\/a>","rttpg_excerpt":"A Pol\u00edcia Civil de Goi\u00e1s (PCGO), por meio da Subdelegacia de S\u00e3o Francisco de Goi\u00e1s, cumpriu na manh\u00e3 desta ter\u00e7a-feira (27), em Jaragu\u00e1, mandado de pris\u00e3o preventiva contra uma mulher que responde pelo crime de furto (artigo 155, do C\u00f3digo Penal Brasileiro). Ela j\u00e1 possui v\u00e1rias passagens policiais neste tipo de crime. O mandado de&hellip;","_links":{"self":[{"href":"https:\/\/goias.gov.br\/policiacivil\/wp-json\/wp\/v2\/posts\/117542","targetHints":{"allow":["GET"]}}],"collection":[{"href":"https:\/\/goias.gov.br\/policiacivil\/wp-json\/wp\/v2\/posts"}],"about":[{"href":"https:\/\/goias.gov.br\/policiacivil\/wp-json\/wp\/v2\/types\/post"}],"author":[{"embeddable":true,"href":"https:\/\/goias.gov.br\/policiacivil\/wp-json\/wp\/v2\/users\/23"}],"replies":[{"embeddable":true,"href":"https:\/\/goias.gov.br\/policiacivil\/wp-json\/wp\/v2\/comments?post=117542"}],"version-history":[{"count":1,"href":"https:\/\/goias.gov.br\/policiacivil\/wp-json\/wp\/v2\/posts\/117542\/revisions"}],"predecessor-version":[{"id":117545,"href":"https:\/\/goias.gov.br\/policiacivil\/wp-json\/wp\/v2\/posts\/117542\/revisions\/117545"}],"wp:featuredmedia":[{"embeddable":true,"href":"https:\/\/goias.gov.br\/policiacivil\/wp-json\/wp\/v2\/media\/117543"}],"wp:attachment":[{"href":"https:\/\/goias.gov.br\/policiacivil\/wp-json\/wp\/v2\/media?parent=117542"}],"wp:term":[{"taxonomy":"category","embeddable":true,"href":"https:\/\/goias.gov.br\/policiacivil\/wp-json\/wp\/v2\/categories?post=117542"},{"taxonomy":"post_tag","embeddable":true,"href":"https:\/\/goias.gov.br\/policiacivil\/wp-json\/wp\/v2\/tags?post=117542"}],"curies":[{"name":"wp","href":"https:\/\/api.w.org\/{rel}","templated":true}]}}