

{"id":117075,"date":"2023-06-16T10:51:20","date_gmt":"2023-06-16T13:51:20","guid":{"rendered":" https:\/\/goias.gov.br\/policiacivil\/?p=117075"},"modified":"2023-06-16T10:51:20","modified_gmt":"2023-06-16T13:51:20","slug":"investigado-com-dois-mandados-de-prisao-em-aberto-e-preso-em-sao-francisco-de-goias","status":"publish","type":"post","link":"https:\/\/goias.gov.br\/policiacivil\/investigado-com-dois-mandados-de-prisao-em-aberto-e-preso-em-sao-francisco-de-goias\/","title":{"rendered":"Investigado com dois mandados de pris\u00e3o em aberto \u00e9 preso em S\u00e3o Francisco de Goi\u00e1s"},"content":{"rendered":"<p style=\"text-align: justify;\">A Pol\u00edcia Civil de Goi\u00e1s, por meio da Subdelegacia de S\u00e3o Francisco de Goi\u00e1s, cumpriu, no dia 15 de junho, dois mandados de pris\u00e3o expedidos pelo Poder Judici\u00e1rio das Comarcas de Jaragu\u00e1 (GO) e Gurupi (TO), contra o mesmo indiv\u00edduo, constatados ap\u00f3s consulta cartor\u00e1ria. A equipe da iniciou dilig\u00eancias e conseguiu localizar o indiv\u00edduo, que tem vasta lista de antecedentes, por diversos furtos e uso de identidade falsa.<\/p>\n","protected":false},"excerpt":{"rendered":"<p>A Pol\u00edcia Civil de Goi\u00e1s, por meio da Subdelegacia de S\u00e3o Francisco de Goi\u00e1s, cumpriu, no dia 15 de junho, dois mandados de pris\u00e3o expedidos pelo Poder Judici\u00e1rio das Comarcas de Jaragu\u00e1 (GO) e Gurupi (TO), contra o mesmo indiv\u00edduo, constatados ap\u00f3s consulta cartor\u00e1ria. A equipe da iniciou dilig\u00eancias e conseguiu localizar o indiv\u00edduo, que [&hellip;]<\/p>\n","protected":false},"author":23,"featured_media":117078,"comment_status":"closed","ping_status":"closed","sticky":false,"template":"","format":"standard","meta":{"footnotes":""},"categories":[3202,89,537],"tags":[3689],"class_list":["post-117075","post","type-post","status-publish","format-standard","has-post-thumbnail","hentry","category-15a-regional","category-regionais","category-ultimo-segundo","tag-sao-francisco"],"rttpg_featured_image_url":{"full":["https:\/\/goias.gov.br\/policiacivil\/wp-content\/uploads\/sites\/71\/2023\/06\/sao-francisco2.jpg",1006,886,false],"landscape":["https:\/\/goias.gov.br\/policiacivil\/wp-content\/uploads\/sites\/71\/2023\/06\/sao-francisco2.jpg",1006,886,false],"portraits":["https:\/\/goias.gov.br\/policiacivil\/wp-content\/uploads\/sites\/71\/2023\/06\/sao-francisco2.jpg",1006,886,false],"thumbnail":["https:\/\/goias.gov.br\/policiacivil\/wp-content\/uploads\/sites\/71\/2023\/06\/sao-francisco2-300x300.jpg",150,150,true],"medium":["https:\/\/goias.gov.br\/policiacivil\/wp-content\/uploads\/sites\/71\/2023\/06\/sao-francisco2-500x440.jpg",300,264,true],"large":["https:\/\/goias.gov.br\/policiacivil\/wp-content\/uploads\/sites\/71\/2023\/06\/sao-francisco2.jpg",1006,886,false],"1536x1536":["https:\/\/goias.gov.br\/policiacivil\/wp-content\/uploads\/sites\/71\/2023\/06\/sao-francisco2.jpg",1006,886,false],"2048x2048":["https:\/\/goias.gov.br\/policiacivil\/wp-content\/uploads\/sites\/71\/2023\/06\/sao-francisco2.jpg",1006,886,false]},"rttpg_author":{"display_name":"claudiacury","author_link":"https:\/\/goias.gov.br\/policiacivil\/author\/claudiacury\/"},"rttpg_comment":0,"rttpg_category":"<a href=\"https:\/\/goias.gov.br\/policiacivil\/categoria\/drp\/15a-regional\/\" rel=\"category tag\">15\u00aa Regional<\/a> <a href=\"https:\/\/goias.gov.br\/policiacivil\/categoria\/delegacias\/regionais\/\" rel=\"category tag\">Regionais<\/a> <a href=\"https:\/\/goias.gov.br\/policiacivil\/categoria\/ultimo-segundo\/\" rel=\"category tag\">\u00daltimo Segundo<\/a>","rttpg_excerpt":"A Pol\u00edcia Civil de Goi\u00e1s, por meio da Subdelegacia de S\u00e3o Francisco de Goi\u00e1s, cumpriu, no dia 15 de junho, dois mandados de pris\u00e3o expedidos pelo Poder Judici\u00e1rio das Comarcas de Jaragu\u00e1 (GO) e Gurupi (TO), contra o mesmo indiv\u00edduo, constatados ap\u00f3s consulta cartor\u00e1ria. A equipe da iniciou dilig\u00eancias e conseguiu localizar o indiv\u00edduo, que&hellip;","_links":{"self":[{"href":"https:\/\/goias.gov.br\/policiacivil\/wp-json\/wp\/v2\/posts\/117075","targetHints":{"allow":["GET"]}}],"collection":[{"href":"https:\/\/goias.gov.br\/policiacivil\/wp-json\/wp\/v2\/posts"}],"about":[{"href":"https:\/\/goias.gov.br\/policiacivil\/wp-json\/wp\/v2\/types\/post"}],"author":[{"embeddable":true,"href":"https:\/\/goias.gov.br\/policiacivil\/wp-json\/wp\/v2\/users\/23"}],"replies":[{"embeddable":true,"href":"https:\/\/goias.gov.br\/policiacivil\/wp-json\/wp\/v2\/comments?post=117075"}],"version-history":[{"count":2,"href":"https:\/\/goias.gov.br\/policiacivil\/wp-json\/wp\/v2\/posts\/117075\/revisions"}],"predecessor-version":[{"id":117079,"href":"https:\/\/goias.gov.br\/policiacivil\/wp-json\/wp\/v2\/posts\/117075\/revisions\/117079"}],"wp:featuredmedia":[{"embeddable":true,"href":"https:\/\/goias.gov.br\/policiacivil\/wp-json\/wp\/v2\/media\/117078"}],"wp:attachment":[{"href":"https:\/\/goias.gov.br\/policiacivil\/wp-json\/wp\/v2\/media?parent=117075"}],"wp:term":[{"taxonomy":"category","embeddable":true,"href":"https:\/\/goias.gov.br\/policiacivil\/wp-json\/wp\/v2\/categories?post=117075"},{"taxonomy":"post_tag","embeddable":true,"href":"https:\/\/goias.gov.br\/policiacivil\/wp-json\/wp\/v2\/tags?post=117075"}],"curies":[{"name":"wp","href":"https:\/\/api.w.org\/{rel}","templated":true}]}}