

{"id":116756,"date":"2023-06-03T11:25:46","date_gmt":"2023-06-03T14:25:46","guid":{"rendered":" https:\/\/goias.gov.br\/policiacivil\/?p=116756"},"modified":"2023-06-03T11:25:46","modified_gmt":"2023-06-03T14:25:46","slug":"pc-prende-em-aparecida-acusado-de-esfaquear-vitima-pelas-costas-apos-ser-abordado-na-rua-enquanto-brigava-com-sua-companheira","status":"publish","type":"post","link":"https:\/\/goias.gov.br\/policiacivil\/pc-prende-em-aparecida-acusado-de-esfaquear-vitima-pelas-costas-apos-ser-abordado-na-rua-enquanto-brigava-com-sua-companheira\/","title":{"rendered":"PC prende em Aparecida acusado de esfaquear v\u00edtima pelas costas ap\u00f3s ser abordado na rua enquanto brigava com sua companheira"},"content":{"rendered":"<p style=\"text-align: justify;\"><img fetchpriority=\"high\" decoding=\"async\" class=\" wp-image-116757 alignleft\" src=\" https:\/\/goias.gov.br\/policiacivil\/wp-content\/uploads\/sites\/71\/2023\/06\/whatsapp-image-2023-06-02-at-18.39.33-231x500.jpeg\" alt=\"\" width=\"167\" height=\"361\" srcset=\"https:\/\/goias.gov.br\/policiacivil\/wp-content\/uploads\/sites\/71\/2023\/06\/whatsapp-image-2023-06-02-at-18.39.33-231x500.jpeg 231w, https:\/\/goias.gov.br\/policiacivil\/wp-content\/uploads\/sites\/71\/2023\/06\/whatsapp-image-2023-06-02-at-18.39.33-194x420.jpeg 194w, https:\/\/goias.gov.br\/policiacivil\/wp-content\/uploads\/sites\/71\/2023\/06\/whatsapp-image-2023-06-02-at-18.39.33-388x840.jpeg 388w, https:\/\/goias.gov.br\/policiacivil\/wp-content\/uploads\/sites\/71\/2023\/06\/whatsapp-image-2023-06-02-at-18.39.33.jpeg 493w\" sizes=\"(max-width: 167px) 100vw, 167px\" \/>A Pol\u00edcia Civil, por meio da Delegacia Estadual de Investiga\u00e7\u00e3o de Homic\u00eddios (DIH), prendeu, na tarde de ontem (02\/6), Tarso Diego Costa Sousa (37 anos), acusado de tentativa de homic\u00eddio qualificado contra Mauro Marinho Filho, fato ocorrido em fevereiro de 2018, no Jardim Mariliza, regi\u00e3o leste da capital.\u00a0Segundo o apurado \u00e0 \u00e9poca, a v\u00edtima transitava a p\u00e9 quando viu Tarso brigando com sua ent\u00e3o companheira na rua. No ato, Tarso reclamou: &#8220;perdeu alguma coisa aqui?!&#8221;. Apesar de Mauro n\u00e3o retrucar e seguir seu caminho em sil\u00eancio, Tarso lan\u00e7ou m\u00e3o de uma faca e o agrediu pelas costas. Embora a gravidade das diversas les\u00f5es sofridas, o ofendido foi socorrido e sobreviveu.<\/p>\n<p style=\"text-align: justify;\">O ju\u00edzo da 3\u00aa Vara dos Crimes Dolosos Contra a Vida de Goi\u00e2nia decretou a pris\u00e3o preventiva de Tarso, cumprida ontem pelos policiais da DIH no setor Parque Trindade, em Aparecida de Goi\u00e2nia.\u00a0A divulga\u00e7\u00e3o da imagem e identifica\u00e7\u00e3o do preso foi precedida de despacho, nos termos da Lei n\u00ba 13.869\/2019, portaria n\u00ba 547\/2021\u2013 PC, Despacho do Delegado Geral, n.\u00ba 000010828006 e Despacho DIH\/DGPC- 09555, fundamentado na possibilidade de surgimento de testemunhas que contribuam ainda mais no esclarecimento do crime em tela e outros poss\u00edveis delitos praticados pelo autuado.<\/p>\n","protected":false},"excerpt":{"rendered":"<p>A Pol\u00edcia Civil, por meio da Delegacia Estadual de Investiga\u00e7\u00e3o de Homic\u00eddios (DIH), prendeu, na tarde de ontem (02\/6), Tarso Diego Costa Sousa (37 anos), acusado de tentativa de homic\u00eddio qualificado contra Mauro Marinho Filho, fato ocorrido em fevereiro de 2018, no Jardim Mariliza, regi\u00e3o leste da capital.\u00a0Segundo o apurado \u00e0 \u00e9poca, a v\u00edtima transitava [&hellip;]<\/p>\n","protected":false},"author":34,"featured_media":116758,"comment_status":"closed","ping_status":"closed","sticky":false,"template":"","format":"standard","meta":{"footnotes":""},"categories":[2538,92,537],"tags":[145,4143],"class_list":["post-116756","post","type-post","status-publish","format-standard","has-post-thumbnail","hentry","category-delegacias","category-especializadas","category-ultimo-segundo","tag-dih","tag-tentativa-de-homicidio"],"rttpg_featured_image_url":{"full":["https:\/\/goias.gov.br\/policiacivil\/wp-content\/uploads\/sites\/71\/2023\/06\/whatsapp-image-2023-06-02-at-11.03.01.jpeg",1068,890,false],"landscape":["https:\/\/goias.gov.br\/policiacivil\/wp-content\/uploads\/sites\/71\/2023\/06\/whatsapp-image-2023-06-02-at-11.03.01.jpeg",1068,890,false],"portraits":["https:\/\/goias.gov.br\/policiacivil\/wp-content\/uploads\/sites\/71\/2023\/06\/whatsapp-image-2023-06-02-at-11.03.01.jpeg",1068,890,false],"thumbnail":["https:\/\/goias.gov.br\/policiacivil\/wp-content\/uploads\/sites\/71\/2023\/06\/whatsapp-image-2023-06-02-at-11.03.01-300x300.jpeg",150,150,true],"medium":["https:\/\/goias.gov.br\/policiacivil\/wp-content\/uploads\/sites\/71\/2023\/06\/whatsapp-image-2023-06-02-at-11.03.01-500x417.jpeg",300,250,true],"large":["https:\/\/goias.gov.br\/policiacivil\/wp-content\/uploads\/sites\/71\/2023\/06\/whatsapp-image-2023-06-02-at-11.03.01.jpeg",1024,853,false],"1536x1536":["https:\/\/goias.gov.br\/policiacivil\/wp-content\/uploads\/sites\/71\/2023\/06\/whatsapp-image-2023-06-02-at-11.03.01.jpeg",1068,890,false],"2048x2048":["https:\/\/goias.gov.br\/policiacivil\/wp-content\/uploads\/sites\/71\/2023\/06\/whatsapp-image-2023-06-02-at-11.03.01.jpeg",1068,890,false]},"rttpg_author":{"display_name":"celsoassis","author_link":"https:\/\/goias.gov.br\/policiacivil\/author\/celsoassis\/"},"rttpg_comment":0,"rttpg_category":"<a href=\"https:\/\/goias.gov.br\/policiacivil\/categoria\/delegacias\/\" rel=\"category tag\">Delegacias<\/a> <a href=\"https:\/\/goias.gov.br\/policiacivil\/categoria\/delegacias\/especializadas\/\" rel=\"category tag\">Especializadas<\/a> <a href=\"https:\/\/goias.gov.br\/policiacivil\/categoria\/ultimo-segundo\/\" rel=\"category tag\">\u00daltimo Segundo<\/a>","rttpg_excerpt":"A Pol\u00edcia Civil, por meio da Delegacia Estadual de Investiga\u00e7\u00e3o de Homic\u00eddios (DIH), prendeu, na tarde de ontem (02\/6), Tarso Diego Costa Sousa (37 anos), acusado de tentativa de homic\u00eddio qualificado contra Mauro Marinho Filho, fato ocorrido em fevereiro de 2018, no Jardim Mariliza, regi\u00e3o leste da capital.\u00a0Segundo o apurado \u00e0 \u00e9poca, a v\u00edtima transitava&hellip;","_links":{"self":[{"href":"https:\/\/goias.gov.br\/policiacivil\/wp-json\/wp\/v2\/posts\/116756","targetHints":{"allow":["GET"]}}],"collection":[{"href":"https:\/\/goias.gov.br\/policiacivil\/wp-json\/wp\/v2\/posts"}],"about":[{"href":"https:\/\/goias.gov.br\/policiacivil\/wp-json\/wp\/v2\/types\/post"}],"author":[{"embeddable":true,"href":"https:\/\/goias.gov.br\/policiacivil\/wp-json\/wp\/v2\/users\/34"}],"replies":[{"embeddable":true,"href":"https:\/\/goias.gov.br\/policiacivil\/wp-json\/wp\/v2\/comments?post=116756"}],"version-history":[{"count":1,"href":"https:\/\/goias.gov.br\/policiacivil\/wp-json\/wp\/v2\/posts\/116756\/revisions"}],"predecessor-version":[{"id":116759,"href":"https:\/\/goias.gov.br\/policiacivil\/wp-json\/wp\/v2\/posts\/116756\/revisions\/116759"}],"wp:featuredmedia":[{"embeddable":true,"href":"https:\/\/goias.gov.br\/policiacivil\/wp-json\/wp\/v2\/media\/116758"}],"wp:attachment":[{"href":"https:\/\/goias.gov.br\/policiacivil\/wp-json\/wp\/v2\/media?parent=116756"}],"wp:term":[{"taxonomy":"category","embeddable":true,"href":"https:\/\/goias.gov.br\/policiacivil\/wp-json\/wp\/v2\/categories?post=116756"},{"taxonomy":"post_tag","embeddable":true,"href":"https:\/\/goias.gov.br\/policiacivil\/wp-json\/wp\/v2\/tags?post=116756"}],"curies":[{"name":"wp","href":"https:\/\/api.w.org\/{rel}","templated":true}]}}