

{"id":116292,"date":"2023-05-23T17:45:11","date_gmt":"2023-05-23T20:45:11","guid":{"rendered":" https:\/\/goias.gov.br\/policiacivil\/?p=116292"},"modified":"2023-05-23T17:46:04","modified_gmt":"2023-05-23T20:46:04","slug":"116292","status":"publish","type":"post","link":"https:\/\/goias.gov.br\/policiacivil\/116292\/","title":{"rendered":"PC prende autor de homic\u00eddio e fraude processual, em Cristalina"},"content":{"rendered":"<p style=\"text-align: justify;\">Os Grupos de Repress\u00e3o a Crimes Patrimoniais e a Narc\u00f3ticos (GEPATRI\/GENARC) de Cristalina cumpriram ontem (22\/5) mandado de pris\u00e3o tempor\u00e1ria em face de um homem pelo crime de homic\u00eddio qualificado consumado e fraude processual, que ocorreu no 21 de novembro de 2022, por volta das 01h45min, no distrito de Maraj\u00f3 &#8211; Gleba B, em Cristalina.\u00a0 A v\u00edtima W.S.R. foi encontrada com disparos de arma de fogo. No dia seguinte, o autor se entregou \u00e0 Pol\u00edcia Civil, exibiu a arma de fogo utilizada e prestou interrogat\u00f3rio afirmando, em s\u00edntese, que agiu em leg\u00edtima defesa. Antes de entregar a arma de fogo, o investigado dispensou em local incerto os estojos decorrentes dos disparos que estavam no tambor do rev\u00f3lver.<\/p>\n<p style=\"text-align: justify;\">Os laudos de local de crime e necrosc\u00f3pico foram apresentados e imediatamente foi poss\u00edvel aferir a falsidade do interrogat\u00f3rio. Houve testemunha ocular que afirmou que houve coautoria. A autoridade policial titular do GEPATRI\/GENARC de Cristalina representou pela pris\u00e3o tempor\u00e1ria dos investigados. Em exitosa atividade investigativa, foi poss\u00edvel cumprir a pris\u00e3o do autor.<\/p>\n","protected":false},"excerpt":{"rendered":"<p>Os Grupos de Repress\u00e3o a Crimes Patrimoniais e a Narc\u00f3ticos (GEPATRI\/GENARC) de Cristalina cumpriram ontem (22\/5) mandado de pris\u00e3o tempor\u00e1ria em face de um homem pelo crime de homic\u00eddio qualificado consumado e fraude processual, que ocorreu no 21 de novembro de 2022, por volta das 01h45min, no distrito de Maraj\u00f3 &#8211; Gleba B, em Cristalina.\u00a0 [&hellip;]<\/p>\n","protected":false},"author":34,"featured_media":116264,"comment_status":"closed","ping_status":"closed","sticky":false,"template":"","format":"standard","meta":{"footnotes":""},"categories":[3192,2538,89,537],"tags":[308],"class_list":["post-116292","post","type-post","status-publish","format-standard","has-post-thumbnail","hentry","category-5a-regional","category-delegacias","category-regionais","category-ultimo-segundo","tag-cristalina"],"rttpg_featured_image_url":{"full":["https:\/\/goias.gov.br\/policiacivil\/wp-content\/uploads\/sites\/71\/2023\/05\/whatsapp-image-2023-05-23-at-10.41.49.jpeg",1068,1054,false],"landscape":["https:\/\/goias.gov.br\/policiacivil\/wp-content\/uploads\/sites\/71\/2023\/05\/whatsapp-image-2023-05-23-at-10.41.49.jpeg",1068,1054,false],"portraits":["https:\/\/goias.gov.br\/policiacivil\/wp-content\/uploads\/sites\/71\/2023\/05\/whatsapp-image-2023-05-23-at-10.41.49.jpeg",1068,1054,false],"thumbnail":["https:\/\/goias.gov.br\/policiacivil\/wp-content\/uploads\/sites\/71\/2023\/05\/whatsapp-image-2023-05-23-at-10.41.49-300x300.jpeg",150,150,true],"medium":["https:\/\/goias.gov.br\/policiacivil\/wp-content\/uploads\/sites\/71\/2023\/05\/whatsapp-image-2023-05-23-at-10.41.49-500x493.jpeg",300,296,true],"large":["https:\/\/goias.gov.br\/policiacivil\/wp-content\/uploads\/sites\/71\/2023\/05\/whatsapp-image-2023-05-23-at-10.41.49.jpeg",1024,1011,false],"1536x1536":["https:\/\/goias.gov.br\/policiacivil\/wp-content\/uploads\/sites\/71\/2023\/05\/whatsapp-image-2023-05-23-at-10.41.49.jpeg",1068,1054,false],"2048x2048":["https:\/\/goias.gov.br\/policiacivil\/wp-content\/uploads\/sites\/71\/2023\/05\/whatsapp-image-2023-05-23-at-10.41.49.jpeg",1068,1054,false]},"rttpg_author":{"display_name":"celsoassis","author_link":"https:\/\/goias.gov.br\/policiacivil\/author\/celsoassis\/"},"rttpg_comment":0,"rttpg_category":"<a href=\"https:\/\/goias.gov.br\/policiacivil\/categoria\/drp\/5a-regional\/\" rel=\"category tag\">5\u00aa Regional<\/a> <a href=\"https:\/\/goias.gov.br\/policiacivil\/categoria\/delegacias\/\" rel=\"category tag\">Delegacias<\/a> <a href=\"https:\/\/goias.gov.br\/policiacivil\/categoria\/delegacias\/regionais\/\" rel=\"category tag\">Regionais<\/a> <a href=\"https:\/\/goias.gov.br\/policiacivil\/categoria\/ultimo-segundo\/\" rel=\"category tag\">\u00daltimo Segundo<\/a>","rttpg_excerpt":"Os Grupos de Repress\u00e3o a Crimes Patrimoniais e a Narc\u00f3ticos (GEPATRI\/GENARC) de Cristalina cumpriram ontem (22\/5) mandado de pris\u00e3o tempor\u00e1ria em face de um homem pelo crime de homic\u00eddio qualificado consumado e fraude processual, que ocorreu no 21 de novembro de 2022, por volta das 01h45min, no distrito de Maraj\u00f3 &#8211; Gleba B, em Cristalina.\u00a0&hellip;","_links":{"self":[{"href":"https:\/\/goias.gov.br\/policiacivil\/wp-json\/wp\/v2\/posts\/116292","targetHints":{"allow":["GET"]}}],"collection":[{"href":"https:\/\/goias.gov.br\/policiacivil\/wp-json\/wp\/v2\/posts"}],"about":[{"href":"https:\/\/goias.gov.br\/policiacivil\/wp-json\/wp\/v2\/types\/post"}],"author":[{"embeddable":true,"href":"https:\/\/goias.gov.br\/policiacivil\/wp-json\/wp\/v2\/users\/34"}],"replies":[{"embeddable":true,"href":"https:\/\/goias.gov.br\/policiacivil\/wp-json\/wp\/v2\/comments?post=116292"}],"version-history":[{"count":2,"href":"https:\/\/goias.gov.br\/policiacivil\/wp-json\/wp\/v2\/posts\/116292\/revisions"}],"predecessor-version":[{"id":116294,"href":"https:\/\/goias.gov.br\/policiacivil\/wp-json\/wp\/v2\/posts\/116292\/revisions\/116294"}],"wp:featuredmedia":[{"embeddable":true,"href":"https:\/\/goias.gov.br\/policiacivil\/wp-json\/wp\/v2\/media\/116264"}],"wp:attachment":[{"href":"https:\/\/goias.gov.br\/policiacivil\/wp-json\/wp\/v2\/media?parent=116292"}],"wp:term":[{"taxonomy":"category","embeddable":true,"href":"https:\/\/goias.gov.br\/policiacivil\/wp-json\/wp\/v2\/categories?post=116292"},{"taxonomy":"post_tag","embeddable":true,"href":"https:\/\/goias.gov.br\/policiacivil\/wp-json\/wp\/v2\/tags?post=116292"}],"curies":[{"name":"wp","href":"https:\/\/api.w.org\/{rel}","templated":true}]}}