

{"id":116101,"date":"2023-05-18T17:55:44","date_gmt":"2023-05-18T20:55:44","guid":{"rendered":" https:\/\/goias.gov.br\/policiacivil\/?p=116101"},"modified":"2023-05-18T17:55:44","modified_gmt":"2023-05-18T20:55:44","slug":"gih-prende-dois-envolvidos-em-homicidio-em-anapolis-motivado-por-trafico-de-drogas","status":"publish","type":"post","link":"https:\/\/goias.gov.br\/policiacivil\/gih-prende-dois-envolvidos-em-homicidio-em-anapolis-motivado-por-trafico-de-drogas\/","title":{"rendered":"GIH prende dois envolvidos em homic\u00eddio em An\u00e1polis motivado por tr\u00e1fico de drogas"},"content":{"rendered":"<p>Ap\u00f3s a pr\u00e1tica do homic\u00eddio contra a v\u00edtima Raysa Mikaela Silva Gomes, ocorrido no dia 11\/11\/2018, por volta das 22h:45min, no Bairro de Lourdes, An\u00e1polis, onde ela foi atingida por disparos de arma de fogo efetuados por dois indiv\u00edduos, o Grupo de Investiga\u00e7\u00e3o de Homic\u00eddios (GIH) da cidade deu andamento na investiga\u00e7\u00e3o.. Tendo em vista as investiga\u00e7\u00f5es desenvolvidas, foi representada pela pris\u00e3o preventiva dos autores, sendo apresentado tal pedido ao Poder Judici\u00e1rio, uma vez que o crime cometido foi extremamente grave, sem contar que eles s\u00e3o envolvidos em outras pr\u00e1ticas criminosas e um deles estava foragido.<\/p>\n<p>Consta dos autos, que no dia 11\/11\/2018, por volta das 22h:45min no Bairro de Lourdes, o autores, em repres\u00e1lia \u00e0 v\u00edtima, pelo fato dela n\u00e3o ter pago uma d\u00edvida de drogas, combinaram a entrega de uma por\u00e7\u00e3o de coca\u00edna \u00e0 v\u00edtima na invas\u00e3o do Bairro de Lourdes pr\u00f3ximo ao viaduto da BR 153, e no momento em que ela chegou ao local combinado, os autores, dois homens, sa\u00edram de um mato alto e, de surpresa, aproximaram-se e desferiram disparos contra a v\u00edtima, que veio \u00e0 \u00f3bito no local.<\/p>\n<p>Ap\u00f3s policiais do GIH tomarem conhecimento de que um dos autores estava na cidade de Cristian\u00f3polis, hoje (18\/5) entraram em contato com policiais civis da cidade os quais, por volta das 13h:35min, efetuaram a pris\u00e3o dele.\u00a0 No mesmo dia, por volta das 16hs, policiais civis do GIH, juntamente com o apoio de um policial civil da 3\u00aa DRP, efetivaram o cumprimento do mandado de pris\u00e3o do outro autor, o qual foi ouvido, tendo permanecido em sil\u00eancio.<\/p>\n<p>&nbsp;<\/p>\n","protected":false},"excerpt":{"rendered":"<p>Ap\u00f3s a pr\u00e1tica do homic\u00eddio contra a v\u00edtima Raysa Mikaela Silva Gomes, ocorrido no dia 11\/11\/2018, por volta das 22h:45min, no Bairro de Lourdes, An\u00e1polis, onde ela foi atingida por disparos de arma de fogo efetuados por dois indiv\u00edduos, o Grupo de Investiga\u00e7\u00e3o de Homic\u00eddios (GIH) da cidade deu andamento na investiga\u00e7\u00e3o.. Tendo em vista [&hellip;]<\/p>\n","protected":false},"author":34,"featured_media":116103,"comment_status":"closed","ping_status":"closed","sticky":false,"template":"","format":"standard","meta":{"footnotes":""},"categories":[3190,2538,537],"tags":[31],"class_list":["post-116101","post","type-post","status-publish","format-standard","has-post-thumbnail","hentry","category-3a-regional","category-delegacias","category-ultimo-segundo","tag-anapolis"],"rttpg_featured_image_url":{"full":["https:\/\/goias.gov.br\/policiacivil\/wp-content\/uploads\/sites\/71\/2023\/05\/whatsapp-image-2023-05-18-at-17.47.52.jpeg",1068,1056,false],"landscape":["https:\/\/goias.gov.br\/policiacivil\/wp-content\/uploads\/sites\/71\/2023\/05\/whatsapp-image-2023-05-18-at-17.47.52.jpeg",1068,1056,false],"portraits":["https:\/\/goias.gov.br\/policiacivil\/wp-content\/uploads\/sites\/71\/2023\/05\/whatsapp-image-2023-05-18-at-17.47.52.jpeg",1068,1056,false],"thumbnail":["https:\/\/goias.gov.br\/policiacivil\/wp-content\/uploads\/sites\/71\/2023\/05\/whatsapp-image-2023-05-18-at-17.47.52-300x300.jpeg",150,150,true],"medium":["https:\/\/goias.gov.br\/policiacivil\/wp-content\/uploads\/sites\/71\/2023\/05\/whatsapp-image-2023-05-18-at-17.47.52-500x494.jpeg",300,296,true],"large":["https:\/\/goias.gov.br\/policiacivil\/wp-content\/uploads\/sites\/71\/2023\/05\/whatsapp-image-2023-05-18-at-17.47.52.jpeg",1024,1012,false],"1536x1536":["https:\/\/goias.gov.br\/policiacivil\/wp-content\/uploads\/sites\/71\/2023\/05\/whatsapp-image-2023-05-18-at-17.47.52.jpeg",1068,1056,false],"2048x2048":["https:\/\/goias.gov.br\/policiacivil\/wp-content\/uploads\/sites\/71\/2023\/05\/whatsapp-image-2023-05-18-at-17.47.52.jpeg",1068,1056,false]},"rttpg_author":{"display_name":"celsoassis","author_link":"https:\/\/goias.gov.br\/policiacivil\/author\/celsoassis\/"},"rttpg_comment":0,"rttpg_category":"<a href=\"https:\/\/goias.gov.br\/policiacivil\/categoria\/drp\/3a-regional\/\" rel=\"category tag\">3\u00aa Regional<\/a> <a href=\"https:\/\/goias.gov.br\/policiacivil\/categoria\/delegacias\/\" rel=\"category tag\">Delegacias<\/a> <a href=\"https:\/\/goias.gov.br\/policiacivil\/categoria\/ultimo-segundo\/\" rel=\"category tag\">\u00daltimo Segundo<\/a>","rttpg_excerpt":"Ap\u00f3s a pr\u00e1tica do homic\u00eddio contra a v\u00edtima Raysa Mikaela Silva Gomes, ocorrido no dia 11\/11\/2018, por volta das 22h:45min, no Bairro de Lourdes, An\u00e1polis, onde ela foi atingida por disparos de arma de fogo efetuados por dois indiv\u00edduos, o Grupo de Investiga\u00e7\u00e3o de Homic\u00eddios (GIH) da cidade deu andamento na investiga\u00e7\u00e3o.. Tendo em vista&hellip;","_links":{"self":[{"href":"https:\/\/goias.gov.br\/policiacivil\/wp-json\/wp\/v2\/posts\/116101","targetHints":{"allow":["GET"]}}],"collection":[{"href":"https:\/\/goias.gov.br\/policiacivil\/wp-json\/wp\/v2\/posts"}],"about":[{"href":"https:\/\/goias.gov.br\/policiacivil\/wp-json\/wp\/v2\/types\/post"}],"author":[{"embeddable":true,"href":"https:\/\/goias.gov.br\/policiacivil\/wp-json\/wp\/v2\/users\/34"}],"replies":[{"embeddable":true,"href":"https:\/\/goias.gov.br\/policiacivil\/wp-json\/wp\/v2\/comments?post=116101"}],"version-history":[{"count":2,"href":"https:\/\/goias.gov.br\/policiacivil\/wp-json\/wp\/v2\/posts\/116101\/revisions"}],"predecessor-version":[{"id":116104,"href":"https:\/\/goias.gov.br\/policiacivil\/wp-json\/wp\/v2\/posts\/116101\/revisions\/116104"}],"wp:featuredmedia":[{"embeddable":true,"href":"https:\/\/goias.gov.br\/policiacivil\/wp-json\/wp\/v2\/media\/116103"}],"wp:attachment":[{"href":"https:\/\/goias.gov.br\/policiacivil\/wp-json\/wp\/v2\/media?parent=116101"}],"wp:term":[{"taxonomy":"category","embeddable":true,"href":"https:\/\/goias.gov.br\/policiacivil\/wp-json\/wp\/v2\/categories?post=116101"},{"taxonomy":"post_tag","embeddable":true,"href":"https:\/\/goias.gov.br\/policiacivil\/wp-json\/wp\/v2\/tags?post=116101"}],"curies":[{"name":"wp","href":"https:\/\/api.w.org\/{rel}","templated":true}]}}