

{"id":116077,"date":"2023-05-18T15:53:39","date_gmt":"2023-05-18T18:53:39","guid":{"rendered":" https:\/\/goias.gov.br\/policiacivil\/?p=116077"},"modified":"2023-05-18T15:53:39","modified_gmt":"2023-05-18T18:53:39","slug":"policia-civil-procura-por-investigado-por-roubo-de-maquinarios-agricolas","status":"publish","type":"post","link":"https:\/\/goias.gov.br\/policiacivil\/policia-civil-procura-por-investigado-por-roubo-de-maquinarios-agricolas\/","title":{"rendered":"Pol\u00edcia Civil procura por investigado por roubo de maquin\u00e1rios agr\u00edcolas"},"content":{"rendered":"<p style=\"text-align: justify;\"><img fetchpriority=\"high\" decoding=\"async\" class=\" wp-image-116078 alignleft\" src=\" https:\/\/goias.gov.br\/policiacivil\/wp-content\/uploads\/sites\/71\/2023\/05\/whatsapp-image-2023-05-18-at-13.21.33-500x496.jpeg\" alt=\"\" width=\"338\" height=\"335\" srcset=\"https:\/\/goias.gov.br\/policiacivil\/wp-content\/uploads\/sites\/71\/2023\/05\/whatsapp-image-2023-05-18-at-13.21.33-500x496.jpeg 500w, https:\/\/goias.gov.br\/policiacivil\/wp-content\/uploads\/sites\/71\/2023\/05\/whatsapp-image-2023-05-18-at-13.21.33-768x762.jpeg 768w, https:\/\/goias.gov.br\/policiacivil\/wp-content\/uploads\/sites\/71\/2023\/05\/whatsapp-image-2023-05-18-at-13.21.33-696x690.jpeg 696w, https:\/\/goias.gov.br\/policiacivil\/wp-content\/uploads\/sites\/71\/2023\/05\/whatsapp-image-2023-05-18-at-13.21.33-424x420.jpeg 424w, https:\/\/goias.gov.br\/policiacivil\/wp-content\/uploads\/sites\/71\/2023\/05\/whatsapp-image-2023-05-18-at-13.21.33-847x840.jpeg 847w, https:\/\/goias.gov.br\/policiacivil\/wp-content\/uploads\/sites\/71\/2023\/05\/whatsapp-image-2023-05-18-at-13.21.33.jpeg 1068w\" sizes=\"(max-width: 338px) 100vw, 338px\" \/>A Pol\u00edcia Civil de Goi\u00e1s, atrav\u00e9s da Delegacia Estadual de Repress\u00e3o a Crimes Rurais (DERCR) e Ponto Focal Rural de Itumbiara, com participa\u00e7\u00e3o da equipe da Delegacia de Pol\u00edcia de Bom Jesus, procura por Irenio Euler Novaes Santos, vulgo Medina, de 35 anos, em raz\u00e3o de crime de roubo. As investiga\u00e7\u00f5es conclu\u00edram que o procurado fazia parte de uma organiza\u00e7\u00e3o criminosa que roubava maquin\u00e1rios agr\u00edcolas em v\u00e1rios Estados da Federa\u00e7\u00e3o incluindo o sul Goiano.<\/p>\n<p style=\"text-align: justify;\">Em crime ocorrido na cidade de Bom Jesus, no ano 2021, foi constatado a participa\u00e7\u00e3o dele, sendo expedido o seu mandado de pris\u00e3o preventiva em 15 de maio deste ano, pelo Poder Judici\u00e1rio. Qualquer not\u00edcia do paradeiro de Medina pode ser informado a DP de Bom Jesus, telefones (64) 3608-1320 ou (64) 99299-2102, al\u00e9m do disque 197. A divulga\u00e7\u00e3o da imagem do investigado foi procedida nos termos da Lei n\u00ba 13.869\/2019 e da Portaria n\u00ba 547\/2021 \u2013 PC, conforme Despacho do(a) Delegado(a) de Pol\u00edcia respons\u00e1vel pelo inqu\u00e9rito policial, de modo que a publica\u00e7\u00e3o de sua imagem possa auxiliar em sua pris\u00e3o.<\/p>\n","protected":false},"excerpt":{"rendered":"<p>A Pol\u00edcia Civil de Goi\u00e1s, atrav\u00e9s da Delegacia Estadual de Repress\u00e3o a Crimes Rurais (DERCR) e Ponto Focal Rural de Itumbiara, com participa\u00e7\u00e3o da equipe da Delegacia de Pol\u00edcia de Bom Jesus, procura por Irenio Euler Novaes Santos, vulgo Medina, de 35 anos, em raz\u00e3o de crime de roubo. As investiga\u00e7\u00f5es conclu\u00edram que o procurado [&hellip;]<\/p>\n","protected":false},"author":34,"featured_media":116078,"comment_status":"closed","ping_status":"closed","sticky":false,"template":"","format":"standard","meta":{"footnotes":""},"categories":[3193,2538,89,537],"tags":[16,524],"class_list":["post-116077","post","type-post","status-publish","format-standard","has-post-thumbnail","hentry","category-6a-regional","category-delegacias","category-regionais","category-ultimo-segundo","tag-itumbiara","tag-roubo"],"rttpg_featured_image_url":{"full":["https:\/\/goias.gov.br\/policiacivil\/wp-content\/uploads\/sites\/71\/2023\/05\/whatsapp-image-2023-05-18-at-13.21.33.jpeg",1068,1059,false],"landscape":["https:\/\/goias.gov.br\/policiacivil\/wp-content\/uploads\/sites\/71\/2023\/05\/whatsapp-image-2023-05-18-at-13.21.33.jpeg",1068,1059,false],"portraits":["https:\/\/goias.gov.br\/policiacivil\/wp-content\/uploads\/sites\/71\/2023\/05\/whatsapp-image-2023-05-18-at-13.21.33.jpeg",1068,1059,false],"thumbnail":["https:\/\/goias.gov.br\/policiacivil\/wp-content\/uploads\/sites\/71\/2023\/05\/whatsapp-image-2023-05-18-at-13.21.33-300x300.jpeg",150,150,true],"medium":["https:\/\/goias.gov.br\/policiacivil\/wp-content\/uploads\/sites\/71\/2023\/05\/whatsapp-image-2023-05-18-at-13.21.33-500x496.jpeg",300,298,true],"large":["https:\/\/goias.gov.br\/policiacivil\/wp-content\/uploads\/sites\/71\/2023\/05\/whatsapp-image-2023-05-18-at-13.21.33.jpeg",1024,1015,false],"1536x1536":["https:\/\/goias.gov.br\/policiacivil\/wp-content\/uploads\/sites\/71\/2023\/05\/whatsapp-image-2023-05-18-at-13.21.33.jpeg",1068,1059,false],"2048x2048":["https:\/\/goias.gov.br\/policiacivil\/wp-content\/uploads\/sites\/71\/2023\/05\/whatsapp-image-2023-05-18-at-13.21.33.jpeg",1068,1059,false]},"rttpg_author":{"display_name":"celsoassis","author_link":"https:\/\/goias.gov.br\/policiacivil\/author\/celsoassis\/"},"rttpg_comment":0,"rttpg_category":"<a href=\"https:\/\/goias.gov.br\/policiacivil\/categoria\/drp\/6a-regional\/\" rel=\"category tag\">6\u00aa Regional<\/a> <a href=\"https:\/\/goias.gov.br\/policiacivil\/categoria\/delegacias\/\" rel=\"category tag\">Delegacias<\/a> <a href=\"https:\/\/goias.gov.br\/policiacivil\/categoria\/delegacias\/regionais\/\" rel=\"category tag\">Regionais<\/a> <a href=\"https:\/\/goias.gov.br\/policiacivil\/categoria\/ultimo-segundo\/\" rel=\"category tag\">\u00daltimo Segundo<\/a>","rttpg_excerpt":"A Pol\u00edcia Civil de Goi\u00e1s, atrav\u00e9s da Delegacia Estadual de Repress\u00e3o a Crimes Rurais (DERCR) e Ponto Focal Rural de Itumbiara, com participa\u00e7\u00e3o da equipe da Delegacia de Pol\u00edcia de Bom Jesus, procura por Irenio Euler Novaes Santos, vulgo Medina, de 35 anos, em raz\u00e3o de crime de roubo. As investiga\u00e7\u00f5es conclu\u00edram que o procurado&hellip;","_links":{"self":[{"href":"https:\/\/goias.gov.br\/policiacivil\/wp-json\/wp\/v2\/posts\/116077","targetHints":{"allow":["GET"]}}],"collection":[{"href":"https:\/\/goias.gov.br\/policiacivil\/wp-json\/wp\/v2\/posts"}],"about":[{"href":"https:\/\/goias.gov.br\/policiacivil\/wp-json\/wp\/v2\/types\/post"}],"author":[{"embeddable":true,"href":"https:\/\/goias.gov.br\/policiacivil\/wp-json\/wp\/v2\/users\/34"}],"replies":[{"embeddable":true,"href":"https:\/\/goias.gov.br\/policiacivil\/wp-json\/wp\/v2\/comments?post=116077"}],"version-history":[{"count":1,"href":"https:\/\/goias.gov.br\/policiacivil\/wp-json\/wp\/v2\/posts\/116077\/revisions"}],"predecessor-version":[{"id":116079,"href":"https:\/\/goias.gov.br\/policiacivil\/wp-json\/wp\/v2\/posts\/116077\/revisions\/116079"}],"wp:featuredmedia":[{"embeddable":true,"href":"https:\/\/goias.gov.br\/policiacivil\/wp-json\/wp\/v2\/media\/116078"}],"wp:attachment":[{"href":"https:\/\/goias.gov.br\/policiacivil\/wp-json\/wp\/v2\/media?parent=116077"}],"wp:term":[{"taxonomy":"category","embeddable":true,"href":"https:\/\/goias.gov.br\/policiacivil\/wp-json\/wp\/v2\/categories?post=116077"},{"taxonomy":"post_tag","embeddable":true,"href":"https:\/\/goias.gov.br\/policiacivil\/wp-json\/wp\/v2\/tags?post=116077"}],"curies":[{"name":"wp","href":"https:\/\/api.w.org\/{rel}","templated":true}]}}