

{"id":115784,"date":"2023-05-12T07:52:16","date_gmt":"2023-05-12T10:52:16","guid":{"rendered":" https:\/\/goias.gov.br\/policiacivil\/?p=115784"},"modified":"2023-05-12T07:52:16","modified_gmt":"2023-05-12T10:52:16","slug":"foragido-da-justica-de-rondonia-e-preso-em-cristalina","status":"publish","type":"post","link":"https:\/\/goias.gov.br\/policiacivil\/foragido-da-justica-de-rondonia-e-preso-em-cristalina\/","title":{"rendered":"Foragido da Justi\u00e7a de Rond\u00f4nia \u00e9 preso em Cristalina"},"content":{"rendered":"<p style=\"text-align: justify;\"><img decoding=\"async\" class=\" wp-image-115785 alignleft\" src=\" https:\/\/goias.gov.br\/policiacivil\/wp-content\/uploads\/sites\/71\/2023\/05\/whatsapp-image-2023-05-12-at-07.51.51.jpeg\" alt=\"\" width=\"171\" height=\"230\" \/>Ap\u00f3s den\u00fancia an\u00f4nima sobre um foragindo do Estado de Rond\u00f4nia que estaria residindo na comarca de Cristalina, os policiais civis do Genarc\/Pepatri iniciaram dilig\u00eancias objetivando localizar e prender o investigado. Ele foi localizado na tarde de quarta-feira (10\/5) quando chegava em sua resid\u00eancia. No ato da pris\u00e3o, o investigado, que responde \u00e0 Justi\u00e7a pelos crimes de roubo e desobedi\u00eancia, alegou ter outro nome, diverso do do mandado de pris\u00e3o, mas as equipes perceberam que ele tentava falsear sua verdadeira identidade.<\/p>\n","protected":false},"excerpt":{"rendered":"<p>Ap\u00f3s den\u00fancia an\u00f4nima sobre um foragindo do Estado de Rond\u00f4nia que estaria residindo na comarca de Cristalina, os policiais civis do Genarc\/Pepatri iniciaram dilig\u00eancias objetivando localizar e prender o investigado. Ele foi localizado na tarde de quarta-feira (10\/5) quando chegava em sua resid\u00eancia. No ato da pris\u00e3o, o investigado, que responde \u00e0 Justi\u00e7a pelos crimes [&hellip;]<\/p>\n","protected":false},"author":34,"featured_media":115785,"comment_status":"closed","ping_status":"closed","sticky":false,"template":"","format":"standard","meta":{"footnotes":""},"categories":[3192,2538,89,537],"tags":[308],"class_list":["post-115784","post","type-post","status-publish","format-standard","has-post-thumbnail","hentry","category-5a-regional","category-delegacias","category-regionais","category-ultimo-segundo","tag-cristalina"],"rttpg_featured_image_url":{"full":["https:\/\/goias.gov.br\/policiacivil\/wp-content\/uploads\/sites\/71\/2023\/05\/whatsapp-image-2023-05-12-at-07.51.51.jpeg",234,315,false],"landscape":["https:\/\/goias.gov.br\/policiacivil\/wp-content\/uploads\/sites\/71\/2023\/05\/whatsapp-image-2023-05-12-at-07.51.51.jpeg",234,315,false],"portraits":["https:\/\/goias.gov.br\/policiacivil\/wp-content\/uploads\/sites\/71\/2023\/05\/whatsapp-image-2023-05-12-at-07.51.51.jpeg",234,315,false],"thumbnail":["https:\/\/goias.gov.br\/policiacivil\/wp-content\/uploads\/sites\/71\/2023\/05\/whatsapp-image-2023-05-12-at-07.51.51-234x300.jpeg",117,150,true],"medium":["https:\/\/goias.gov.br\/policiacivil\/wp-content\/uploads\/sites\/71\/2023\/05\/whatsapp-image-2023-05-12-at-07.51.51.jpeg",223,300,false],"large":["https:\/\/goias.gov.br\/policiacivil\/wp-content\/uploads\/sites\/71\/2023\/05\/whatsapp-image-2023-05-12-at-07.51.51.jpeg",234,315,false],"1536x1536":["https:\/\/goias.gov.br\/policiacivil\/wp-content\/uploads\/sites\/71\/2023\/05\/whatsapp-image-2023-05-12-at-07.51.51.jpeg",234,315,false],"2048x2048":["https:\/\/goias.gov.br\/policiacivil\/wp-content\/uploads\/sites\/71\/2023\/05\/whatsapp-image-2023-05-12-at-07.51.51.jpeg",234,315,false]},"rttpg_author":{"display_name":"celsoassis","author_link":"https:\/\/goias.gov.br\/policiacivil\/author\/celsoassis\/"},"rttpg_comment":0,"rttpg_category":"<a href=\"https:\/\/goias.gov.br\/policiacivil\/categoria\/drp\/5a-regional\/\" rel=\"category tag\">5\u00aa Regional<\/a> <a href=\"https:\/\/goias.gov.br\/policiacivil\/categoria\/delegacias\/\" rel=\"category tag\">Delegacias<\/a> <a href=\"https:\/\/goias.gov.br\/policiacivil\/categoria\/delegacias\/regionais\/\" rel=\"category tag\">Regionais<\/a> <a href=\"https:\/\/goias.gov.br\/policiacivil\/categoria\/ultimo-segundo\/\" rel=\"category tag\">\u00daltimo Segundo<\/a>","rttpg_excerpt":"Ap\u00f3s den\u00fancia an\u00f4nima sobre um foragindo do Estado de Rond\u00f4nia que estaria residindo na comarca de Cristalina, os policiais civis do Genarc\/Pepatri iniciaram dilig\u00eancias objetivando localizar e prender o investigado. Ele foi localizado na tarde de quarta-feira (10\/5) quando chegava em sua resid\u00eancia. No ato da pris\u00e3o, o investigado, que responde \u00e0 Justi\u00e7a pelos crimes&hellip;","_links":{"self":[{"href":"https:\/\/goias.gov.br\/policiacivil\/wp-json\/wp\/v2\/posts\/115784","targetHints":{"allow":["GET"]}}],"collection":[{"href":"https:\/\/goias.gov.br\/policiacivil\/wp-json\/wp\/v2\/posts"}],"about":[{"href":"https:\/\/goias.gov.br\/policiacivil\/wp-json\/wp\/v2\/types\/post"}],"author":[{"embeddable":true,"href":"https:\/\/goias.gov.br\/policiacivil\/wp-json\/wp\/v2\/users\/34"}],"replies":[{"embeddable":true,"href":"https:\/\/goias.gov.br\/policiacivil\/wp-json\/wp\/v2\/comments?post=115784"}],"version-history":[{"count":1,"href":"https:\/\/goias.gov.br\/policiacivil\/wp-json\/wp\/v2\/posts\/115784\/revisions"}],"predecessor-version":[{"id":115786,"href":"https:\/\/goias.gov.br\/policiacivil\/wp-json\/wp\/v2\/posts\/115784\/revisions\/115786"}],"wp:featuredmedia":[{"embeddable":true,"href":"https:\/\/goias.gov.br\/policiacivil\/wp-json\/wp\/v2\/media\/115785"}],"wp:attachment":[{"href":"https:\/\/goias.gov.br\/policiacivil\/wp-json\/wp\/v2\/media?parent=115784"}],"wp:term":[{"taxonomy":"category","embeddable":true,"href":"https:\/\/goias.gov.br\/policiacivil\/wp-json\/wp\/v2\/categories?post=115784"},{"taxonomy":"post_tag","embeddable":true,"href":"https:\/\/goias.gov.br\/policiacivil\/wp-json\/wp\/v2\/tags?post=115784"}],"curies":[{"name":"wp","href":"https:\/\/api.w.org\/{rel}","templated":true}]}}