{"id":115003,"date":"2023-04-26T17:44:16","date_gmt":"2023-04-26T20:44:16","guid":{"rendered":" https:\/\/goias.gov.br\/policiacivil\/?p=115003"},"modified":"2023-04-26T17:44:16","modified_gmt":"2023-04-26T20:44:16","slug":"pcgo-prende-condenado-a-50-anos-de-reclusao-por-homicidio","status":"publish","type":"post","link":"https:\/\/goias.gov.br\/policiacivil\/pcgo-prende-condenado-a-50-anos-de-reclusao-por-homicidio\/","title":{"rendered":"PCGO prende condenado a 50 anos de reclus\u00e3o por homic\u00eddio"},"content":{"rendered":"<p style=\"text-align: justify;\">Na manh\u00e3 de hoje (26\/4), no Residencial Flor do Cerrado, em An\u00e1polis, os policiais civis da Delegacia Estadual de Capturas (Decap), ap\u00f3s participarem da Opera\u00e7\u00e3o Bomba, cumpriram dois mandados de pris\u00e3o definitiva em desfavor de um homem pela pr\u00e1tica dos crimes de homic\u00eddio qualificado. Os mandados s\u00e3o oriundos da Vara Criminal do Tribunal do J\u00fari de Santa Maria (DF), e da Vara Criminal do Tribunal do J\u00fari de Ceil\u00e2ndia (DF). A pena imposta foi de 50 anos de reclus\u00e3o. O preso se encontra recolhido na Unidade Prisional de An\u00e1polis, permanecendo \u00e0 disposi\u00e7\u00e3o do Poder Judici\u00e1rio.<\/p>\n","protected":false},"excerpt":{"rendered":"<p>Na manh\u00e3 de hoje (26\/4), no Residencial Flor do Cerrado, em An\u00e1polis, os policiais civis da Delegacia Estadual de Capturas (Decap), ap\u00f3s participarem da Opera\u00e7\u00e3o Bomba, cumpriram dois mandados de pris\u00e3o definitiva em desfavor de um homem pela pr\u00e1tica dos crimes de homic\u00eddio qualificado. Os mandados s\u00e3o oriundos da Vara Criminal do Tribunal do J\u00fari [&hellip;]<\/p>\n","protected":false},"author":34,"featured_media":115004,"comment_status":"closed","ping_status":"closed","sticky":false,"template":"","format":"standard","meta":{"footnotes":""},"categories":[2538,92,537],"tags":[2648],"class_list":["post-115003","post","type-post","status-publish","format-standard","has-post-thumbnail","hentry","category-delegacias","category-especializadas","category-ultimo-segundo","tag-decap"],"rttpg_featured_image_url":{"full":["https:\/\/goias.gov.br\/policiacivil\/wp-content\/uploads\/sites\/71\/2023\/04\/whatsapp-image-2020-10-08-at-09.59.47.jpeg",801,1068,false],"landscape":["https:\/\/goias.gov.br\/policiacivil\/wp-content\/uploads\/sites\/71\/2023\/04\/whatsapp-image-2020-10-08-at-09.59.47.jpeg",801,1068,false],"portraits":["https:\/\/goias.gov.br\/policiacivil\/wp-content\/uploads\/sites\/71\/2023\/04\/whatsapp-image-2020-10-08-at-09.59.47.jpeg",801,1068,false],"thumbnail":["https:\/\/goias.gov.br\/policiacivil\/wp-content\/uploads\/sites\/71\/2023\/04\/whatsapp-image-2020-10-08-at-09.59.47-300x300.jpeg",150,150,true],"medium":["https:\/\/goias.gov.br\/policiacivil\/wp-content\/uploads\/sites\/71\/2023\/04\/whatsapp-image-2020-10-08-at-09.59.47-375x500.jpeg",225,300,true],"large":["https:\/\/goias.gov.br\/policiacivil\/wp-content\/uploads\/sites\/71\/2023\/04\/whatsapp-image-2020-10-08-at-09.59.47.jpeg",768,1024,false],"1536x1536":["https:\/\/goias.gov.br\/policiacivil\/wp-content\/uploads\/sites\/71\/2023\/04\/whatsapp-image-2020-10-08-at-09.59.47.jpeg",801,1068,false],"2048x2048":["https:\/\/goias.gov.br\/policiacivil\/wp-content\/uploads\/sites\/71\/2023\/04\/whatsapp-image-2020-10-08-at-09.59.47.jpeg",801,1068,false]},"rttpg_author":{"display_name":"celsoassis","author_link":"https:\/\/goias.gov.br\/policiacivil\/author\/celsoassis\/"},"rttpg_comment":0,"rttpg_category":"<a href=\"https:\/\/goias.gov.br\/policiacivil\/categoria\/delegacias\/\" rel=\"category tag\">Delegacias<\/a> <a href=\"https:\/\/goias.gov.br\/policiacivil\/categoria\/delegacias\/especializadas\/\" rel=\"category tag\">Especializadas<\/a> <a href=\"https:\/\/goias.gov.br\/policiacivil\/categoria\/ultimo-segundo\/\" rel=\"category tag\">\u00daltimo Segundo<\/a>","rttpg_excerpt":"Na manh\u00e3 de hoje (26\/4), no Residencial Flor do Cerrado, em An\u00e1polis, os policiais civis da Delegacia Estadual de Capturas (Decap), ap\u00f3s participarem da Opera\u00e7\u00e3o Bomba, cumpriram dois mandados de pris\u00e3o definitiva em desfavor de um homem pela pr\u00e1tica dos crimes de homic\u00eddio qualificado. Os mandados s\u00e3o oriundos da Vara Criminal do Tribunal do J\u00fari&hellip;","_links":{"self":[{"href":"https:\/\/goias.gov.br\/policiacivil\/wp-json\/wp\/v2\/posts\/115003","targetHints":{"allow":["GET"]}}],"collection":[{"href":"https:\/\/goias.gov.br\/policiacivil\/wp-json\/wp\/v2\/posts"}],"about":[{"href":"https:\/\/goias.gov.br\/policiacivil\/wp-json\/wp\/v2\/types\/post"}],"author":[{"embeddable":true,"href":"https:\/\/goias.gov.br\/policiacivil\/wp-json\/wp\/v2\/users\/34"}],"replies":[{"embeddable":true,"href":"https:\/\/goias.gov.br\/policiacivil\/wp-json\/wp\/v2\/comments?post=115003"}],"version-history":[{"count":1,"href":"https:\/\/goias.gov.br\/policiacivil\/wp-json\/wp\/v2\/posts\/115003\/revisions"}],"predecessor-version":[{"id":115005,"href":"https:\/\/goias.gov.br\/policiacivil\/wp-json\/wp\/v2\/posts\/115003\/revisions\/115005"}],"wp:featuredmedia":[{"embeddable":true,"href":"https:\/\/goias.gov.br\/policiacivil\/wp-json\/wp\/v2\/media\/115004"}],"wp:attachment":[{"href":"https:\/\/goias.gov.br\/policiacivil\/wp-json\/wp\/v2\/media?parent=115003"}],"wp:term":[{"taxonomy":"category","embeddable":true,"href":"https:\/\/goias.gov.br\/policiacivil\/wp-json\/wp\/v2\/categories?post=115003"},{"taxonomy":"post_tag","embeddable":true,"href":"https:\/\/goias.gov.br\/policiacivil\/wp-json\/wp\/v2\/tags?post=115003"}],"curies":[{"name":"wp","href":"https:\/\/api.w.org\/{rel}","templated":true}]}}