

{"id":114157,"date":"2023-04-11T11:29:24","date_gmt":"2023-04-11T14:29:24","guid":{"rendered":" https:\/\/goias.gov.br\/policiacivil\/?p=114157"},"modified":"2023-04-11T11:29:24","modified_gmt":"2023-04-11T14:29:24","slug":"pc-prende-pai-por-agressao-a-filha-adolescente-denunciou-caso-as-professoras","status":"publish","type":"post","link":"https:\/\/goias.gov.br\/policiacivil\/pc-prende-pai-por-agressao-a-filha-adolescente-denunciou-caso-as-professoras\/","title":{"rendered":"PC prende pai por agress\u00e3o \u00e0 filha; adolescente denunciou caso \u00e0s professoras"},"content":{"rendered":"<p style=\"text-align: justify;\">A Delegacia de Pol\u00edcia de Alto Para\u00edso prendeu em flagrante um indiv\u00edduo pelos crimes de les\u00e3o corporal, amea\u00e7a e inj\u00faria, cometidos no contexto da viol\u00eancia dom\u00e9stica. Consta nos autos que a v\u00edtima, de 16 anos de idade, \u00e9 filha do autor e que ambos moram juntos na mesma resid\u00eancia. Ontem (10\/4) a v\u00edtima foi at\u00e9 a escola e a professora da adolescente percebeu que ela estava com uma les\u00e3o no rosto e muito calada. Indagada, a v\u00edtima contou para a professora que foi agredida pelo seu pai na madrugada com socos no rosto, nas costas e posteriormente com um fio de metal, ocasionando a les\u00e3o em seu rosto.<\/p>\n<p style=\"text-align: justify;\">A v\u00edtima foi encaminhada pelas professoras ao Hospital Municipal e foi constatado que ela teve a integridade f\u00edsica ofendida. Depois disso, as professoras encaminharam a adolescente at\u00e9 a sede policial para relatar os fatos ocorridos. Ato cont\u00ednuo, os policiais civis iniciaram dilig\u00eancias e prenderam o autor em flagrante delito.<\/p>\n<p style=\"text-align: justify;\">Em sede policial, a v\u00edtima informou que, al\u00e9m da agress\u00e3o, seu pai a chamou de vagabunda e desgra\u00e7ada, dizendo, ainda, que lhe bateria de novo quando retornasse da escola. Ap\u00f3s os procedimentos de praxe, o autor foi encaminhado a Unidade Prisional de Alto Para\u00edso e encontra-se \u00e0 disposi\u00e7\u00e3o do Poder Judici\u00e1rio.<\/p>\n","protected":false},"excerpt":{"rendered":"<p>A Delegacia de Pol\u00edcia de Alto Para\u00edso prendeu em flagrante um indiv\u00edduo pelos crimes de les\u00e3o corporal, amea\u00e7a e inj\u00faria, cometidos no contexto da viol\u00eancia dom\u00e9stica. Consta nos autos que a v\u00edtima, de 16 anos de idade, \u00e9 filha do autor e que ambos moram juntos na mesma resid\u00eancia. Ontem (10\/4) a v\u00edtima foi at\u00e9 [&hellip;]<\/p>\n","protected":false},"author":34,"featured_media":114158,"comment_status":"closed","ping_status":"closed","sticky":false,"template":"","format":"standard","meta":{"footnotes":""},"categories":[3198,2538,89,537],"tags":[596,548,3350],"class_list":["post-114157","post","type-post","status-publish","format-standard","has-post-thumbnail","hentry","category-11a-regional","category-delegacias","category-regionais","category-ultimo-segundo","tag-adolescente","tag-agressao","tag-alto-paraiso"],"rttpg_featured_image_url":{"full":["https:\/\/goias.gov.br\/policiacivil\/wp-content\/uploads\/sites\/71\/2023\/04\/whatsapp-image-2023-04-11-at-10.45.00.jpeg",1068,1068,false],"landscape":["https:\/\/goias.gov.br\/policiacivil\/wp-content\/uploads\/sites\/71\/2023\/04\/whatsapp-image-2023-04-11-at-10.45.00.jpeg",1068,1068,false],"portraits":["https:\/\/goias.gov.br\/policiacivil\/wp-content\/uploads\/sites\/71\/2023\/04\/whatsapp-image-2023-04-11-at-10.45.00.jpeg",1068,1068,false],"thumbnail":["https:\/\/goias.gov.br\/policiacivil\/wp-content\/uploads\/sites\/71\/2023\/04\/whatsapp-image-2023-04-11-at-10.45.00-300x300.jpeg",150,150,true],"medium":["https:\/\/goias.gov.br\/policiacivil\/wp-content\/uploads\/sites\/71\/2023\/04\/whatsapp-image-2023-04-11-at-10.45.00-500x500.jpeg",300,300,true],"large":["https:\/\/goias.gov.br\/policiacivil\/wp-content\/uploads\/sites\/71\/2023\/04\/whatsapp-image-2023-04-11-at-10.45.00-1068x1068.jpeg",1024,1024,true],"1536x1536":["https:\/\/goias.gov.br\/policiacivil\/wp-content\/uploads\/sites\/71\/2023\/04\/whatsapp-image-2023-04-11-at-10.45.00.jpeg",1068,1068,false],"2048x2048":["https:\/\/goias.gov.br\/policiacivil\/wp-content\/uploads\/sites\/71\/2023\/04\/whatsapp-image-2023-04-11-at-10.45.00.jpeg",1068,1068,false]},"rttpg_author":{"display_name":"celsoassis","author_link":"https:\/\/goias.gov.br\/policiacivil\/author\/celsoassis\/"},"rttpg_comment":0,"rttpg_category":"<a href=\"https:\/\/goias.gov.br\/policiacivil\/categoria\/drp\/11a-regional\/\" rel=\"category tag\">11\u00aa Regional<\/a> <a href=\"https:\/\/goias.gov.br\/policiacivil\/categoria\/delegacias\/\" rel=\"category tag\">Delegacias<\/a> <a href=\"https:\/\/goias.gov.br\/policiacivil\/categoria\/delegacias\/regionais\/\" rel=\"category tag\">Regionais<\/a> <a href=\"https:\/\/goias.gov.br\/policiacivil\/categoria\/ultimo-segundo\/\" rel=\"category tag\">\u00daltimo Segundo<\/a>","rttpg_excerpt":"A Delegacia de Pol\u00edcia de Alto Para\u00edso prendeu em flagrante um indiv\u00edduo pelos crimes de les\u00e3o corporal, amea\u00e7a e inj\u00faria, cometidos no contexto da viol\u00eancia dom\u00e9stica. Consta nos autos que a v\u00edtima, de 16 anos de idade, \u00e9 filha do autor e que ambos moram juntos na mesma resid\u00eancia. Ontem (10\/4) a v\u00edtima foi at\u00e9&hellip;","_links":{"self":[{"href":"https:\/\/goias.gov.br\/policiacivil\/wp-json\/wp\/v2\/posts\/114157","targetHints":{"allow":["GET"]}}],"collection":[{"href":"https:\/\/goias.gov.br\/policiacivil\/wp-json\/wp\/v2\/posts"}],"about":[{"href":"https:\/\/goias.gov.br\/policiacivil\/wp-json\/wp\/v2\/types\/post"}],"author":[{"embeddable":true,"href":"https:\/\/goias.gov.br\/policiacivil\/wp-json\/wp\/v2\/users\/34"}],"replies":[{"embeddable":true,"href":"https:\/\/goias.gov.br\/policiacivil\/wp-json\/wp\/v2\/comments?post=114157"}],"version-history":[{"count":1,"href":"https:\/\/goias.gov.br\/policiacivil\/wp-json\/wp\/v2\/posts\/114157\/revisions"}],"predecessor-version":[{"id":114159,"href":"https:\/\/goias.gov.br\/policiacivil\/wp-json\/wp\/v2\/posts\/114157\/revisions\/114159"}],"wp:featuredmedia":[{"embeddable":true,"href":"https:\/\/goias.gov.br\/policiacivil\/wp-json\/wp\/v2\/media\/114158"}],"wp:attachment":[{"href":"https:\/\/goias.gov.br\/policiacivil\/wp-json\/wp\/v2\/media?parent=114157"}],"wp:term":[{"taxonomy":"category","embeddable":true,"href":"https:\/\/goias.gov.br\/policiacivil\/wp-json\/wp\/v2\/categories?post=114157"},{"taxonomy":"post_tag","embeddable":true,"href":"https:\/\/goias.gov.br\/policiacivil\/wp-json\/wp\/v2\/tags?post=114157"}],"curies":[{"name":"wp","href":"https:\/\/api.w.org\/{rel}","templated":true}]}}