

{"id":113891,"date":"2023-04-01T13:15:39","date_gmt":"2023-04-01T16:15:39","guid":{"rendered":" https:\/\/goias.gov.br\/policiacivil\/?p=113891"},"modified":"2023-04-01T15:15:48","modified_gmt":"2023-04-01T18:15:48","slug":"pcgo-resgata-mulher-confinada-pelo-namorado-em-fazenda-de-doverlandia-e-vitima-de-violencia-psicologica","status":"publish","type":"post","link":"https:\/\/goias.gov.br\/policiacivil\/pcgo-resgata-mulher-confinada-pelo-namorado-em-fazenda-de-doverlandia-e-vitima-de-violencia-psicologica\/","title":{"rendered":"PCGO resgata mulher confinada pelo namorado, em fazenda de Doverl\u00e2ndia, e v\u00edtima de viol\u00eancia psicol\u00f3gica"},"content":{"rendered":"<p style=\"text-align: justify;\">Na \u00faltima quarta-feira (29\/3), ap\u00f3s determina\u00e7\u00e3o direta da Superintend\u00eancia de Pol\u00edcia Judici\u00e1ria da PCGO e troca de informa\u00e7\u00f5es e a\u00e7\u00e3o integrada entra as Pol\u00edcias Civis de Goi\u00e1s e Sergipe, uma mulher, de 52 anos, natural da cidade de Aracaju (SE), foi localizada e resgatada por equipes da Delegacia Especializada no Atendimento \u00e0 Mulher (Deam) de Jata\u00ed e demais unidades policiais da 14\u00aa DRP. Ela foi encontrada em uma propriedade rural localizada na cidade de Doverl\u00e2ndia.<\/p>\n<p style=\"text-align: justify;\">Segundo as investiga\u00e7\u00f5es, o autor, de 32 anos, ap\u00f3s iniciar um breve relacionamento virtual com a v\u00edtima, a convidou para juntos morarem na zonal rural, iniciando assim um relacionamento amoroso que j\u00e1 durava cerca de um m\u00eas. Segundo relatos da pr\u00f3pria v\u00edtima, em poucos dias, ap\u00f3s a mudan\u00e7a e conviv\u00eancia com o autor, esse iniciou uma s\u00e9rie de agress\u00f5es f\u00edsicas e verbais, al\u00e9m de um controle e vigil\u00e2ncia excessivos da mulher, chegando ao extremo de determinar que a v\u00edtima somente se utilizasse do banheiro com a porta aberta. As dilig\u00eancias tamb\u00e9m levantaram que o autor monitorava as liga\u00e7\u00f5es e mensagens telef\u00f4nicas da v\u00edtima, que eram acompanhadas pessoalmente, sobretudo quando eram direcionadas para familiares do Estado de Sergipe.<\/p>\n<p style=\"text-align: justify;\">Diante do cen\u00e1rio apresentado e do estado de p\u00e2nico, medo e apreens\u00e3o em que a v\u00edtima foi encontrada, com ind\u00edcios de viol\u00eancia psicol\u00f3gica, a mulher foi encaminhada por uma das equipes a Jata\u00ed para atendimento por toda rede de apoio social existente na cidade, recebendo alimenta\u00e7\u00e3o e hospedagem, at\u00e9 o estabelecimento de novo domic\u00edlio, tendo a equipe posteriormente embarcado a v\u00edtima para o seu novo destino. O autor foi preso em flagrante pelo crime de viol\u00eancia psicol\u00f3gica, sendo encaminhado \u00e0 Central de Flagrantes de Jata\u00ed, a 200 km de Doverl\u00e2ndia, ficando preso por n\u00e3o pagar a fian\u00e7a. A pris\u00e3o teve apoio da 7\u00aa DRP e Pol\u00edcia Militar em Jata\u00ed.<\/p>\n<p>&nbsp;<\/p>\n<div id='gallery-1' class='gallery galleryid-113891 gallery-columns-2 gallery-size-thumbnail'><figure class='gallery-item'>\n\t\t\t<div class='gallery-icon portrait'>\n\t\t\t\t<a href='https:\/\/goias.gov.br\/policiacivil\/wp-content\/uploads\/sites\/71\/2023\/04\/whatsapp-image-2023-04-01-at-13.25.47-1.jpeg'><img decoding=\"async\" width=\"150\" height=\"150\" src=\"https:\/\/goias.gov.br\/policiacivil\/wp-content\/uploads\/sites\/71\/2023\/04\/whatsapp-image-2023-04-01-at-13.25.47-1-300x300.jpeg\" class=\"attachment-thumbnail size-thumbnail\" alt=\"\" srcset=\"https:\/\/goias.gov.br\/policiacivil\/wp-content\/uploads\/sites\/71\/2023\/04\/whatsapp-image-2023-04-01-at-13.25.47-1-300x300.jpeg 300w, https:\/\/goias.gov.br\/policiacivil\/wp-content\/uploads\/sites\/71\/2023\/04\/whatsapp-image-2023-04-01-at-13.25.47-1-768x770.jpeg 768w\" sizes=\"(max-width: 150px) 100vw, 150px\" \/><\/a>\n\t\t\t<\/div><\/figure><figure class='gallery-item'>\n\t\t\t<div class='gallery-icon portrait'>\n\t\t\t\t<a href='https:\/\/goias.gov.br\/policiacivil\/wp-content\/uploads\/sites\/71\/2023\/04\/whatsapp-image-2023-04-01-at-13.25.47.jpeg'><img decoding=\"async\" width=\"150\" height=\"150\" src=\"https:\/\/goias.gov.br\/policiacivil\/wp-content\/uploads\/sites\/71\/2023\/04\/whatsapp-image-2023-04-01-at-13.25.47-300x300.jpeg\" class=\"attachment-thumbnail size-thumbnail\" alt=\"\" \/><\/a>\n\t\t\t<\/div><\/figure>\n\t\t<\/div>\n\n<p>&nbsp;<\/p>\n","protected":false},"excerpt":{"rendered":"<p>Na \u00faltima quarta-feira (29\/3), ap\u00f3s determina\u00e7\u00e3o direta da Superintend\u00eancia de Pol\u00edcia Judici\u00e1ria da PCGO e troca de informa\u00e7\u00f5es e a\u00e7\u00e3o integrada entra as Pol\u00edcias Civis de Goi\u00e1s e Sergipe, uma mulher, de 52 anos, natural da cidade de Aracaju (SE), foi localizada e resgatada por equipes da Delegacia Especializada no Atendimento \u00e0 Mulher (Deam) de [&hellip;]<\/p>\n","protected":false},"author":34,"featured_media":113892,"comment_status":"closed","ping_status":"closed","sticky":false,"template":"","format":"standard","meta":{"footnotes":""},"categories":[3201,2538,6069,89],"tags":[1267,255,10165],"class_list":["post-113891","post","type-post","status-publish","format-standard","has-post-thumbnail","hentry","category-14a-regional","category-delegacias","category-noticias-da-policia-civil","category-regionais","tag-doverlandia","tag-mulher","tag-violencia-psicologica"],"rttpg_featured_image_url":{"full":["https:\/\/goias.gov.br\/policiacivil\/wp-content\/uploads\/sites\/71\/2023\/04\/whatsapp-image-2023-04-01-at-13.25.47-1.jpeg",768,1024,false],"landscape":["https:\/\/goias.gov.br\/policiacivil\/wp-content\/uploads\/sites\/71\/2023\/04\/whatsapp-image-2023-04-01-at-13.25.47-1.jpeg",768,1024,false],"portraits":["https:\/\/goias.gov.br\/policiacivil\/wp-content\/uploads\/sites\/71\/2023\/04\/whatsapp-image-2023-04-01-at-13.25.47-1.jpeg",768,1024,false],"thumbnail":["https:\/\/goias.gov.br\/policiacivil\/wp-content\/uploads\/sites\/71\/2023\/04\/whatsapp-image-2023-04-01-at-13.25.47-1-300x300.jpeg",150,150,true],"medium":["https:\/\/goias.gov.br\/policiacivil\/wp-content\/uploads\/sites\/71\/2023\/04\/whatsapp-image-2023-04-01-at-13.25.47-1-375x500.jpeg",225,300,true],"large":["https:\/\/goias.gov.br\/policiacivil\/wp-content\/uploads\/sites\/71\/2023\/04\/whatsapp-image-2023-04-01-at-13.25.47-1.jpeg",768,1024,false],"1536x1536":["https:\/\/goias.gov.br\/policiacivil\/wp-content\/uploads\/sites\/71\/2023\/04\/whatsapp-image-2023-04-01-at-13.25.47-1.jpeg",768,1024,false],"2048x2048":["https:\/\/goias.gov.br\/policiacivil\/wp-content\/uploads\/sites\/71\/2023\/04\/whatsapp-image-2023-04-01-at-13.25.47-1.jpeg",768,1024,false]},"rttpg_author":{"display_name":"celsoassis","author_link":"https:\/\/goias.gov.br\/policiacivil\/author\/celsoassis\/"},"rttpg_comment":0,"rttpg_category":"<a href=\"https:\/\/goias.gov.br\/policiacivil\/categoria\/drp\/14a-regional\/\" rel=\"category tag\">14\u00aa Regional<\/a> <a href=\"https:\/\/goias.gov.br\/policiacivil\/categoria\/delegacias\/\" rel=\"category tag\">Delegacias<\/a> <a href=\"https:\/\/goias.gov.br\/policiacivil\/categoria\/noticias\/noticias-da-policia-civil\/\" rel=\"category tag\">Not\u00edcias da Pol\u00edcia Civil<\/a> <a href=\"https:\/\/goias.gov.br\/policiacivil\/categoria\/delegacias\/regionais\/\" rel=\"category tag\">Regionais<\/a>","rttpg_excerpt":"Na \u00faltima quarta-feira (29\/3), ap\u00f3s determina\u00e7\u00e3o direta da Superintend\u00eancia de Pol\u00edcia Judici\u00e1ria da PCGO e troca de informa\u00e7\u00f5es e a\u00e7\u00e3o integrada entra as Pol\u00edcias Civis de Goi\u00e1s e Sergipe, uma mulher, de 52 anos, natural da cidade de Aracaju (SE), foi localizada e resgatada por equipes da Delegacia Especializada no Atendimento \u00e0 Mulher (Deam) de&hellip;","_links":{"self":[{"href":"https:\/\/goias.gov.br\/policiacivil\/wp-json\/wp\/v2\/posts\/113891","targetHints":{"allow":["GET"]}}],"collection":[{"href":"https:\/\/goias.gov.br\/policiacivil\/wp-json\/wp\/v2\/posts"}],"about":[{"href":"https:\/\/goias.gov.br\/policiacivil\/wp-json\/wp\/v2\/types\/post"}],"author":[{"embeddable":true,"href":"https:\/\/goias.gov.br\/policiacivil\/wp-json\/wp\/v2\/users\/34"}],"replies":[{"embeddable":true,"href":"https:\/\/goias.gov.br\/policiacivil\/wp-json\/wp\/v2\/comments?post=113891"}],"version-history":[{"count":1,"href":"https:\/\/goias.gov.br\/policiacivil\/wp-json\/wp\/v2\/posts\/113891\/revisions"}],"predecessor-version":[{"id":113896,"href":"https:\/\/goias.gov.br\/policiacivil\/wp-json\/wp\/v2\/posts\/113891\/revisions\/113896"}],"wp:featuredmedia":[{"embeddable":true,"href":"https:\/\/goias.gov.br\/policiacivil\/wp-json\/wp\/v2\/media\/113892"}],"wp:attachment":[{"href":"https:\/\/goias.gov.br\/policiacivil\/wp-json\/wp\/v2\/media?parent=113891"}],"wp:term":[{"taxonomy":"category","embeddable":true,"href":"https:\/\/goias.gov.br\/policiacivil\/wp-json\/wp\/v2\/categories?post=113891"},{"taxonomy":"post_tag","embeddable":true,"href":"https:\/\/goias.gov.br\/policiacivil\/wp-json\/wp\/v2\/tags?post=113891"}],"curies":[{"name":"wp","href":"https:\/\/api.w.org\/{rel}","templated":true}]}}