

{"id":113655,"date":"2023-03-28T13:58:49","date_gmt":"2023-03-28T16:58:49","guid":{"rendered":" https:\/\/goias.gov.br\/policiacivil\/?p=113655"},"modified":"2023-03-28T14:00:56","modified_gmt":"2023-03-28T17:00:56","slug":"pcgo-cumpre-mandado-de-busca-em-casa-de-investigado-por-violencia-domestica","status":"publish","type":"post","link":"https:\/\/goias.gov.br\/policiacivil\/pcgo-cumpre-mandado-de-busca-em-casa-de-investigado-por-violencia-domestica\/","title":{"rendered":"PCGO cumpre mandado de busca em casa de investigado por viol\u00eancia dom\u00e9stica"},"content":{"rendered":"<p style=\"text-align: justify;\"><img fetchpriority=\"high\" decoding=\"async\" class=\" wp-image-113656 alignleft\" src=\" https:\/\/goias.gov.br\/policiacivil\/wp-content\/uploads\/sites\/71\/2023\/03\/crixas2-500x374.jpeg\" alt=\"\" width=\"348\" height=\"260\" srcset=\"https:\/\/goias.gov.br\/policiacivil\/wp-content\/uploads\/sites\/71\/2023\/03\/crixas2-500x374.jpeg 500w, https:\/\/goias.gov.br\/policiacivil\/wp-content\/uploads\/sites\/71\/2023\/03\/crixas2-768x575.jpeg 768w, https:\/\/goias.gov.br\/policiacivil\/wp-content\/uploads\/sites\/71\/2023\/03\/crixas2-80x60.jpeg 80w, https:\/\/goias.gov.br\/policiacivil\/wp-content\/uploads\/sites\/71\/2023\/03\/crixas2-160x120.jpeg 160w, https:\/\/goias.gov.br\/policiacivil\/wp-content\/uploads\/sites\/71\/2023\/03\/crixas2-265x198.jpeg 265w, https:\/\/goias.gov.br\/policiacivil\/wp-content\/uploads\/sites\/71\/2023\/03\/crixas2-530x396.jpeg 530w, https:\/\/goias.gov.br\/policiacivil\/wp-content\/uploads\/sites\/71\/2023\/03\/crixas2-696x521.jpeg 696w, https:\/\/goias.gov.br\/policiacivil\/wp-content\/uploads\/sites\/71\/2023\/03\/crixas2-561x420.jpeg 561w, https:\/\/goias.gov.br\/policiacivil\/wp-content\/uploads\/sites\/71\/2023\/03\/crixas2.jpeg 1068w\" sizes=\"(max-width: 348px) 100vw, 348px\" \/>A Pol\u00edcia Civil do Estado de Goi\u00e1s, por interm\u00e9dio da equipe da Delegacia de Pol\u00edcia de Crix\u00e1s, deflagrou, na manh\u00e3 desta ter\u00e7a-feira (28), na \u00e1rea rural do munic\u00edpio de Crix\u00e1s, a\u00e7\u00e3o vinculada \u00e0 Opera\u00e7\u00e3o \u00c1tria, coordenada pelo Minist\u00e9rio da Justi\u00e7a, com objetivo de coibir, investigar e prevenir a pr\u00e1tica de infra\u00e7\u00f5es penais praticadas no \u00e2mbito da viol\u00eancia dom\u00e9stica e familiar contra a mulher.<\/p>\n<p style=\"text-align: justify;\">Diante disso, foi dado cumprimento a mandado de busca na resid\u00eancia de um indiv\u00edduo investigado por praticar les\u00e3o corporal e amea\u00e7a em face de sua esposa em um assentamento, na \u00e1rea rural, a 40 quil\u00f4metros da cidade de Crix\u00e1s.<\/p>\n","protected":false},"excerpt":{"rendered":"<p>A Pol\u00edcia Civil do Estado de Goi\u00e1s, por interm\u00e9dio da equipe da Delegacia de Pol\u00edcia de Crix\u00e1s, deflagrou, na manh\u00e3 desta ter\u00e7a-feira (28), na \u00e1rea rural do munic\u00edpio de Crix\u00e1s, a\u00e7\u00e3o vinculada \u00e0 Opera\u00e7\u00e3o \u00c1tria, coordenada pelo Minist\u00e9rio da Justi\u00e7a, com objetivo de coibir, investigar e prevenir a pr\u00e1tica de infra\u00e7\u00f5es penais praticadas no \u00e2mbito [&hellip;]<\/p>\n","protected":false},"author":23,"featured_media":113657,"comment_status":"closed","ping_status":"closed","sticky":false,"template":"","format":"standard","meta":{"footnotes":""},"categories":[3197,89,537],"tags":[10132,640],"class_list":["post-113655","post","type-post","status-publish","format-standard","has-post-thumbnail","hentry","category-10a-regional","category-regionais","category-ultimo-segundo","tag-atria","tag-crixas"],"rttpg_featured_image_url":{"full":["https:\/\/goias.gov.br\/policiacivil\/wp-content\/uploads\/sites\/71\/2023\/03\/crixas3.jpeg",1068,799,false],"landscape":["https:\/\/goias.gov.br\/policiacivil\/wp-content\/uploads\/sites\/71\/2023\/03\/crixas3.jpeg",1068,799,false],"portraits":["https:\/\/goias.gov.br\/policiacivil\/wp-content\/uploads\/sites\/71\/2023\/03\/crixas3.jpeg",1068,799,false],"thumbnail":["https:\/\/goias.gov.br\/policiacivil\/wp-content\/uploads\/sites\/71\/2023\/03\/crixas3-300x300.jpeg",150,150,true],"medium":["https:\/\/goias.gov.br\/policiacivil\/wp-content\/uploads\/sites\/71\/2023\/03\/crixas3-500x374.jpeg",300,224,true],"large":["https:\/\/goias.gov.br\/policiacivil\/wp-content\/uploads\/sites\/71\/2023\/03\/crixas3.jpeg",1024,766,false],"1536x1536":["https:\/\/goias.gov.br\/policiacivil\/wp-content\/uploads\/sites\/71\/2023\/03\/crixas3.jpeg",1068,799,false],"2048x2048":["https:\/\/goias.gov.br\/policiacivil\/wp-content\/uploads\/sites\/71\/2023\/03\/crixas3.jpeg",1068,799,false]},"rttpg_author":{"display_name":"claudiacury","author_link":"https:\/\/goias.gov.br\/policiacivil\/author\/claudiacury\/"},"rttpg_comment":0,"rttpg_category":"<a href=\"https:\/\/goias.gov.br\/policiacivil\/categoria\/drp\/10a-regional\/\" rel=\"category tag\">10\u00aa Regional<\/a> <a href=\"https:\/\/goias.gov.br\/policiacivil\/categoria\/delegacias\/regionais\/\" rel=\"category tag\">Regionais<\/a> <a href=\"https:\/\/goias.gov.br\/policiacivil\/categoria\/ultimo-segundo\/\" rel=\"category tag\">\u00daltimo Segundo<\/a>","rttpg_excerpt":"A Pol\u00edcia Civil do Estado de Goi\u00e1s, por interm\u00e9dio da equipe da Delegacia de Pol\u00edcia de Crix\u00e1s, deflagrou, na manh\u00e3 desta ter\u00e7a-feira (28), na \u00e1rea rural do munic\u00edpio de Crix\u00e1s, a\u00e7\u00e3o vinculada \u00e0 Opera\u00e7\u00e3o \u00c1tria, coordenada pelo Minist\u00e9rio da Justi\u00e7a, com objetivo de coibir, investigar e prevenir a pr\u00e1tica de infra\u00e7\u00f5es penais praticadas no \u00e2mbito&hellip;","_links":{"self":[{"href":"https:\/\/goias.gov.br\/policiacivil\/wp-json\/wp\/v2\/posts\/113655","targetHints":{"allow":["GET"]}}],"collection":[{"href":"https:\/\/goias.gov.br\/policiacivil\/wp-json\/wp\/v2\/posts"}],"about":[{"href":"https:\/\/goias.gov.br\/policiacivil\/wp-json\/wp\/v2\/types\/post"}],"author":[{"embeddable":true,"href":"https:\/\/goias.gov.br\/policiacivil\/wp-json\/wp\/v2\/users\/23"}],"replies":[{"embeddable":true,"href":"https:\/\/goias.gov.br\/policiacivil\/wp-json\/wp\/v2\/comments?post=113655"}],"version-history":[{"count":1,"href":"https:\/\/goias.gov.br\/policiacivil\/wp-json\/wp\/v2\/posts\/113655\/revisions"}],"predecessor-version":[{"id":113658,"href":"https:\/\/goias.gov.br\/policiacivil\/wp-json\/wp\/v2\/posts\/113655\/revisions\/113658"}],"wp:featuredmedia":[{"embeddable":true,"href":"https:\/\/goias.gov.br\/policiacivil\/wp-json\/wp\/v2\/media\/113657"}],"wp:attachment":[{"href":"https:\/\/goias.gov.br\/policiacivil\/wp-json\/wp\/v2\/media?parent=113655"}],"wp:term":[{"taxonomy":"category","embeddable":true,"href":"https:\/\/goias.gov.br\/policiacivil\/wp-json\/wp\/v2\/categories?post=113655"},{"taxonomy":"post_tag","embeddable":true,"href":"https:\/\/goias.gov.br\/policiacivil\/wp-json\/wp\/v2\/tags?post=113655"}],"curies":[{"name":"wp","href":"https:\/\/api.w.org\/{rel}","templated":true}]}}