

{"id":113467,"date":"2023-03-23T13:12:06","date_gmt":"2023-03-23T16:12:06","guid":{"rendered":" https:\/\/goias.gov.br\/policiacivil\/?p=113467"},"modified":"2023-03-23T13:12:06","modified_gmt":"2023-03-23T16:12:06","slug":"suspeito-que-agrediu-mulher-e-homem-que-tentou-socorre-la-e-preso-em-catalao","status":"publish","type":"post","link":"https:\/\/goias.gov.br\/policiacivil\/suspeito-que-agrediu-mulher-e-homem-que-tentou-socorre-la-e-preso-em-catalao\/","title":{"rendered":"Suspeito que agrediu mulher e homem que tentou socorr\u00ea-la \u00e9 preso em Catal\u00e3o"},"content":{"rendered":"<p style=\"text-align: justify;\">A Pol\u00edcia Civil de Goi\u00e1s, por meio da Central de Flagrantes de Catal\u00e3o, com apoio da Pol\u00edcia Militar, prendeu em flagrante, no dia 22 de mar\u00e7o, Bairro Primavera, pr\u00f3ximo \u00e0 unidade prisional de Catal\u00e3o, um suspeito de 26 anos de idade, pela pr\u00e1tica de crime de homic\u00eddio tentado.<\/p>\n<p style=\"text-align: justify;\">Conforme a investiga\u00e7\u00e3o, no momento em que policiais civis se deslocavam para conduzir presos at\u00e9 a unidade prisional, foram abordados por populares pedindo socorro e informando que um indiv\u00edduo havia agredido outra pessoa com golpes de capacete e que a v\u00edtima estava desacordada.<\/p>\n<p style=\"text-align: justify;\">Segundo informa\u00e7\u00f5es das testemunhas, o suspeito estava agredindo uma mulher quando a v\u00edtima tentou socorr\u00ea-la e acabou tamb\u00e9m sendo agredida com golpes de capacete, ficando desacordada e com um dente quebrado.<\/p>\n<p>Ao tomar ci\u00eancia do fatos, imediatamente, os policias civis prestaram socorro \u00e0 v\u00edtima, acionando o Corpo de Bombeiros e, em seguida, com apoio da Pol\u00edcia Militar, conseguiram identificar e localizar o suspeito do crime, para qual foi dada voz de pris\u00e3o pela pr\u00e1tica do crime de tentativa de homic\u00eddio qualificado por motivo f\u00fatil.<\/p>\n<p style=\"text-align: justify;\">Ap\u00f3s os procedimentos legais, inclusive oitiva de uma testemunha presencial, o suspeito foi encaminhado ao sistema prisional.<\/p>\n","protected":false},"excerpt":{"rendered":"<p>A Pol\u00edcia Civil de Goi\u00e1s, por meio da Central de Flagrantes de Catal\u00e3o, com apoio da Pol\u00edcia Militar, prendeu em flagrante, no dia 22 de mar\u00e7o, Bairro Primavera, pr\u00f3ximo \u00e0 unidade prisional de Catal\u00e3o, um suspeito de 26 anos de idade, pela pr\u00e1tica de crime de homic\u00eddio tentado. Conforme a investiga\u00e7\u00e3o, no momento em que [&hellip;]<\/p>\n","protected":false},"author":23,"featured_media":113468,"comment_status":"closed","ping_status":"closed","sticky":false,"template":"","format":"standard","meta":{"footnotes":""},"categories":[3196,89,537],"tags":[99],"class_list":["post-113467","post","type-post","status-publish","format-standard","has-post-thumbnail","hentry","category-9a-regional","category-regionais","category-ultimo-segundo","tag-catalao"],"rttpg_featured_image_url":{"full":["https:\/\/goias.gov.br\/policiacivil\/wp-content\/uploads\/sites\/71\/2023\/03\/brasao-quadriculado-1.jpeg",600,1068,false],"landscape":["https:\/\/goias.gov.br\/policiacivil\/wp-content\/uploads\/sites\/71\/2023\/03\/brasao-quadriculado-1.jpeg",600,1068,false],"portraits":["https:\/\/goias.gov.br\/policiacivil\/wp-content\/uploads\/sites\/71\/2023\/03\/brasao-quadriculado-1.jpeg",600,1068,false],"thumbnail":["https:\/\/goias.gov.br\/policiacivil\/wp-content\/uploads\/sites\/71\/2023\/03\/brasao-quadriculado-1-300x300.jpeg",150,150,true],"medium":["https:\/\/goias.gov.br\/policiacivil\/wp-content\/uploads\/sites\/71\/2023\/03\/brasao-quadriculado-1-281x500.jpeg",169,300,true],"large":["https:\/\/goias.gov.br\/policiacivil\/wp-content\/uploads\/sites\/71\/2023\/03\/brasao-quadriculado-1.jpeg",575,1024,false],"1536x1536":["https:\/\/goias.gov.br\/policiacivil\/wp-content\/uploads\/sites\/71\/2023\/03\/brasao-quadriculado-1.jpeg",600,1068,false],"2048x2048":["https:\/\/goias.gov.br\/policiacivil\/wp-content\/uploads\/sites\/71\/2023\/03\/brasao-quadriculado-1.jpeg",600,1068,false]},"rttpg_author":{"display_name":"claudiacury","author_link":"https:\/\/goias.gov.br\/policiacivil\/author\/claudiacury\/"},"rttpg_comment":0,"rttpg_category":"<a href=\"https:\/\/goias.gov.br\/policiacivil\/categoria\/drp\/9a-regional\/\" rel=\"category tag\">9\u00aa Regional<\/a> <a href=\"https:\/\/goias.gov.br\/policiacivil\/categoria\/delegacias\/regionais\/\" rel=\"category tag\">Regionais<\/a> <a href=\"https:\/\/goias.gov.br\/policiacivil\/categoria\/ultimo-segundo\/\" rel=\"category tag\">\u00daltimo Segundo<\/a>","rttpg_excerpt":"A Pol\u00edcia Civil de Goi\u00e1s, por meio da Central de Flagrantes de Catal\u00e3o, com apoio da Pol\u00edcia Militar, prendeu em flagrante, no dia 22 de mar\u00e7o, Bairro Primavera, pr\u00f3ximo \u00e0 unidade prisional de Catal\u00e3o, um suspeito de 26 anos de idade, pela pr\u00e1tica de crime de homic\u00eddio tentado. Conforme a investiga\u00e7\u00e3o, no momento em que&hellip;","_links":{"self":[{"href":"https:\/\/goias.gov.br\/policiacivil\/wp-json\/wp\/v2\/posts\/113467","targetHints":{"allow":["GET"]}}],"collection":[{"href":"https:\/\/goias.gov.br\/policiacivil\/wp-json\/wp\/v2\/posts"}],"about":[{"href":"https:\/\/goias.gov.br\/policiacivil\/wp-json\/wp\/v2\/types\/post"}],"author":[{"embeddable":true,"href":"https:\/\/goias.gov.br\/policiacivil\/wp-json\/wp\/v2\/users\/23"}],"replies":[{"embeddable":true,"href":"https:\/\/goias.gov.br\/policiacivil\/wp-json\/wp\/v2\/comments?post=113467"}],"version-history":[{"count":1,"href":"https:\/\/goias.gov.br\/policiacivil\/wp-json\/wp\/v2\/posts\/113467\/revisions"}],"predecessor-version":[{"id":113469,"href":"https:\/\/goias.gov.br\/policiacivil\/wp-json\/wp\/v2\/posts\/113467\/revisions\/113469"}],"wp:featuredmedia":[{"embeddable":true,"href":"https:\/\/goias.gov.br\/policiacivil\/wp-json\/wp\/v2\/media\/113468"}],"wp:attachment":[{"href":"https:\/\/goias.gov.br\/policiacivil\/wp-json\/wp\/v2\/media?parent=113467"}],"wp:term":[{"taxonomy":"category","embeddable":true,"href":"https:\/\/goias.gov.br\/policiacivil\/wp-json\/wp\/v2\/categories?post=113467"},{"taxonomy":"post_tag","embeddable":true,"href":"https:\/\/goias.gov.br\/policiacivil\/wp-json\/wp\/v2\/tags?post=113467"}],"curies":[{"name":"wp","href":"https:\/\/api.w.org\/{rel}","templated":true}]}}