

{"id":112528,"date":"2023-03-06T09:21:40","date_gmt":"2023-03-06T12:21:40","guid":{"rendered":" https:\/\/goias.gov.br\/policiacivil\/?p=112528"},"modified":"2023-03-06T09:30:14","modified_gmt":"2023-03-06T12:30:14","slug":"homem-e-preso-em-goianesia-pelo-crime-de-lesao-corporal-contra-mulher","status":"publish","type":"post","link":"https:\/\/goias.gov.br\/policiacivil\/homem-e-preso-em-goianesia-pelo-crime-de-lesao-corporal-contra-mulher\/","title":{"rendered":"Homem \u00e9 preso em Goian\u00e9sia pelo crime de les\u00e3o corporal contra mulher"},"content":{"rendered":"<p style=\"text-align: justify;\">A Pol\u00edcia Civil de Goi\u00e1s, por meio da Delegacia Especializada no Atendimento \u00e0 Mulher (Deam) de Goian\u00e9sia, no \u00e2mbito da Opera\u00e7\u00e3o \u00c1tria, prendeu em flagrante, no dia 4 de mar\u00e7o, homem em raz\u00e3o da pr\u00e1tica do crime previsto no artigo 129, \u00a713, do CP c\/c Lei 11340\/2006, les\u00e3o corporal.<\/p>\n<p style=\"text-align: justify;\">De acordo com as investiga\u00e7\u00f5es, no \u00faltimo dia 4, a mulher procurou a delegacia informando que havia sido v\u00edtima de agress\u00f5es pelo seu companheiro ap\u00f3s uma discuss\u00e3o. Ele teria lhe dado um chute nas pernas, fazendo com que ela batesse a cabe\u00e7a na parede. Al\u00e9m disso, ele lhe deu um tapa no rosto, lesionando a face e o l\u00e1bio superior.<\/p>\n<p style=\"text-align: justify;\">Quando tentava fugir, o suposto autor agarrou e mordeu o bra\u00e7o da mulher. Na ocasi\u00e3o, a v\u00edtima relatou, ainda, que \u00e9 v\u00edtima de agress\u00f5es e xingamentos desde o come\u00e7o do relacionamento, mas apenas agora resolveu denunci\u00e1-los.<\/p>\n<p style=\"text-align: justify;\">Diante disso, a equipe de policiais civis lotados na Deam iniciaram dilig\u00eancias com o fim de encontrar o autor, tendo ele sido localizado e preso em flagrante.<\/p>\n<p style=\"text-align: justify;\">Ap\u00f3s os procedimentos de praxe e comunica\u00e7\u00f5es aos ju\u00edzos, o autor se encontra \u00e0 disposi\u00e7\u00e3o da Justi\u00e7a.<\/p>\n","protected":false},"excerpt":{"rendered":"<p>A Pol\u00edcia Civil de Goi\u00e1s, por meio da Delegacia Especializada no Atendimento \u00e0 Mulher (Deam) de Goian\u00e9sia, no \u00e2mbito da Opera\u00e7\u00e3o \u00c1tria, prendeu em flagrante, no dia 4 de mar\u00e7o, homem em raz\u00e3o da pr\u00e1tica do crime previsto no artigo 129, \u00a713, do CP c\/c Lei 11340\/2006, les\u00e3o corporal. De acordo com as investiga\u00e7\u00f5es, no [&hellip;]<\/p>\n","protected":false},"author":23,"featured_media":112529,"comment_status":"closed","ping_status":"closed","sticky":false,"template":"","format":"standard","meta":{"footnotes":""},"categories":[3202,89,537],"tags":[8007],"class_list":["post-112528","post","type-post","status-publish","format-standard","has-post-thumbnail","hentry","category-15a-regional","category-regionais","category-ultimo-segundo","tag-deam-goianesia"],"rttpg_featured_image_url":{"full":["https:\/\/goias.gov.br\/policiacivil\/wp-content\/uploads\/sites\/71\/2023\/03\/brasao2-1.jpg",402,480,false],"landscape":["https:\/\/goias.gov.br\/policiacivil\/wp-content\/uploads\/sites\/71\/2023\/03\/brasao2-1.jpg",402,480,false],"portraits":["https:\/\/goias.gov.br\/policiacivil\/wp-content\/uploads\/sites\/71\/2023\/03\/brasao2-1.jpg",402,480,false],"thumbnail":["https:\/\/goias.gov.br\/policiacivil\/wp-content\/uploads\/sites\/71\/2023\/03\/brasao2-1-300x300.jpg",150,150,true],"medium":["https:\/\/goias.gov.br\/policiacivil\/wp-content\/uploads\/sites\/71\/2023\/03\/brasao2-1.jpg",251,300,false],"large":["https:\/\/goias.gov.br\/policiacivil\/wp-content\/uploads\/sites\/71\/2023\/03\/brasao2-1.jpg",402,480,false],"1536x1536":["https:\/\/goias.gov.br\/policiacivil\/wp-content\/uploads\/sites\/71\/2023\/03\/brasao2-1.jpg",402,480,false],"2048x2048":["https:\/\/goias.gov.br\/policiacivil\/wp-content\/uploads\/sites\/71\/2023\/03\/brasao2-1.jpg",402,480,false]},"rttpg_author":{"display_name":"claudiacury","author_link":"https:\/\/goias.gov.br\/policiacivil\/author\/claudiacury\/"},"rttpg_comment":0,"rttpg_category":"<a href=\"https:\/\/goias.gov.br\/policiacivil\/categoria\/drp\/15a-regional\/\" rel=\"category tag\">15\u00aa Regional<\/a> <a href=\"https:\/\/goias.gov.br\/policiacivil\/categoria\/delegacias\/regionais\/\" rel=\"category tag\">Regionais<\/a> <a href=\"https:\/\/goias.gov.br\/policiacivil\/categoria\/ultimo-segundo\/\" rel=\"category tag\">\u00daltimo Segundo<\/a>","rttpg_excerpt":"A Pol\u00edcia Civil de Goi\u00e1s, por meio da Delegacia Especializada no Atendimento \u00e0 Mulher (Deam) de Goian\u00e9sia, no \u00e2mbito da Opera\u00e7\u00e3o \u00c1tria, prendeu em flagrante, no dia 4 de mar\u00e7o, homem em raz\u00e3o da pr\u00e1tica do crime previsto no artigo 129, \u00a713, do CP c\/c Lei 11340\/2006, les\u00e3o corporal. De acordo com as investiga\u00e7\u00f5es, no&hellip;","_links":{"self":[{"href":"https:\/\/goias.gov.br\/policiacivil\/wp-json\/wp\/v2\/posts\/112528","targetHints":{"allow":["GET"]}}],"collection":[{"href":"https:\/\/goias.gov.br\/policiacivil\/wp-json\/wp\/v2\/posts"}],"about":[{"href":"https:\/\/goias.gov.br\/policiacivil\/wp-json\/wp\/v2\/types\/post"}],"author":[{"embeddable":true,"href":"https:\/\/goias.gov.br\/policiacivil\/wp-json\/wp\/v2\/users\/23"}],"replies":[{"embeddable":true,"href":"https:\/\/goias.gov.br\/policiacivil\/wp-json\/wp\/v2\/comments?post=112528"}],"version-history":[{"count":1,"href":"https:\/\/goias.gov.br\/policiacivil\/wp-json\/wp\/v2\/posts\/112528\/revisions"}],"predecessor-version":[{"id":112530,"href":"https:\/\/goias.gov.br\/policiacivil\/wp-json\/wp\/v2\/posts\/112528\/revisions\/112530"}],"wp:featuredmedia":[{"embeddable":true,"href":"https:\/\/goias.gov.br\/policiacivil\/wp-json\/wp\/v2\/media\/112529"}],"wp:attachment":[{"href":"https:\/\/goias.gov.br\/policiacivil\/wp-json\/wp\/v2\/media?parent=112528"}],"wp:term":[{"taxonomy":"category","embeddable":true,"href":"https:\/\/goias.gov.br\/policiacivil\/wp-json\/wp\/v2\/categories?post=112528"},{"taxonomy":"post_tag","embeddable":true,"href":"https:\/\/goias.gov.br\/policiacivil\/wp-json\/wp\/v2\/tags?post=112528"}],"curies":[{"name":"wp","href":"https:\/\/api.w.org\/{rel}","templated":true}]}}