

{"id":111488,"date":"2023-02-08T14:16:58","date_gmt":"2023-02-08T17:16:58","guid":{"rendered":" https:\/\/goias.gov.br\/policiacivil\/?p=111488"},"modified":"2023-02-08T16:17:06","modified_gmt":"2023-02-08T19:17:06","slug":"pc-prende-homem-por-abuso-sexual-e-por-armazenar-fotos-intimas-de-crianca-em-anapolis","status":"publish","type":"post","link":"https:\/\/goias.gov.br\/policiacivil\/pc-prende-homem-por-abuso-sexual-e-por-armazenar-fotos-intimas-de-crianca-em-anapolis\/","title":{"rendered":"PC prende homem por abuso sexual e por armazenar fotos \u00edntimas de crian\u00e7a, em An\u00e1polis"},"content":{"rendered":"<p style=\"text-align: justify;\">A Delegacia de Prote\u00e7\u00e3o \u00e0 Crian\u00e7a e ao Adolescente (DPCA) de An\u00e1polis cumpriu, na madrugada de hoje (08\/2), o mandado de pris\u00e3o tempor\u00e1ria e busca e apreens\u00e3o domiciliar expedidos pela 5\u00aa Vara Criminal da comarca, em desfavor de um indiv\u00edduo (38 anos de idade), investigado por abusar sexualmente de uma crian\u00e7a de 7 anos e por produzir e armazenar fotos \u00edntimas da infante. Durante o cumprimento da busca domiciliar, foram encontrados armazenados in\u00fameros arquivos de pornografia infanto-juvenil, inclusive v\u00eddeos de adultos praticando conjun\u00e7\u00e3o carnal e atos libidinosos com crian\u00e7as de tenra idade.<\/p>\n<p style=\"text-align: justify;\">Consta que o investigado frequentava a casa do amigo e, em mais de uma ocasi\u00e3o, aproveitando-se da rela\u00e7\u00e3o de amizade e confian\u00e7a nele depositada, praticou atos libidinosos com a menina e, em uma das oportunidades, tirou fotos \u00edntimas dela, mediante agrados com guloseimas. A infante, que demostrava afei\u00e7\u00e3o ao indiv\u00edduo, passou a demostrar rejei\u00e7\u00e3o \u00e0 sua presen\u00e7a, vindo a relatar ao pai sobre os crimes que vinham sendo praticados pelo investigado, tendo in\u00edcio as investiga\u00e7\u00f5es que resultaram nos pedidos feitos pela DPCA ao Poder Judici\u00e1rio, que expediu os mandados de pris\u00e3o tempor\u00e1ria e de busca domiciliar com quebra de dados telem\u00e1ticos, cumpridos nesta data, e que resultaram na pris\u00e3o em flagrante do indiv\u00edduo pelo armazenamento de pornografia infantil, ficando o preso \u00e0 disposi\u00e7\u00e3o do Poder Judici\u00e1rio.<\/p>\n","protected":false},"excerpt":{"rendered":"<p>A Delegacia de Prote\u00e7\u00e3o \u00e0 Crian\u00e7a e ao Adolescente (DPCA) de An\u00e1polis cumpriu, na madrugada de hoje (08\/2), o mandado de pris\u00e3o tempor\u00e1ria e busca e apreens\u00e3o domiciliar expedidos pela 5\u00aa Vara Criminal da comarca, em desfavor de um indiv\u00edduo (38 anos de idade), investigado por abusar sexualmente de uma crian\u00e7a de 7 anos e [&hellip;]<\/p>\n","protected":false},"author":34,"featured_media":111489,"comment_status":"closed","ping_status":"closed","sticky":false,"template":"","format":"standard","meta":{"footnotes":""},"categories":[3189,2538,6069,89],"tags":[1402,31,1606,665],"class_list":["post-111488","post","type-post","status-publish","format-standard","has-post-thumbnail","hentry","category-2a-regional","category-delegacias","category-noticias-da-policia-civil","category-regionais","tag-abuso","tag-anapolis","tag-crianca","tag-dpca"],"rttpg_featured_image_url":{"full":["https:\/\/goias.gov.br\/policiacivil\/wp-content\/uploads\/sites\/71\/2023\/02\/whatsapp-image-2023-02-08-at-15.33.03.jpeg",1068,1056,false],"landscape":["https:\/\/goias.gov.br\/policiacivil\/wp-content\/uploads\/sites\/71\/2023\/02\/whatsapp-image-2023-02-08-at-15.33.03.jpeg",1068,1056,false],"portraits":["https:\/\/goias.gov.br\/policiacivil\/wp-content\/uploads\/sites\/71\/2023\/02\/whatsapp-image-2023-02-08-at-15.33.03.jpeg",1068,1056,false],"thumbnail":["https:\/\/goias.gov.br\/policiacivil\/wp-content\/uploads\/sites\/71\/2023\/02\/whatsapp-image-2023-02-08-at-15.33.03-300x300.jpeg",150,150,true],"medium":["https:\/\/goias.gov.br\/policiacivil\/wp-content\/uploads\/sites\/71\/2023\/02\/whatsapp-image-2023-02-08-at-15.33.03-500x494.jpeg",300,296,true],"large":["https:\/\/goias.gov.br\/policiacivil\/wp-content\/uploads\/sites\/71\/2023\/02\/whatsapp-image-2023-02-08-at-15.33.03.jpeg",1024,1012,false],"1536x1536":["https:\/\/goias.gov.br\/policiacivil\/wp-content\/uploads\/sites\/71\/2023\/02\/whatsapp-image-2023-02-08-at-15.33.03.jpeg",1068,1056,false],"2048x2048":["https:\/\/goias.gov.br\/policiacivil\/wp-content\/uploads\/sites\/71\/2023\/02\/whatsapp-image-2023-02-08-at-15.33.03.jpeg",1068,1056,false]},"rttpg_author":{"display_name":"celsoassis","author_link":"https:\/\/goias.gov.br\/policiacivil\/author\/celsoassis\/"},"rttpg_comment":0,"rttpg_category":"<a href=\"https:\/\/goias.gov.br\/policiacivil\/categoria\/drp\/2a-regional\/\" rel=\"category tag\">2\u00aa Regional<\/a> <a href=\"https:\/\/goias.gov.br\/policiacivil\/categoria\/delegacias\/\" rel=\"category tag\">Delegacias<\/a> <a href=\"https:\/\/goias.gov.br\/policiacivil\/categoria\/noticias\/noticias-da-policia-civil\/\" rel=\"category tag\">Not\u00edcias da Pol\u00edcia Civil<\/a> <a href=\"https:\/\/goias.gov.br\/policiacivil\/categoria\/delegacias\/regionais\/\" rel=\"category tag\">Regionais<\/a>","rttpg_excerpt":"A Delegacia de Prote\u00e7\u00e3o \u00e0 Crian\u00e7a e ao Adolescente (DPCA) de An\u00e1polis cumpriu, na madrugada de hoje (08\/2), o mandado de pris\u00e3o tempor\u00e1ria e busca e apreens\u00e3o domiciliar expedidos pela 5\u00aa Vara Criminal da comarca, em desfavor de um indiv\u00edduo (38 anos de idade), investigado por abusar sexualmente de uma crian\u00e7a de 7 anos e&hellip;","_links":{"self":[{"href":"https:\/\/goias.gov.br\/policiacivil\/wp-json\/wp\/v2\/posts\/111488","targetHints":{"allow":["GET"]}}],"collection":[{"href":"https:\/\/goias.gov.br\/policiacivil\/wp-json\/wp\/v2\/posts"}],"about":[{"href":"https:\/\/goias.gov.br\/policiacivil\/wp-json\/wp\/v2\/types\/post"}],"author":[{"embeddable":true,"href":"https:\/\/goias.gov.br\/policiacivil\/wp-json\/wp\/v2\/users\/34"}],"replies":[{"embeddable":true,"href":"https:\/\/goias.gov.br\/policiacivil\/wp-json\/wp\/v2\/comments?post=111488"}],"version-history":[{"count":1,"href":"https:\/\/goias.gov.br\/policiacivil\/wp-json\/wp\/v2\/posts\/111488\/revisions"}],"predecessor-version":[{"id":111490,"href":"https:\/\/goias.gov.br\/policiacivil\/wp-json\/wp\/v2\/posts\/111488\/revisions\/111490"}],"wp:featuredmedia":[{"embeddable":true,"href":"https:\/\/goias.gov.br\/policiacivil\/wp-json\/wp\/v2\/media\/111489"}],"wp:attachment":[{"href":"https:\/\/goias.gov.br\/policiacivil\/wp-json\/wp\/v2\/media?parent=111488"}],"wp:term":[{"taxonomy":"category","embeddable":true,"href":"https:\/\/goias.gov.br\/policiacivil\/wp-json\/wp\/v2\/categories?post=111488"},{"taxonomy":"post_tag","embeddable":true,"href":"https:\/\/goias.gov.br\/policiacivil\/wp-json\/wp\/v2\/tags?post=111488"}],"curies":[{"name":"wp","href":"https:\/\/api.w.org\/{rel}","templated":true}]}}