

{"id":110003,"date":"2022-12-29T10:15:08","date_gmt":"2022-12-29T13:15:08","guid":{"rendered":" https:\/\/goias.gov.br\/policiacivil\/?p=110003"},"modified":"2022-12-29T10:15:08","modified_gmt":"2022-12-29T13:15:08","slug":"policia-civil-prende-preventivamente-suspeito-de-furtar-comercios-durante-a-madrugada-em-uruacu","status":"publish","type":"post","link":"https:\/\/goias.gov.br\/policiacivil\/policia-civil-prende-preventivamente-suspeito-de-furtar-comercios-durante-a-madrugada-em-uruacu\/","title":{"rendered":"Pol\u00edcia Civil prende preventivamente suspeito de furtar com\u00e9rcios durante a madrugada em Urua\u00e7u"},"content":{"rendered":"<p style=\"text-align: justify;\">A Pol\u00edcia Civil, por meio da Delegacia de Pol\u00edcia de Urua\u00e7u, deu cumprimento ontem (28\/12) ao mandado de pris\u00e3o preventiva contra um homem suspeito de furtar tr\u00eas estabelecimentos comerciais no centro da cidade.<\/p>\n<p style=\"text-align: justify;\">A investiga\u00e7\u00e3o teve in\u00edcio ap\u00f3s as v\u00edtimas procurarem a delegacia e informarem que seus estabelecimentos haviam sido arrombados durante a madrugada. A partir das informa\u00e7\u00f5es das v\u00edtimas foi poss\u00edvel avan\u00e7ar na investiga\u00e7\u00e3o que culminou com a identifica\u00e7\u00e3o do autor e a decreta\u00e7\u00e3o de sua pris\u00e3o preventiva.<\/p>\n<p style=\"text-align: justify;\">O investigado confessou ser o autor de pelo menos dois furtos mediante arrombamento a dois estabelecimentos comerciais, um no dia 06\/12 e outro no dia 08\/12, negando a autoria em rela\u00e7\u00e3o ao crime ocorrido no dia 11 do mesmo m\u00eas. A Pol\u00edcia Civil refor\u00e7a a import\u00e2ncia das v\u00edtimas registrarem a ocorr\u00eancia para que as investigados sejam responsabilizados.<\/p>\n","protected":false},"excerpt":{"rendered":"<p>A Pol\u00edcia Civil, por meio da Delegacia de Pol\u00edcia de Urua\u00e7u, deu cumprimento ontem (28\/12) ao mandado de pris\u00e3o preventiva contra um homem suspeito de furtar tr\u00eas estabelecimentos comerciais no centro da cidade. A investiga\u00e7\u00e3o teve in\u00edcio ap\u00f3s as v\u00edtimas procurarem a delegacia e informarem que seus estabelecimentos haviam sido arrombados durante a madrugada. A [&hellip;]<\/p>\n","protected":false},"author":34,"featured_media":70899,"comment_status":"closed","ping_status":"closed","sticky":false,"template":"","format":"standard","meta":{"footnotes":""},"categories":[6760,2538,89,537],"tags":[6921,1701],"class_list":["post-110003","post","type-post","status-publish","format-standard","has-post-thumbnail","hentry","category-18a-regional","category-delegacias","category-regionais","category-ultimo-segundo","tag-furto-a-comercio","tag-uruacu"],"rttpg_featured_image_url":{"full":["https:\/\/goias.gov.br\/policiacivil\/wp-content\/uploads\/sites\/71\/2019\/02\/whatsapp-image-2019-01-29-at-17.56.40-1.jpeg",955,1068,false],"landscape":["https:\/\/goias.gov.br\/policiacivil\/wp-content\/uploads\/sites\/71\/2019\/02\/whatsapp-image-2019-01-29-at-17.56.40-1.jpeg",955,1068,false],"portraits":["https:\/\/goias.gov.br\/policiacivil\/wp-content\/uploads\/sites\/71\/2019\/02\/whatsapp-image-2019-01-29-at-17.56.40-1.jpeg",955,1068,false],"thumbnail":["https:\/\/goias.gov.br\/policiacivil\/wp-content\/uploads\/sites\/71\/2019\/02\/whatsapp-image-2019-01-29-at-17.56.40-1-150x150.jpeg",150,150,true],"medium":["https:\/\/goias.gov.br\/policiacivil\/wp-content\/uploads\/sites\/71\/2019\/02\/whatsapp-image-2019-01-29-at-17.56.40-1-268x300.jpeg",268,300,true],"large":["https:\/\/goias.gov.br\/policiacivil\/wp-content\/uploads\/sites\/71\/2019\/02\/whatsapp-image-2019-01-29-at-17.56.40-1-916x1024.jpeg",916,1024,true],"1536x1536":["https:\/\/goias.gov.br\/policiacivil\/wp-content\/uploads\/sites\/71\/2019\/02\/whatsapp-image-2019-01-29-at-17.56.40-1.jpeg",955,1068,false],"2048x2048":["https:\/\/goias.gov.br\/policiacivil\/wp-content\/uploads\/sites\/71\/2019\/02\/whatsapp-image-2019-01-29-at-17.56.40-1.jpeg",955,1068,false]},"rttpg_author":{"display_name":"celsoassis","author_link":"https:\/\/goias.gov.br\/policiacivil\/author\/celsoassis\/"},"rttpg_comment":0,"rttpg_category":"<a href=\"https:\/\/goias.gov.br\/policiacivil\/categoria\/drp\/18a-regional\/\" rel=\"category tag\">18\u00aa Regional<\/a> <a href=\"https:\/\/goias.gov.br\/policiacivil\/categoria\/delegacias\/\" rel=\"category tag\">Delegacias<\/a> <a href=\"https:\/\/goias.gov.br\/policiacivil\/categoria\/delegacias\/regionais\/\" rel=\"category tag\">Regionais<\/a> <a href=\"https:\/\/goias.gov.br\/policiacivil\/categoria\/ultimo-segundo\/\" rel=\"category tag\">\u00daltimo Segundo<\/a>","rttpg_excerpt":"A Pol\u00edcia Civil, por meio da Delegacia de Pol\u00edcia de Urua\u00e7u, deu cumprimento ontem (28\/12) ao mandado de pris\u00e3o preventiva contra um homem suspeito de furtar tr\u00eas estabelecimentos comerciais no centro da cidade. A investiga\u00e7\u00e3o teve in\u00edcio ap\u00f3s as v\u00edtimas procurarem a delegacia e informarem que seus estabelecimentos haviam sido arrombados durante a madrugada. A&hellip;","_links":{"self":[{"href":"https:\/\/goias.gov.br\/policiacivil\/wp-json\/wp\/v2\/posts\/110003","targetHints":{"allow":["GET"]}}],"collection":[{"href":"https:\/\/goias.gov.br\/policiacivil\/wp-json\/wp\/v2\/posts"}],"about":[{"href":"https:\/\/goias.gov.br\/policiacivil\/wp-json\/wp\/v2\/types\/post"}],"author":[{"embeddable":true,"href":"https:\/\/goias.gov.br\/policiacivil\/wp-json\/wp\/v2\/users\/34"}],"replies":[{"embeddable":true,"href":"https:\/\/goias.gov.br\/policiacivil\/wp-json\/wp\/v2\/comments?post=110003"}],"version-history":[{"count":1,"href":"https:\/\/goias.gov.br\/policiacivil\/wp-json\/wp\/v2\/posts\/110003\/revisions"}],"predecessor-version":[{"id":110004,"href":"https:\/\/goias.gov.br\/policiacivil\/wp-json\/wp\/v2\/posts\/110003\/revisions\/110004"}],"wp:featuredmedia":[{"embeddable":true,"href":"https:\/\/goias.gov.br\/policiacivil\/wp-json\/wp\/v2\/media\/70899"}],"wp:attachment":[{"href":"https:\/\/goias.gov.br\/policiacivil\/wp-json\/wp\/v2\/media?parent=110003"}],"wp:term":[{"taxonomy":"category","embeddable":true,"href":"https:\/\/goias.gov.br\/policiacivil\/wp-json\/wp\/v2\/categories?post=110003"},{"taxonomy":"post_tag","embeddable":true,"href":"https:\/\/goias.gov.br\/policiacivil\/wp-json\/wp\/v2\/tags?post=110003"}],"curies":[{"name":"wp","href":"https:\/\/api.w.org\/{rel}","templated":true}]}}