

{"id":109978,"date":"2022-12-28T08:35:50","date_gmt":"2022-12-28T11:35:50","guid":{"rendered":" https:\/\/goias.gov.br\/policiacivil\/?p=109978"},"modified":"2022-12-28T10:35:59","modified_gmt":"2022-12-28T13:35:59","slug":"homem-e-preso-em-novo-gama-apos-golpear-cachorro-com-facao","status":"publish","type":"post","link":"https:\/\/goias.gov.br\/policiacivil\/homem-e-preso-em-novo-gama-apos-golpear-cachorro-com-facao\/","title":{"rendered":"Homem \u00e9 preso em Novo Gama ap\u00f3s golpear cachorro com fac\u00e3o"},"content":{"rendered":"<p style=\"text-align: justify;\"><img fetchpriority=\"high\" decoding=\"async\" class=\" wp-image-109979 alignleft\" src=\" https:\/\/goias.gov.br\/policiacivil\/wp-content\/uploads\/sites\/71\/2022\/12\/whatsapp-image-2022-12-27-at-20.44.33-375x500.jpeg\" alt=\"\" width=\"268\" height=\"357\" srcset=\"https:\/\/goias.gov.br\/policiacivil\/wp-content\/uploads\/sites\/71\/2022\/12\/whatsapp-image-2022-12-27-at-20.44.33-375x500.jpeg 375w, https:\/\/goias.gov.br\/policiacivil\/wp-content\/uploads\/sites\/71\/2022\/12\/whatsapp-image-2022-12-27-at-20.44.33-768x1024.jpeg 768w, https:\/\/goias.gov.br\/policiacivil\/wp-content\/uploads\/sites\/71\/2022\/12\/whatsapp-image-2022-12-27-at-20.44.33-696x928.jpeg 696w, https:\/\/goias.gov.br\/policiacivil\/wp-content\/uploads\/sites\/71\/2022\/12\/whatsapp-image-2022-12-27-at-20.44.33-315x420.jpeg 315w, https:\/\/goias.gov.br\/policiacivil\/wp-content\/uploads\/sites\/71\/2022\/12\/whatsapp-image-2022-12-27-at-20.44.33-630x840.jpeg 630w, https:\/\/goias.gov.br\/policiacivil\/wp-content\/uploads\/sites\/71\/2022\/12\/whatsapp-image-2022-12-27-at-20.44.33.jpeg 801w\" sizes=\"(max-width: 268px) 100vw, 268px\" \/>A Pol\u00edcia Civil, por meio da Delegacia de Pol\u00edcia de Novo Gama, prendeu em flagrante ontem (27\/12) um homem de 68 anos pela pr\u00e1tica do crime de maus-tratos contra os animais. A equipe de policiais civis da delegacia tomou conhecimento de que um homem desferiu v\u00e1rios golpes de arma branca (um fac\u00e3o), contra um cachorro, ocasionando diversos ferimentos no animal, deixando-o bastante debilitado e com risco de morte. O fato ocorreu no bairro Lunabel 3A, em Novo Gama.<\/p>\n<p style=\"text-align: justify;\">O autor era encarregado de cuidar do cachorro e, ap\u00f3s supostamente ter sido mordido pelo animal, armou-se com um fac\u00e3o e o atingiu v\u00e1rias vezes. O c\u00e3o foi abandonado cruelmente ferido no local e sem cuidados veterin\u00e1rios at\u00e9 o momento do resgate.<\/p>\n<p style=\"text-align: justify;\">Os policiais civis, ap\u00f3s dilig\u00eancias, localizaram o autor nas proximidades de sua resid\u00eancia, prendendo-o em flagrante, estando agora \u00e0 disposi\u00e7\u00e3o do Poder Judici\u00e1rio.<\/p>\n","protected":false},"excerpt":{"rendered":"<p>A Pol\u00edcia Civil, por meio da Delegacia de Pol\u00edcia de Novo Gama, prendeu em flagrante ontem (27\/12) um homem de 68 anos pela pr\u00e1tica do crime de maus-tratos contra os animais. A equipe de policiais civis da delegacia tomou conhecimento de que um homem desferiu v\u00e1rios golpes de arma branca (um fac\u00e3o), contra um cachorro, [&hellip;]<\/p>\n","protected":false},"author":34,"featured_media":109980,"comment_status":"closed","ping_status":"closed","sticky":false,"template":"","format":"standard","meta":{"footnotes":""},"categories":[3192,2538,6069,89],"tags":[384,5455,11,2813],"class_list":["post-109978","post","type-post","status-publish","format-standard","has-post-thumbnail","hentry","category-5a-regional","category-delegacias","category-noticias-da-policia-civil","category-regionais","tag-cachorro","tag-facao","tag-golpe","tag-novo-gama"],"rttpg_featured_image_url":{"full":["https:\/\/goias.gov.br\/policiacivil\/wp-content\/uploads\/sites\/71\/2022\/12\/whatsapp-image-2022-12-28-at-10.32.12.jpeg",742,505,false],"landscape":["https:\/\/goias.gov.br\/policiacivil\/wp-content\/uploads\/sites\/71\/2022\/12\/whatsapp-image-2022-12-28-at-10.32.12.jpeg",742,505,false],"portraits":["https:\/\/goias.gov.br\/policiacivil\/wp-content\/uploads\/sites\/71\/2022\/12\/whatsapp-image-2022-12-28-at-10.32.12.jpeg",742,505,false],"thumbnail":["https:\/\/goias.gov.br\/policiacivil\/wp-content\/uploads\/sites\/71\/2022\/12\/whatsapp-image-2022-12-28-at-10.32.12-300x300.jpeg",150,150,true],"medium":["https:\/\/goias.gov.br\/policiacivil\/wp-content\/uploads\/sites\/71\/2022\/12\/whatsapp-image-2022-12-28-at-10.32.12-500x340.jpeg",300,204,true],"large":["https:\/\/goias.gov.br\/policiacivil\/wp-content\/uploads\/sites\/71\/2022\/12\/whatsapp-image-2022-12-28-at-10.32.12.jpeg",742,505,false],"1536x1536":["https:\/\/goias.gov.br\/policiacivil\/wp-content\/uploads\/sites\/71\/2022\/12\/whatsapp-image-2022-12-28-at-10.32.12.jpeg",742,505,false],"2048x2048":["https:\/\/goias.gov.br\/policiacivil\/wp-content\/uploads\/sites\/71\/2022\/12\/whatsapp-image-2022-12-28-at-10.32.12.jpeg",742,505,false]},"rttpg_author":{"display_name":"celsoassis","author_link":"https:\/\/goias.gov.br\/policiacivil\/author\/celsoassis\/"},"rttpg_comment":0,"rttpg_category":"<a href=\"https:\/\/goias.gov.br\/policiacivil\/categoria\/drp\/5a-regional\/\" rel=\"category tag\">5\u00aa Regional<\/a> <a href=\"https:\/\/goias.gov.br\/policiacivil\/categoria\/delegacias\/\" rel=\"category tag\">Delegacias<\/a> <a href=\"https:\/\/goias.gov.br\/policiacivil\/categoria\/noticias\/noticias-da-policia-civil\/\" rel=\"category tag\">Not\u00edcias da Pol\u00edcia Civil<\/a> <a href=\"https:\/\/goias.gov.br\/policiacivil\/categoria\/delegacias\/regionais\/\" rel=\"category tag\">Regionais<\/a>","rttpg_excerpt":"A Pol\u00edcia Civil, por meio da Delegacia de Pol\u00edcia de Novo Gama, prendeu em flagrante ontem (27\/12) um homem de 68 anos pela pr\u00e1tica do crime de maus-tratos contra os animais. A equipe de policiais civis da delegacia tomou conhecimento de que um homem desferiu v\u00e1rios golpes de arma branca (um fac\u00e3o), contra um cachorro,&hellip;","_links":{"self":[{"href":"https:\/\/goias.gov.br\/policiacivil\/wp-json\/wp\/v2\/posts\/109978","targetHints":{"allow":["GET"]}}],"collection":[{"href":"https:\/\/goias.gov.br\/policiacivil\/wp-json\/wp\/v2\/posts"}],"about":[{"href":"https:\/\/goias.gov.br\/policiacivil\/wp-json\/wp\/v2\/types\/post"}],"author":[{"embeddable":true,"href":"https:\/\/goias.gov.br\/policiacivil\/wp-json\/wp\/v2\/users\/34"}],"replies":[{"embeddable":true,"href":"https:\/\/goias.gov.br\/policiacivil\/wp-json\/wp\/v2\/comments?post=109978"}],"version-history":[{"count":1,"href":"https:\/\/goias.gov.br\/policiacivil\/wp-json\/wp\/v2\/posts\/109978\/revisions"}],"predecessor-version":[{"id":109981,"href":"https:\/\/goias.gov.br\/policiacivil\/wp-json\/wp\/v2\/posts\/109978\/revisions\/109981"}],"wp:featuredmedia":[{"embeddable":true,"href":"https:\/\/goias.gov.br\/policiacivil\/wp-json\/wp\/v2\/media\/109980"}],"wp:attachment":[{"href":"https:\/\/goias.gov.br\/policiacivil\/wp-json\/wp\/v2\/media?parent=109978"}],"wp:term":[{"taxonomy":"category","embeddable":true,"href":"https:\/\/goias.gov.br\/policiacivil\/wp-json\/wp\/v2\/categories?post=109978"},{"taxonomy":"post_tag","embeddable":true,"href":"https:\/\/goias.gov.br\/policiacivil\/wp-json\/wp\/v2\/tags?post=109978"}],"curies":[{"name":"wp","href":"https:\/\/api.w.org\/{rel}","templated":true}]}}