

{"id":109350,"date":"2022-12-02T13:05:51","date_gmt":"2022-12-02T16:05:51","guid":{"rendered":" https:\/\/goias.gov.br\/policiacivil\/?p=109350"},"modified":"2022-12-02T13:05:51","modified_gmt":"2022-12-02T16:05:51","slug":"furto-de-fios-de-cobre-na-regiao-noroeste-de-goiania-e-solucionado","status":"publish","type":"post","link":"https:\/\/goias.gov.br\/policiacivil\/furto-de-fios-de-cobre-na-regiao-noroeste-de-goiania-e-solucionado\/","title":{"rendered":"Furto de fios de cobre na regi\u00e3o Noroeste de Goi\u00e2nia \u00e9 solucionado"},"content":{"rendered":"<p style=\"text-align: justify;\"><img fetchpriority=\"high\" decoding=\"async\" class=\" wp-image-109351 alignleft\" src=\" https:\/\/goias.gov.br\/policiacivil\/wp-content\/uploads\/sites\/71\/2022\/12\/whatsapp-image-2022-12-02-at-12.50.15-375x500.jpeg\" alt=\"\" width=\"217\" height=\"289\" srcset=\"https:\/\/goias.gov.br\/policiacivil\/wp-content\/uploads\/sites\/71\/2022\/12\/whatsapp-image-2022-12-02-at-12.50.15-375x500.jpeg 375w, https:\/\/goias.gov.br\/policiacivil\/wp-content\/uploads\/sites\/71\/2022\/12\/whatsapp-image-2022-12-02-at-12.50.15-696x928.jpeg 696w, https:\/\/goias.gov.br\/policiacivil\/wp-content\/uploads\/sites\/71\/2022\/12\/whatsapp-image-2022-12-02-at-12.50.15-315x420.jpeg 315w, https:\/\/goias.gov.br\/policiacivil\/wp-content\/uploads\/sites\/71\/2022\/12\/whatsapp-image-2022-12-02-at-12.50.15-630x840.jpeg 630w, https:\/\/goias.gov.br\/policiacivil\/wp-content\/uploads\/sites\/71\/2022\/12\/whatsapp-image-2022-12-02-at-12.50.15.jpeg 768w\" sizes=\"(max-width: 217px) 100vw, 217px\" \/>A Pol\u00edcia Civil do Estado, por meio do 21\u00ba DP de Goi\u00e2nia,\u00a0 prendeu envolvidos no furto de fios de cobre na regi\u00e3o Noroeste de Goi\u00e2nia.<\/p>\n<p style=\"text-align: justify;\">Ap\u00f3s a v\u00edtima noticiar que teve a fia\u00e7\u00e3o de sua resid\u00eancia furtada momentos antes, a equipe de policiais obteve informa\u00e7\u00f5es acerca do prov\u00e1vel autor, o qual tentava vender o produto de seu crime.<\/p>\n<p style=\"text-align: justify;\">A equipe ent\u00e3o, procedeu dilig\u00eancias investigativas para identificar o autor, chegando a pessoa de J.M.A, de 28 anos, que confessou ter praticado a subtra\u00e7\u00e3o do material, e que teria vendido no estabelecimento comercial a um terceiro, identificado posteriormente como C.M.L.<\/p>\n<p style=\"text-align: justify;\">Na sequ\u00eancia, os policiais localizaram o receptador, ainda de posse de todo o material retirado da casa da v\u00edtima (fios de cobre), sendo este apreendido e apresentado a autoridade policial. Os autores receberam voz de pris\u00e3o, sendo J.M.A autuado pelo crime de furto qualificado (155, 4\u00ba, II do CPB) e C.M.L autuado por recepta\u00e7\u00e3o (180 do CPB).<\/p>\n<p style=\"text-align: justify;\">Diante da possibilidade legal do arbitramento de fian\u00e7a, foi fixado o valor de R$ 5000,00 de fian\u00e7a. C.M.L. pagou o valor e foi liberado, mediante preenchimento dos requisitos legais.<\/p>\n","protected":false},"excerpt":{"rendered":"<p>A Pol\u00edcia Civil do Estado, por meio do 21\u00ba DP de Goi\u00e2nia,\u00a0 prendeu envolvidos no furto de fios de cobre na regi\u00e3o Noroeste de Goi\u00e2nia. Ap\u00f3s a v\u00edtima noticiar que teve a fia\u00e7\u00e3o de sua resid\u00eancia furtada momentos antes, a equipe de policiais obteve informa\u00e7\u00f5es acerca do prov\u00e1vel autor, o qual tentava vender o produto [&hellip;]<\/p>\n","protected":false},"author":34,"featured_media":109351,"comment_status":"closed","ping_status":"closed","sticky":false,"template":"","format":"standard","meta":{"footnotes":""},"categories":[3188,537],"tags":[511,1335],"class_list":["post-109350","post","type-post","status-publish","format-standard","has-post-thumbnail","hentry","category-1a-regional","category-ultimo-segundo","tag-furto","tag-goiania"],"rttpg_featured_image_url":{"full":["https:\/\/goias.gov.br\/policiacivil\/wp-content\/uploads\/sites\/71\/2022\/12\/whatsapp-image-2022-12-02-at-12.50.15.jpeg",768,1024,false],"landscape":["https:\/\/goias.gov.br\/policiacivil\/wp-content\/uploads\/sites\/71\/2022\/12\/whatsapp-image-2022-12-02-at-12.50.15.jpeg",768,1024,false],"portraits":["https:\/\/goias.gov.br\/policiacivil\/wp-content\/uploads\/sites\/71\/2022\/12\/whatsapp-image-2022-12-02-at-12.50.15.jpeg",768,1024,false],"thumbnail":["https:\/\/goias.gov.br\/policiacivil\/wp-content\/uploads\/sites\/71\/2022\/12\/whatsapp-image-2022-12-02-at-12.50.15-300x300.jpeg",150,150,true],"medium":["https:\/\/goias.gov.br\/policiacivil\/wp-content\/uploads\/sites\/71\/2022\/12\/whatsapp-image-2022-12-02-at-12.50.15-375x500.jpeg",225,300,true],"large":["https:\/\/goias.gov.br\/policiacivil\/wp-content\/uploads\/sites\/71\/2022\/12\/whatsapp-image-2022-12-02-at-12.50.15.jpeg",768,1024,false],"1536x1536":["https:\/\/goias.gov.br\/policiacivil\/wp-content\/uploads\/sites\/71\/2022\/12\/whatsapp-image-2022-12-02-at-12.50.15.jpeg",768,1024,false],"2048x2048":["https:\/\/goias.gov.br\/policiacivil\/wp-content\/uploads\/sites\/71\/2022\/12\/whatsapp-image-2022-12-02-at-12.50.15.jpeg",768,1024,false]},"rttpg_author":{"display_name":"celsoassis","author_link":"https:\/\/goias.gov.br\/policiacivil\/author\/celsoassis\/"},"rttpg_comment":0,"rttpg_category":"<a href=\"https:\/\/goias.gov.br\/policiacivil\/categoria\/drp\/1a-regional\/\" rel=\"category tag\">1\u00aa Regional<\/a> <a href=\"https:\/\/goias.gov.br\/policiacivil\/categoria\/ultimo-segundo\/\" rel=\"category tag\">\u00daltimo Segundo<\/a>","rttpg_excerpt":"A Pol\u00edcia Civil do Estado, por meio do 21\u00ba DP de Goi\u00e2nia,\u00a0 prendeu envolvidos no furto de fios de cobre na regi\u00e3o Noroeste de Goi\u00e2nia. Ap\u00f3s a v\u00edtima noticiar que teve a fia\u00e7\u00e3o de sua resid\u00eancia furtada momentos antes, a equipe de policiais obteve informa\u00e7\u00f5es acerca do prov\u00e1vel autor, o qual tentava vender o produto&hellip;","_links":{"self":[{"href":"https:\/\/goias.gov.br\/policiacivil\/wp-json\/wp\/v2\/posts\/109350","targetHints":{"allow":["GET"]}}],"collection":[{"href":"https:\/\/goias.gov.br\/policiacivil\/wp-json\/wp\/v2\/posts"}],"about":[{"href":"https:\/\/goias.gov.br\/policiacivil\/wp-json\/wp\/v2\/types\/post"}],"author":[{"embeddable":true,"href":"https:\/\/goias.gov.br\/policiacivil\/wp-json\/wp\/v2\/users\/34"}],"replies":[{"embeddable":true,"href":"https:\/\/goias.gov.br\/policiacivil\/wp-json\/wp\/v2\/comments?post=109350"}],"version-history":[{"count":1,"href":"https:\/\/goias.gov.br\/policiacivil\/wp-json\/wp\/v2\/posts\/109350\/revisions"}],"predecessor-version":[{"id":109352,"href":"https:\/\/goias.gov.br\/policiacivil\/wp-json\/wp\/v2\/posts\/109350\/revisions\/109352"}],"wp:featuredmedia":[{"embeddable":true,"href":"https:\/\/goias.gov.br\/policiacivil\/wp-json\/wp\/v2\/media\/109351"}],"wp:attachment":[{"href":"https:\/\/goias.gov.br\/policiacivil\/wp-json\/wp\/v2\/media?parent=109350"}],"wp:term":[{"taxonomy":"category","embeddable":true,"href":"https:\/\/goias.gov.br\/policiacivil\/wp-json\/wp\/v2\/categories?post=109350"},{"taxonomy":"post_tag","embeddable":true,"href":"https:\/\/goias.gov.br\/policiacivil\/wp-json\/wp\/v2\/tags?post=109350"}],"curies":[{"name":"wp","href":"https:\/\/api.w.org\/{rel}","templated":true}]}}