

{"id":109146,"date":"2022-11-25T17:54:41","date_gmt":"2022-11-25T20:54:41","guid":{"rendered":" https:\/\/goias.gov.br\/policiacivil\/?p=109146"},"modified":"2022-11-25T17:54:41","modified_gmt":"2022-11-25T20:54:41","slug":"foragido-suspeito-de-estupro-de-vulneravel-e-preso","status":"publish","type":"post","link":"https:\/\/goias.gov.br\/policiacivil\/foragido-suspeito-de-estupro-de-vulneravel-e-preso\/","title":{"rendered":"Foragido suspeito de estupro de vulner\u00e1vel \u00e9 preso"},"content":{"rendered":"<p style=\"text-align: justify;\">A Pol\u00edcia Civil do Estado de Goi\u00e1s, por meio da DEAM de Mineiros, ap\u00f3s compartilhamento de informa\u00e7\u00f5es com a Pol\u00edcia Militar de Minas Gerais (PMMG), prendeu, nesta quinta-feira (24), um homem investigado pelo crime de estupro de vulner\u00e1vel.<\/p>\n<p style=\"text-align: justify;\">O crime ocorreu na cidade de Mineiros, em fevereiro do corrente ano. Ap\u00f3s a pr\u00e1tica do delito, o suspeito evadiu-se do munic\u00edpio. Iniciou-se uma investiga\u00e7\u00e3o com intuito de investigar o crime, visando o esclarecimento dos ind\u00edcios de autoria e materialidade dos fatos.<\/p>\n<p style=\"text-align: justify;\">Em seguida, representou-se pela pris\u00e3o preventiva do autor e iniciaram-se incessantes buscas para localiz\u00e1-lo e prend\u00ea-lo. Ap\u00f3s meses de investiga\u00e7\u00f5es, o suspeito foi localizado na cidade de Ituiutaba\/MG. A informa\u00e7\u00e3o foi repassada \u00e0 Pol\u00edcia Militar de Minas Gerais sobre o mandado de pris\u00e3o preventiva e as caracter\u00edsticas f\u00edsicas e fotografias do autor, bem como poss\u00edveis lugares onde ele poderia ser encontrado.<\/p>\n<p style=\"text-align: justify;\">Na noite de quinta, foi cumprido, ent\u00e3o, o mandado de pris\u00e3o contra o investigado. O preso responder\u00e1 pelo crime de estupro de vulner\u00e1vel, cuja pena \u00e9 de reclus\u00e3o \u00e9 8 a 15 anos de reclus\u00e3o.<\/p>\n","protected":false},"excerpt":{"rendered":"<p>A Pol\u00edcia Civil do Estado de Goi\u00e1s, por meio da DEAM de Mineiros, ap\u00f3s compartilhamento de informa\u00e7\u00f5es com a Pol\u00edcia Militar de Minas Gerais (PMMG), prendeu, nesta quinta-feira (24), um homem investigado pelo crime de estupro de vulner\u00e1vel. O crime ocorreu na cidade de Mineiros, em fevereiro do corrente ano. Ap\u00f3s a pr\u00e1tica do delito, [&hellip;]<\/p>\n","protected":false},"author":34,"featured_media":105869,"comment_status":"closed","ping_status":"closed","sticky":false,"template":"","format":"standard","meta":{"footnotes":""},"categories":[3201,537],"tags":[2543,3546,9874],"class_list":["post-109146","post","type-post","status-publish","format-standard","has-post-thumbnail","hentry","category-14a-regional","category-ultimo-segundo","tag-estupro-de-vulneravel","tag-mineiros","tag-pmmg"],"rttpg_featured_image_url":{"full":["https:\/\/goias.gov.br\/policiacivil\/wp-content\/uploads\/sites\/71\/2022\/08\/preso.jpeg",1068,1068,false],"landscape":["https:\/\/goias.gov.br\/policiacivil\/wp-content\/uploads\/sites\/71\/2022\/08\/preso.jpeg",1068,1068,false],"portraits":["https:\/\/goias.gov.br\/policiacivil\/wp-content\/uploads\/sites\/71\/2022\/08\/preso.jpeg",1068,1068,false],"thumbnail":["https:\/\/goias.gov.br\/policiacivil\/wp-content\/uploads\/sites\/71\/2022\/08\/preso-300x300.jpeg",150,150,true],"medium":["https:\/\/goias.gov.br\/policiacivil\/wp-content\/uploads\/sites\/71\/2022\/08\/preso-500x500.jpeg",300,300,true],"large":["https:\/\/goias.gov.br\/policiacivil\/wp-content\/uploads\/sites\/71\/2022\/08\/preso-1068x1068.jpeg",1024,1024,true],"1536x1536":["https:\/\/goias.gov.br\/policiacivil\/wp-content\/uploads\/sites\/71\/2022\/08\/preso.jpeg",1068,1068,false],"2048x2048":["https:\/\/goias.gov.br\/policiacivil\/wp-content\/uploads\/sites\/71\/2022\/08\/preso.jpeg",1068,1068,false]},"rttpg_author":{"display_name":"celsoassis","author_link":"https:\/\/goias.gov.br\/policiacivil\/author\/celsoassis\/"},"rttpg_comment":0,"rttpg_category":"<a href=\"https:\/\/goias.gov.br\/policiacivil\/categoria\/drp\/14a-regional\/\" rel=\"category tag\">14\u00aa Regional<\/a> <a href=\"https:\/\/goias.gov.br\/policiacivil\/categoria\/ultimo-segundo\/\" rel=\"category tag\">\u00daltimo Segundo<\/a>","rttpg_excerpt":"A Pol\u00edcia Civil do Estado de Goi\u00e1s, por meio da DEAM de Mineiros, ap\u00f3s compartilhamento de informa\u00e7\u00f5es com a Pol\u00edcia Militar de Minas Gerais (PMMG), prendeu, nesta quinta-feira (24), um homem investigado pelo crime de estupro de vulner\u00e1vel. O crime ocorreu na cidade de Mineiros, em fevereiro do corrente ano. Ap\u00f3s a pr\u00e1tica do delito,&hellip;","_links":{"self":[{"href":"https:\/\/goias.gov.br\/policiacivil\/wp-json\/wp\/v2\/posts\/109146","targetHints":{"allow":["GET"]}}],"collection":[{"href":"https:\/\/goias.gov.br\/policiacivil\/wp-json\/wp\/v2\/posts"}],"about":[{"href":"https:\/\/goias.gov.br\/policiacivil\/wp-json\/wp\/v2\/types\/post"}],"author":[{"embeddable":true,"href":"https:\/\/goias.gov.br\/policiacivil\/wp-json\/wp\/v2\/users\/34"}],"replies":[{"embeddable":true,"href":"https:\/\/goias.gov.br\/policiacivil\/wp-json\/wp\/v2\/comments?post=109146"}],"version-history":[{"count":1,"href":"https:\/\/goias.gov.br\/policiacivil\/wp-json\/wp\/v2\/posts\/109146\/revisions"}],"predecessor-version":[{"id":109147,"href":"https:\/\/goias.gov.br\/policiacivil\/wp-json\/wp\/v2\/posts\/109146\/revisions\/109147"}],"wp:featuredmedia":[{"embeddable":true,"href":"https:\/\/goias.gov.br\/policiacivil\/wp-json\/wp\/v2\/media\/105869"}],"wp:attachment":[{"href":"https:\/\/goias.gov.br\/policiacivil\/wp-json\/wp\/v2\/media?parent=109146"}],"wp:term":[{"taxonomy":"category","embeddable":true,"href":"https:\/\/goias.gov.br\/policiacivil\/wp-json\/wp\/v2\/categories?post=109146"},{"taxonomy":"post_tag","embeddable":true,"href":"https:\/\/goias.gov.br\/policiacivil\/wp-json\/wp\/v2\/tags?post=109146"}],"curies":[{"name":"wp","href":"https:\/\/api.w.org\/{rel}","templated":true}]}}