

{"id":108549,"date":"2022-11-08T12:02:21","date_gmt":"2022-11-08T15:02:21","guid":{"rendered":" https:\/\/goias.gov.br\/policiacivil\/?p=108549"},"modified":"2022-12-21T11:13:06","modified_gmt":"2022-12-21T14:13:06","slug":"pcgo-encerra-inquerito-e-indicia-o-ex-marido-por-feminicidio-de-agricultora-em-minacu","status":"publish","type":"post","link":"https:\/\/goias.gov.br\/policiacivil\/pcgo-encerra-inquerito-e-indicia-o-ex-marido-por-feminicidio-de-agricultora-em-minacu\/","title":{"rendered":"PCGO encerra inqu\u00e9rito e indicia ex-marido por feminic\u00eddio de agricultora em Mina\u00e7u"},"content":{"rendered":"<p style=\"text-align: justify;\">A Pol\u00edcia Civil de Goi\u00e1s, por interm\u00e9dio da Delegacia de Pol\u00edcia de Mina\u00e7\u00fa, concluiu inqu\u00e9rito policial que apurava um crime de feminic\u00eddio ocorrido na zona rural daquele munic\u00edpio.\u00a0A v\u00edtima, de 54 anos, foi encontrada sem vida e com sinais de viol\u00eancia, tamb\u00e9m estava seminua e com a cabe\u00e7a submersa em uma caixa d\u2019 \u00e1gua, no Assentamento Dom Roriz, local onde morava, no dia 11 de setembro.<\/p>\n<p style=\"text-align: justify;\">De acordo com as investiga\u00e7\u00f5es, a v\u00edtima, Neurice Torres (foto), e o indiciado, de 47 anos, estavam separados desde 2017. Contudo o ex-marido n\u00e3o aceitava o fim do relacionamento e procurava a mulher frequentemente, mesmo ele j\u00e1 estando convivendo com outra mulher.<\/p>\n<p><strong><a href=\" https:\/\/goias.gov.br\/policiacivil\/delegacias\/regionais\/policia-civil-divulga-retrato-de-suspeito-de-femicidio-ocorrido-em-minacu.html\" target=\"_blank\" rel=\"noopener\">Relembre o caso<\/a><\/strong><\/p>\n<p style=\"text-align: justify;\">Ap\u00f3s a equipe de policiais civis, coordenada pelo delegado J\u00e1rder Vieira, juntar v\u00e1rios elementos de informa\u00e7\u00e3o, a Pol\u00edcia Civil representou pela pris\u00e3o preventiva, sendo que em seguida o foragido foi preso por uma equipe da Pol\u00edcia Militar, quando da realiza\u00e7\u00e3o de uma barreira de fiscaliza\u00e7\u00e3o entre as cidades de Trombas e Formoso de Goi\u00e1s.<\/p>\n<p style=\"text-align: justify;\">Em seu interrogat\u00f3rio policial, j\u00e1 na Delegacia de Pol\u00edcia de Mina\u00e7\u00fa, o indiciado fez uso do direito de permanecer em sil\u00eancio. O inqu\u00e9rito policial foi conclu\u00eddo dentro do prazo legal e remetido ao Poder Judici\u00e1rio.<\/p>\n","protected":false},"excerpt":{"rendered":"<p>A Pol\u00edcia Civil de Goi\u00e1s, por interm\u00e9dio da Delegacia de Pol\u00edcia de Mina\u00e7\u00fa, concluiu inqu\u00e9rito policial que apurava um crime de feminic\u00eddio ocorrido na zona rural daquele munic\u00edpio.\u00a0A v\u00edtima, de 54 anos, foi encontrada sem vida e com sinais de viol\u00eancia, tamb\u00e9m estava seminua e com a cabe\u00e7a submersa em uma caixa d\u2019 \u00e1gua, no [&hellip;]<\/p>\n","protected":false},"author":23,"featured_media":108550,"comment_status":"closed","ping_status":"closed","sticky":false,"template":"","format":"standard","meta":{"footnotes":""},"categories":[3199,6069,89],"tags":[985],"class_list":["post-108549","post","type-post","status-publish","format-standard","has-post-thumbnail","hentry","category-12a-regional","category-noticias-da-policia-civil","category-regionais","tag-minacu"],"rttpg_featured_image_url":{"full":["https:\/\/goias.gov.br\/policiacivil\/wp-content\/uploads\/sites\/71\/2022\/11\/whatsapp-image-2022-11-08-at-11.47.15.jpg",473,510,false],"landscape":["https:\/\/goias.gov.br\/policiacivil\/wp-content\/uploads\/sites\/71\/2022\/11\/whatsapp-image-2022-11-08-at-11.47.15.jpg",473,510,false],"portraits":["https:\/\/goias.gov.br\/policiacivil\/wp-content\/uploads\/sites\/71\/2022\/11\/whatsapp-image-2022-11-08-at-11.47.15.jpg",473,510,false],"thumbnail":["https:\/\/goias.gov.br\/policiacivil\/wp-content\/uploads\/sites\/71\/2022\/11\/whatsapp-image-2022-11-08-at-11.47.15-300x300.jpg",150,150,true],"medium":["https:\/\/goias.gov.br\/policiacivil\/wp-content\/uploads\/sites\/71\/2022\/11\/whatsapp-image-2022-11-08-at-11.47.15-464x500.jpg",278,300,true],"large":["https:\/\/goias.gov.br\/policiacivil\/wp-content\/uploads\/sites\/71\/2022\/11\/whatsapp-image-2022-11-08-at-11.47.15.jpg",473,510,false],"1536x1536":["https:\/\/goias.gov.br\/policiacivil\/wp-content\/uploads\/sites\/71\/2022\/11\/whatsapp-image-2022-11-08-at-11.47.15.jpg",473,510,false],"2048x2048":["https:\/\/goias.gov.br\/policiacivil\/wp-content\/uploads\/sites\/71\/2022\/11\/whatsapp-image-2022-11-08-at-11.47.15.jpg",473,510,false]},"rttpg_author":{"display_name":"claudiacury","author_link":"https:\/\/goias.gov.br\/policiacivil\/author\/claudiacury\/"},"rttpg_comment":0,"rttpg_category":"<a href=\"https:\/\/goias.gov.br\/policiacivil\/categoria\/drp\/12a-regional\/\" rel=\"category tag\">12\u00aa Regional<\/a> <a href=\"https:\/\/goias.gov.br\/policiacivil\/categoria\/noticias\/noticias-da-policia-civil\/\" rel=\"category tag\">Not\u00edcias da Pol\u00edcia Civil<\/a> <a href=\"https:\/\/goias.gov.br\/policiacivil\/categoria\/delegacias\/regionais\/\" rel=\"category tag\">Regionais<\/a>","rttpg_excerpt":"A Pol\u00edcia Civil de Goi\u00e1s, por interm\u00e9dio da Delegacia de Pol\u00edcia de Mina\u00e7\u00fa, concluiu inqu\u00e9rito policial que apurava um crime de feminic\u00eddio ocorrido na zona rural daquele munic\u00edpio.\u00a0A v\u00edtima, de 54 anos, foi encontrada sem vida e com sinais de viol\u00eancia, tamb\u00e9m estava seminua e com a cabe\u00e7a submersa em uma caixa d\u2019 \u00e1gua, no&hellip;","_links":{"self":[{"href":"https:\/\/goias.gov.br\/policiacivil\/wp-json\/wp\/v2\/posts\/108549","targetHints":{"allow":["GET"]}}],"collection":[{"href":"https:\/\/goias.gov.br\/policiacivil\/wp-json\/wp\/v2\/posts"}],"about":[{"href":"https:\/\/goias.gov.br\/policiacivil\/wp-json\/wp\/v2\/types\/post"}],"author":[{"embeddable":true,"href":"https:\/\/goias.gov.br\/policiacivil\/wp-json\/wp\/v2\/users\/23"}],"replies":[{"embeddable":true,"href":"https:\/\/goias.gov.br\/policiacivil\/wp-json\/wp\/v2\/comments?post=108549"}],"version-history":[{"count":2,"href":"https:\/\/goias.gov.br\/policiacivil\/wp-json\/wp\/v2\/posts\/108549\/revisions"}],"predecessor-version":[{"id":108552,"href":"https:\/\/goias.gov.br\/policiacivil\/wp-json\/wp\/v2\/posts\/108549\/revisions\/108552"}],"wp:featuredmedia":[{"embeddable":true,"href":"https:\/\/goias.gov.br\/policiacivil\/wp-json\/wp\/v2\/media\/108550"}],"wp:attachment":[{"href":"https:\/\/goias.gov.br\/policiacivil\/wp-json\/wp\/v2\/media?parent=108549"}],"wp:term":[{"taxonomy":"category","embeddable":true,"href":"https:\/\/goias.gov.br\/policiacivil\/wp-json\/wp\/v2\/categories?post=108549"},{"taxonomy":"post_tag","embeddable":true,"href":"https:\/\/goias.gov.br\/policiacivil\/wp-json\/wp\/v2\/tags?post=108549"}],"curies":[{"name":"wp","href":"https:\/\/api.w.org\/{rel}","templated":true}]}}