

{"id":108246,"date":"2022-10-26T14:41:28","date_gmt":"2022-10-26T17:41:28","guid":{"rendered":" https:\/\/goias.gov.br\/policiacivil\/?p=108246"},"modified":"2022-10-26T14:41:28","modified_gmt":"2022-10-26T17:41:28","slug":"suspeito-de-trafico-de-drogas-e-preso-em-anapolis","status":"publish","type":"post","link":"https:\/\/goias.gov.br\/policiacivil\/suspeito-de-trafico-de-drogas-e-preso-em-anapolis\/","title":{"rendered":"Suspeito de tr\u00e1fico de drogas \u00e9 preso, em An\u00e1polis"},"content":{"rendered":"<p style=\"text-align: justify;\">A Pol\u00edcia Civil de Goi\u00e1s, por meio da 5\u00aa Delegacia Distrital de An\u00e1polis, cumpriu, nesta quarta-feira (26), mandado de pris\u00e3o preventiva em desfavor de um investigado pelo crime de tr\u00e1fico de drogas.<\/p>\n<p style=\"text-align: justify;\">Apurou-se que o investigado vinha cometendo o crime de tr\u00e1fico de drogas, pelo menos, desde de 2021. Foram colhidos elementos de informa\u00e7\u00e3o nos autos do Inqu\u00e9rito Policial comprovando a materialidade do crime e ind\u00edcios robustos de autoria.<\/p>\n<p style=\"text-align: justify;\">Em raz\u00e3o do investigado ser um criminoso contumaz, a Autoridade Policial que preside as investiga\u00e7\u00f5es representou pela pris\u00e3o preventiva do investigado, deferida pelo Judici\u00e1rio e cumprida nesta quarta (26). O investigado foi encaminhado \u00e0 Unidade Prisional de An\u00e1polis, permanecendo \u00e0 disposi\u00e7\u00e3o do Poder Judici\u00e1rio.<\/p>\n<p style=\"text-align: justify;\">O Disque-Den\u00fancia da 5\u00aa Delegacia Distrital de Pol\u00edcia de An\u00e1polis est\u00e1 dispon\u00edvel para a popula\u00e7\u00e3o atrav\u00e9s do WhatsApp (62) 98405-0875 Denuncie, o sigilo \u00e9 absoluto.<\/p>\n<p style=\"text-align: justify;\">\n","protected":false},"excerpt":{"rendered":"<p>A Pol\u00edcia Civil de Goi\u00e1s, por meio da 5\u00aa Delegacia Distrital de An\u00e1polis, cumpriu, nesta quarta-feira (26), mandado de pris\u00e3o preventiva em desfavor de um investigado pelo crime de tr\u00e1fico de drogas. Apurou-se que o investigado vinha cometendo o crime de tr\u00e1fico de drogas, pelo menos, desde de 2021. Foram colhidos elementos de informa\u00e7\u00e3o nos [&hellip;]<\/p>\n","protected":false},"author":34,"featured_media":104242,"comment_status":"closed","ping_status":"closed","sticky":false,"template":"","format":"standard","meta":{"footnotes":""},"categories":[3190,537],"tags":[31,30,5509],"class_list":["post-108246","post","type-post","status-publish","format-standard","has-post-thumbnail","hentry","category-3a-regional","category-ultimo-segundo","tag-anapolis","tag-genarc","tag-trafico-de-drogas"],"rttpg_featured_image_url":{"full":["https:\/\/goias.gov.br\/policiacivil\/wp-content\/uploads\/sites\/71\/2022\/06\/trafico.jpeg",1068,1068,false],"landscape":["https:\/\/goias.gov.br\/policiacivil\/wp-content\/uploads\/sites\/71\/2022\/06\/trafico.jpeg",1068,1068,false],"portraits":["https:\/\/goias.gov.br\/policiacivil\/wp-content\/uploads\/sites\/71\/2022\/06\/trafico.jpeg",1068,1068,false],"thumbnail":["https:\/\/goias.gov.br\/policiacivil\/wp-content\/uploads\/sites\/71\/2022\/06\/trafico-300x300.jpeg",150,150,true],"medium":["https:\/\/goias.gov.br\/policiacivil\/wp-content\/uploads\/sites\/71\/2022\/06\/trafico-500x500.jpeg",300,300,true],"large":["https:\/\/goias.gov.br\/policiacivil\/wp-content\/uploads\/sites\/71\/2022\/06\/trafico-1068x1068.jpeg",1024,1024,true],"1536x1536":["https:\/\/goias.gov.br\/policiacivil\/wp-content\/uploads\/sites\/71\/2022\/06\/trafico.jpeg",1068,1068,false],"2048x2048":["https:\/\/goias.gov.br\/policiacivil\/wp-content\/uploads\/sites\/71\/2022\/06\/trafico.jpeg",1068,1068,false]},"rttpg_author":{"display_name":"celsoassis","author_link":"https:\/\/goias.gov.br\/policiacivil\/author\/celsoassis\/"},"rttpg_comment":0,"rttpg_category":"<a href=\"https:\/\/goias.gov.br\/policiacivil\/categoria\/drp\/3a-regional\/\" rel=\"category tag\">3\u00aa Regional<\/a> <a href=\"https:\/\/goias.gov.br\/policiacivil\/categoria\/ultimo-segundo\/\" rel=\"category tag\">\u00daltimo Segundo<\/a>","rttpg_excerpt":"A Pol\u00edcia Civil de Goi\u00e1s, por meio da 5\u00aa Delegacia Distrital de An\u00e1polis, cumpriu, nesta quarta-feira (26), mandado de pris\u00e3o preventiva em desfavor de um investigado pelo crime de tr\u00e1fico de drogas. Apurou-se que o investigado vinha cometendo o crime de tr\u00e1fico de drogas, pelo menos, desde de 2021. Foram colhidos elementos de informa\u00e7\u00e3o nos&hellip;","_links":{"self":[{"href":"https:\/\/goias.gov.br\/policiacivil\/wp-json\/wp\/v2\/posts\/108246","targetHints":{"allow":["GET"]}}],"collection":[{"href":"https:\/\/goias.gov.br\/policiacivil\/wp-json\/wp\/v2\/posts"}],"about":[{"href":"https:\/\/goias.gov.br\/policiacivil\/wp-json\/wp\/v2\/types\/post"}],"author":[{"embeddable":true,"href":"https:\/\/goias.gov.br\/policiacivil\/wp-json\/wp\/v2\/users\/34"}],"replies":[{"embeddable":true,"href":"https:\/\/goias.gov.br\/policiacivil\/wp-json\/wp\/v2\/comments?post=108246"}],"version-history":[{"count":1,"href":"https:\/\/goias.gov.br\/policiacivil\/wp-json\/wp\/v2\/posts\/108246\/revisions"}],"predecessor-version":[{"id":108247,"href":"https:\/\/goias.gov.br\/policiacivil\/wp-json\/wp\/v2\/posts\/108246\/revisions\/108247"}],"wp:featuredmedia":[{"embeddable":true,"href":"https:\/\/goias.gov.br\/policiacivil\/wp-json\/wp\/v2\/media\/104242"}],"wp:attachment":[{"href":"https:\/\/goias.gov.br\/policiacivil\/wp-json\/wp\/v2\/media?parent=108246"}],"wp:term":[{"taxonomy":"category","embeddable":true,"href":"https:\/\/goias.gov.br\/policiacivil\/wp-json\/wp\/v2\/categories?post=108246"},{"taxonomy":"post_tag","embeddable":true,"href":"https:\/\/goias.gov.br\/policiacivil\/wp-json\/wp\/v2\/tags?post=108246"}],"curies":[{"name":"wp","href":"https:\/\/api.w.org\/{rel}","templated":true}]}}