

{"id":108048,"date":"2022-10-18T15:31:49","date_gmt":"2022-10-18T18:31:49","guid":{"rendered":" https:\/\/goias.gov.br\/policiacivil\/?p=108048"},"modified":"2022-10-18T17:32:07","modified_gmt":"2022-10-18T20:32:07","slug":"pcgo-prende-pai-investigado-por-estuprar-a-filha-quando-sua-esposa-estava-gravida","status":"publish","type":"post","link":"https:\/\/goias.gov.br\/policiacivil\/pcgo-prende-pai-investigado-por-estuprar-a-filha-quando-sua-esposa-estava-gravida\/","title":{"rendered":"PCGO prende pai investigado por estuprar a filha quando sua esposa estava gr\u00e1vida"},"content":{"rendered":"<p style=\"text-align: justify;\">A Pol\u00edcia Civil, por meio da equipe da Delegacia de Pol\u00edcia de Vian\u00f3polis, em apoio \u00e0 Delegacia Regional de Ceres, efetuou ontem (17\/10) cumprimento de mandado de pris\u00e3o tempor\u00e1ria em face de um investigado, de 35 anos, suspeito de ter praticado crime de estupro de vulner\u00e1vel contra sua pr\u00f3pria filha, ainda crian\u00e7a.<\/p>\n<p style=\"text-align: justify;\">Segundo consta, em investiga\u00e7\u00e3o da Delegacia de Rialma, a v\u00edtima, ap\u00f3s ser atendida por equipe da assist\u00eancia social, teria relatado que foi abusada sexualmente pelo genitor por quatro vezes, enquanto sua m\u00e3e estava gestante. Comunicado o fato \u00e0 delegacia, a autoridade policial representou ao Judici\u00e1rio pela pris\u00e3o cautelar do investigado, o que foi deferido.<\/p>\n<p style=\"text-align: justify;\">Diante da informa\u00e7\u00e3o de que o investigado estaria na regi\u00e3o de Vian\u00f3polis, a PCGO realizou dilig\u00eancias e o localizou, sendo que, ap\u00f3s os procedimentos legais, ele foi encaminhado ao sistema prisional \u00e0 disposi\u00e7\u00e3o da Justi\u00e7a.<\/p>\n<p>&nbsp;<\/p>\n","protected":false},"excerpt":{"rendered":"<p>A Pol\u00edcia Civil, por meio da equipe da Delegacia de Pol\u00edcia de Vian\u00f3polis, em apoio \u00e0 Delegacia Regional de Ceres, efetuou ontem (17\/10) cumprimento de mandado de pris\u00e3o tempor\u00e1ria em face de um investigado, de 35 anos, suspeito de ter praticado crime de estupro de vulner\u00e1vel contra sua pr\u00f3pria filha, ainda crian\u00e7a. Segundo consta, em [&hellip;]<\/p>\n","protected":false},"author":34,"featured_media":108050,"comment_status":"closed","ping_status":"closed","sticky":false,"template":"","format":"standard","meta":{"footnotes":""},"categories":[3196,2538,6069,89],"tags":[275,4487,1946],"class_list":["post-108048","post","type-post","status-publish","format-standard","has-post-thumbnail","hentry","category-9a-regional","category-delegacias","category-noticias-da-policia-civil","category-regionais","tag-estupro","tag-filha","tag-pai"],"rttpg_featured_image_url":{"full":["https:\/\/goias.gov.br\/policiacivil\/wp-content\/uploads\/sites\/71\/2022\/10\/whatsapp-image-2022-09-15-at-15.46.30.jpeg",1068,1068,false],"landscape":["https:\/\/goias.gov.br\/policiacivil\/wp-content\/uploads\/sites\/71\/2022\/10\/whatsapp-image-2022-09-15-at-15.46.30.jpeg",1068,1068,false],"portraits":["https:\/\/goias.gov.br\/policiacivil\/wp-content\/uploads\/sites\/71\/2022\/10\/whatsapp-image-2022-09-15-at-15.46.30.jpeg",1068,1068,false],"thumbnail":["https:\/\/goias.gov.br\/policiacivil\/wp-content\/uploads\/sites\/71\/2022\/10\/whatsapp-image-2022-09-15-at-15.46.30-300x300.jpeg",150,150,true],"medium":["https:\/\/goias.gov.br\/policiacivil\/wp-content\/uploads\/sites\/71\/2022\/10\/whatsapp-image-2022-09-15-at-15.46.30-500x500.jpeg",300,300,true],"large":["https:\/\/goias.gov.br\/policiacivil\/wp-content\/uploads\/sites\/71\/2022\/10\/whatsapp-image-2022-09-15-at-15.46.30.jpeg",1024,1024,false],"1536x1536":["https:\/\/goias.gov.br\/policiacivil\/wp-content\/uploads\/sites\/71\/2022\/10\/whatsapp-image-2022-09-15-at-15.46.30.jpeg",1068,1068,false],"2048x2048":["https:\/\/goias.gov.br\/policiacivil\/wp-content\/uploads\/sites\/71\/2022\/10\/whatsapp-image-2022-09-15-at-15.46.30.jpeg",1068,1068,false]},"rttpg_author":{"display_name":"celsoassis","author_link":"https:\/\/goias.gov.br\/policiacivil\/author\/celsoassis\/"},"rttpg_comment":0,"rttpg_category":"<a href=\"https:\/\/goias.gov.br\/policiacivil\/categoria\/drp\/9a-regional\/\" rel=\"category tag\">9\u00aa Regional<\/a> <a href=\"https:\/\/goias.gov.br\/policiacivil\/categoria\/delegacias\/\" rel=\"category tag\">Delegacias<\/a> <a href=\"https:\/\/goias.gov.br\/policiacivil\/categoria\/noticias\/noticias-da-policia-civil\/\" rel=\"category tag\">Not\u00edcias da Pol\u00edcia Civil<\/a> <a href=\"https:\/\/goias.gov.br\/policiacivil\/categoria\/delegacias\/regionais\/\" rel=\"category tag\">Regionais<\/a>","rttpg_excerpt":"A Pol\u00edcia Civil, por meio da equipe da Delegacia de Pol\u00edcia de Vian\u00f3polis, em apoio \u00e0 Delegacia Regional de Ceres, efetuou ontem (17\/10) cumprimento de mandado de pris\u00e3o tempor\u00e1ria em face de um investigado, de 35 anos, suspeito de ter praticado crime de estupro de vulner\u00e1vel contra sua pr\u00f3pria filha, ainda crian\u00e7a. Segundo consta, em&hellip;","_links":{"self":[{"href":"https:\/\/goias.gov.br\/policiacivil\/wp-json\/wp\/v2\/posts\/108048","targetHints":{"allow":["GET"]}}],"collection":[{"href":"https:\/\/goias.gov.br\/policiacivil\/wp-json\/wp\/v2\/posts"}],"about":[{"href":"https:\/\/goias.gov.br\/policiacivil\/wp-json\/wp\/v2\/types\/post"}],"author":[{"embeddable":true,"href":"https:\/\/goias.gov.br\/policiacivil\/wp-json\/wp\/v2\/users\/34"}],"replies":[{"embeddable":true,"href":"https:\/\/goias.gov.br\/policiacivil\/wp-json\/wp\/v2\/comments?post=108048"}],"version-history":[{"count":1,"href":"https:\/\/goias.gov.br\/policiacivil\/wp-json\/wp\/v2\/posts\/108048\/revisions"}],"predecessor-version":[{"id":108051,"href":"https:\/\/goias.gov.br\/policiacivil\/wp-json\/wp\/v2\/posts\/108048\/revisions\/108051"}],"wp:featuredmedia":[{"embeddable":true,"href":"https:\/\/goias.gov.br\/policiacivil\/wp-json\/wp\/v2\/media\/108050"}],"wp:attachment":[{"href":"https:\/\/goias.gov.br\/policiacivil\/wp-json\/wp\/v2\/media?parent=108048"}],"wp:term":[{"taxonomy":"category","embeddable":true,"href":"https:\/\/goias.gov.br\/policiacivil\/wp-json\/wp\/v2\/categories?post=108048"},{"taxonomy":"post_tag","embeddable":true,"href":"https:\/\/goias.gov.br\/policiacivil\/wp-json\/wp\/v2\/tags?post=108048"}],"curies":[{"name":"wp","href":"https:\/\/api.w.org\/{rel}","templated":true}]}}