

{"id":107306,"date":"2022-09-28T08:09:56","date_gmt":"2022-09-28T11:09:56","guid":{"rendered":" https:\/\/goias.gov.br\/policiacivil\/?p=107306"},"modified":"2022-09-28T08:09:56","modified_gmt":"2022-09-28T11:09:56","slug":"homem-preso-por-matar-esposa-e-enteada-e-indiciado-agora-por-importunacao-sexual","status":"publish","type":"post","link":"https:\/\/goias.gov.br\/policiacivil\/homem-preso-por-matar-esposa-e-enteada-e-indiciado-agora-por-importunacao-sexual\/","title":{"rendered":"Homem preso por matar esposa e enteada \u00e9 indiciado agora por importuna\u00e7\u00e3o sexual"},"content":{"rendered":"<p style=\"text-align: justify;\"><img fetchpriority=\"high\" decoding=\"async\" class=\" wp-image-107309 alignleft\" src=\" https:\/\/goias.gov.br\/policiacivil\/wp-content\/uploads\/sites\/71\/2022\/09\/whatsapp-image-2022-09-27-at-15.21.17-388x500.jpeg\" alt=\"\" width=\"257\" height=\"331\" srcset=\"https:\/\/goias.gov.br\/policiacivil\/wp-content\/uploads\/sites\/71\/2022\/09\/whatsapp-image-2022-09-27-at-15.21.17-388x500.jpeg 388w, https:\/\/goias.gov.br\/policiacivil\/wp-content\/uploads\/sites\/71\/2022\/09\/whatsapp-image-2022-09-27-at-15.21.17-696x898.jpeg 696w, https:\/\/goias.gov.br\/policiacivil\/wp-content\/uploads\/sites\/71\/2022\/09\/whatsapp-image-2022-09-27-at-15.21.17-326x420.jpeg 326w, https:\/\/goias.gov.br\/policiacivil\/wp-content\/uploads\/sites\/71\/2022\/09\/whatsapp-image-2022-09-27-at-15.21.17-651x840.jpeg 651w, https:\/\/goias.gov.br\/policiacivil\/wp-content\/uploads\/sites\/71\/2022\/09\/whatsapp-image-2022-09-27-at-15.21.17.jpeg 738w\" sizes=\"(max-width: 257px) 100vw, 257px\" \/>A Pol\u00edcia Civil concluiu nessa ter\u00e7a-feira (27\/9) inqu\u00e9rito policial e indiciou Daniel Ant\u00f4nio de Carvalho pelo delito de importuna\u00e7\u00e3o sexual, ocorrido reiteradamente ao longo do ano de 2022, mas noticiado em julho deste ano, ap\u00f3s a v\u00edtima o reconhecer em emissora de televis\u00e3o que noticiou sua pris\u00e3o em flagrante pelo feminic\u00eddio de sua esposa e homic\u00eddio de enteada, crime ocorrido em julho deste ano e que revoltou a regi\u00e3o noroeste pela torpeza n\u00e3o execu\u00e7\u00e3o, tendo o autor ateado fogo nas v\u00edtimas.<\/p>\n<p>Relembre o caso:\u00a0<a href=\" https:\/\/goias.gov.br\/policiacivil\/drp\/1a-regional\/homem-que-matou-e-carbonizou-corpos-de-companheira-e-sua-filha-e-preso-em-goiania.html\"> https:\/\/goias.gov.br\/policiacivil\/drp\/1a-regional\/homem-que-matou-e-carbonizou-corpos-de-companheira-e-sua-filha-e-preso-em-goiania.html<\/a><\/p>\n<p style=\"text-align: justify;\">Ap\u00f3s as reportagens amplamente veiculadas, a v\u00edtima do crime sexual, que desde o in\u00edcio do ano vinha sofrendo com a conduta criminosa do indiv\u00edduo, que a esperava na sa\u00edda da academia, a perseguia e batia nas suas n\u00e1degas de maneira violenta, quase a derrubando da bicicleta, resolveu procurar a Pol\u00edcia Civil, pois reconheceu categoricamente seu agressor no autor do crime cruel praticado contra esposa e enteada.<\/p>\n<p style=\"text-align: justify;\">A v\u00edtima havia, inclusive, anotado a placa da motocicleta. Durante a investiga\u00e7\u00e3o, os policiais civis constataram ser o ve\u00edculo de propriedade de Daniel Ant\u00f4nio de Carvalho. O dono da academia em quest\u00e3o foi ouvido como testemunha e credibilizou ainda mais a vers\u00e3o da v\u00edtima, ao mencionar que a esposa (assassinada por Daniel) treinava na academia e que o autor a buscava em uma moto vermelha.<\/p>\n<p style=\"text-align: justify;\">Assim, Daniel Ant\u00f4nio foi indiciado pelo crime de importuna\u00e7\u00e3o sexual e sua imagem foi divulgada, conforme despacho da autoridade policial, respeitando todos os ditames da legisla\u00e7\u00e3o atual (Lei n\u00ba 13.869\/2019 e da Portaria n\u00ba 547\/2021 \u2013 PC), para auxiliar nas investiga\u00e7\u00f5es de novas den\u00fancias e outras poss\u00edveis v\u00edtimas.<\/p>\n","protected":false},"excerpt":{"rendered":"<p>A Pol\u00edcia Civil concluiu nessa ter\u00e7a-feira (27\/9) inqu\u00e9rito policial e indiciou Daniel Ant\u00f4nio de Carvalho pelo delito de importuna\u00e7\u00e3o sexual, ocorrido reiteradamente ao longo do ano de 2022, mas noticiado em julho deste ano, ap\u00f3s a v\u00edtima o reconhecer em emissora de televis\u00e3o que noticiou sua pris\u00e3o em flagrante pelo feminic\u00eddio de sua esposa e [&hellip;]<\/p>\n","protected":false},"author":34,"featured_media":107309,"comment_status":"closed","ping_status":"closed","sticky":false,"template":"","format":"standard","meta":{"footnotes":""},"categories":[3188,2538,6069,89],"tags":[1335,7359,5296],"class_list":["post-107306","post","type-post","status-publish","format-standard","has-post-thumbnail","hentry","category-1a-regional","category-delegacias","category-noticias-da-policia-civil","category-regionais","tag-goiania","tag-importunacao-sexual","tag-indiciado"],"rttpg_featured_image_url":{"full":["https:\/\/goias.gov.br\/policiacivil\/wp-content\/uploads\/sites\/71\/2022\/09\/whatsapp-image-2022-09-27-at-15.21.17.jpeg",738,952,false],"landscape":["https:\/\/goias.gov.br\/policiacivil\/wp-content\/uploads\/sites\/71\/2022\/09\/whatsapp-image-2022-09-27-at-15.21.17.jpeg",738,952,false],"portraits":["https:\/\/goias.gov.br\/policiacivil\/wp-content\/uploads\/sites\/71\/2022\/09\/whatsapp-image-2022-09-27-at-15.21.17.jpeg",738,952,false],"thumbnail":["https:\/\/goias.gov.br\/policiacivil\/wp-content\/uploads\/sites\/71\/2022\/09\/whatsapp-image-2022-09-27-at-15.21.17-300x300.jpeg",150,150,true],"medium":["https:\/\/goias.gov.br\/policiacivil\/wp-content\/uploads\/sites\/71\/2022\/09\/whatsapp-image-2022-09-27-at-15.21.17-388x500.jpeg",233,300,true],"large":["https:\/\/goias.gov.br\/policiacivil\/wp-content\/uploads\/sites\/71\/2022\/09\/whatsapp-image-2022-09-27-at-15.21.17.jpeg",738,952,false],"1536x1536":["https:\/\/goias.gov.br\/policiacivil\/wp-content\/uploads\/sites\/71\/2022\/09\/whatsapp-image-2022-09-27-at-15.21.17.jpeg",738,952,false],"2048x2048":["https:\/\/goias.gov.br\/policiacivil\/wp-content\/uploads\/sites\/71\/2022\/09\/whatsapp-image-2022-09-27-at-15.21.17.jpeg",738,952,false]},"rttpg_author":{"display_name":"celsoassis","author_link":"https:\/\/goias.gov.br\/policiacivil\/author\/celsoassis\/"},"rttpg_comment":0,"rttpg_category":"<a href=\"https:\/\/goias.gov.br\/policiacivil\/categoria\/drp\/1a-regional\/\" rel=\"category tag\">1\u00aa Regional<\/a> <a href=\"https:\/\/goias.gov.br\/policiacivil\/categoria\/delegacias\/\" rel=\"category tag\">Delegacias<\/a> <a href=\"https:\/\/goias.gov.br\/policiacivil\/categoria\/noticias\/noticias-da-policia-civil\/\" rel=\"category tag\">Not\u00edcias da Pol\u00edcia Civil<\/a> <a href=\"https:\/\/goias.gov.br\/policiacivil\/categoria\/delegacias\/regionais\/\" rel=\"category tag\">Regionais<\/a>","rttpg_excerpt":"A Pol\u00edcia Civil concluiu nessa ter\u00e7a-feira (27\/9) inqu\u00e9rito policial e indiciou Daniel Ant\u00f4nio de Carvalho pelo delito de importuna\u00e7\u00e3o sexual, ocorrido reiteradamente ao longo do ano de 2022, mas noticiado em julho deste ano, ap\u00f3s a v\u00edtima o reconhecer em emissora de televis\u00e3o que noticiou sua pris\u00e3o em flagrante pelo feminic\u00eddio de sua esposa e&hellip;","_links":{"self":[{"href":"https:\/\/goias.gov.br\/policiacivil\/wp-json\/wp\/v2\/posts\/107306","targetHints":{"allow":["GET"]}}],"collection":[{"href":"https:\/\/goias.gov.br\/policiacivil\/wp-json\/wp\/v2\/posts"}],"about":[{"href":"https:\/\/goias.gov.br\/policiacivil\/wp-json\/wp\/v2\/types\/post"}],"author":[{"embeddable":true,"href":"https:\/\/goias.gov.br\/policiacivil\/wp-json\/wp\/v2\/users\/34"}],"replies":[{"embeddable":true,"href":"https:\/\/goias.gov.br\/policiacivil\/wp-json\/wp\/v2\/comments?post=107306"}],"version-history":[{"count":3,"href":"https:\/\/goias.gov.br\/policiacivil\/wp-json\/wp\/v2\/posts\/107306\/revisions"}],"predecessor-version":[{"id":107310,"href":"https:\/\/goias.gov.br\/policiacivil\/wp-json\/wp\/v2\/posts\/107306\/revisions\/107310"}],"wp:featuredmedia":[{"embeddable":true,"href":"https:\/\/goias.gov.br\/policiacivil\/wp-json\/wp\/v2\/media\/107309"}],"wp:attachment":[{"href":"https:\/\/goias.gov.br\/policiacivil\/wp-json\/wp\/v2\/media?parent=107306"}],"wp:term":[{"taxonomy":"category","embeddable":true,"href":"https:\/\/goias.gov.br\/policiacivil\/wp-json\/wp\/v2\/categories?post=107306"},{"taxonomy":"post_tag","embeddable":true,"href":"https:\/\/goias.gov.br\/policiacivil\/wp-json\/wp\/v2\/tags?post=107306"}],"curies":[{"name":"wp","href":"https:\/\/api.w.org\/{rel}","templated":true}]}}