

{"id":106544,"date":"2022-09-02T10:54:38","date_gmt":"2022-09-02T13:54:38","guid":{"rendered":" https:\/\/goias.gov.br\/policiacivil\/?p=106544"},"modified":"2022-09-02T10:54:38","modified_gmt":"2022-09-02T13:54:38","slug":"envolvidos-em-homicidio-sao-capturados-em-aparecida-de-goiania","status":"publish","type":"post","link":"https:\/\/goias.gov.br\/policiacivil\/envolvidos-em-homicidio-sao-capturados-em-aparecida-de-goiania\/","title":{"rendered":"Envolvidos em homic\u00eddio s\u00e3o capturados em Aparecida de Goi\u00e2nia"},"content":{"rendered":"<p style=\"text-align: justify;\">A Pol\u00edcia Civil do Estado de Goi\u00e1s, por meio do Grupo de Investiga\u00e7\u00e3o de Homic\u00eddios (GIH) de Aparecida de Goi\u00e2nia, capturou dois envolvidos na pr\u00e1tica de um duplo homic\u00eddio contra um casal ocorrido no Setor Jardim dos Ip\u00eas, pr\u00f3ximo \u00e0 Serra das Areias.<\/p>\n<p style=\"text-align: justify;\">Segundo informa\u00e7\u00f5es preliminares, as mortes se deram por vingan\u00e7a, uma vez que as v\u00edtima havia subtra\u00eddo uma motocicleta de um dos suspeitos cerca de dois dias antes do fato.<\/p>\n<p style=\"text-align: justify;\">Os suspeitos est\u00e3o sendo autuados em flagrante na sede do GIH\/APARECIDA e ser\u00e3o encaminhados \u00e0 carceragem, onde aguardar\u00e3o as determina\u00e7\u00f5es do Poder Judici\u00e1rio.<\/p>\n<div id='gallery-1' class='gallery galleryid-106544 gallery-columns-2 gallery-size-thumbnail'><figure class='gallery-item'>\n\t\t\t<div class='gallery-icon portrait'>\n\t\t\t\t<a href='https:\/\/goias.gov.br\/policiacivil\/envolvidos-em-homicidio-sao-capturados-em-aparecida-de-goiania\/whatsapp-image-2022-09-01-at-15-43-15\/'><img decoding=\"async\" width=\"150\" height=\"150\" src=\"https:\/\/goias.gov.br\/policiacivil\/wp-content\/uploads\/sites\/71\/2022\/09\/whatsapp-image-2022-09-01-at-15.43.15-300x300.jpg\" class=\"attachment-thumbnail size-thumbnail\" alt=\"\" \/><\/a>\n\t\t\t<\/div><\/figure><figure class='gallery-item'>\n\t\t\t<div class='gallery-icon portrait'>\n\t\t\t\t<a href='https:\/\/goias.gov.br\/policiacivil\/envolvidos-em-homicidio-sao-capturados-em-aparecida-de-goiania\/whatsapp-image-2022-09-01-at-15-43-16\/'><img decoding=\"async\" width=\"150\" height=\"150\" src=\"https:\/\/goias.gov.br\/policiacivil\/wp-content\/uploads\/sites\/71\/2022\/09\/whatsapp-image-2022-09-01-at-15.43.16-300x300.jpg\" class=\"attachment-thumbnail size-thumbnail\" alt=\"\" \/><\/a>\n\t\t\t<\/div><\/figure>\n\t\t<\/div>\n\n","protected":false},"excerpt":{"rendered":"<p>A Pol\u00edcia Civil do Estado de Goi\u00e1s, por meio do Grupo de Investiga\u00e7\u00e3o de Homic\u00eddios (GIH) de Aparecida de Goi\u00e2nia, capturou dois envolvidos na pr\u00e1tica de um duplo homic\u00eddio contra um casal ocorrido no Setor Jardim dos Ip\u00eas, pr\u00f3ximo \u00e0 Serra das Areias. Segundo informa\u00e7\u00f5es preliminares, as mortes se deram por vingan\u00e7a, uma vez que [&hellip;]<\/p>\n","protected":false},"author":34,"featured_media":106546,"comment_status":"closed","ping_status":"closed","sticky":false,"template":"","format":"standard","meta":{"footnotes":""},"categories":[3189,6069],"tags":[234,1291,23],"class_list":["post-106544","post","type-post","status-publish","format-standard","has-post-thumbnail","hentry","category-2a-regional","category-noticias-da-policia-civil","tag-aparecida-de-goiania","tag-gih","tag-homicidio"],"rttpg_featured_image_url":{"full":["https:\/\/goias.gov.br\/policiacivil\/wp-content\/uploads\/sites\/71\/2022\/09\/whatsapp-image-2022-09-01-at-15.43.16.jpg",749,1068,false],"landscape":["https:\/\/goias.gov.br\/policiacivil\/wp-content\/uploads\/sites\/71\/2022\/09\/whatsapp-image-2022-09-01-at-15.43.16.jpg",749,1068,false],"portraits":["https:\/\/goias.gov.br\/policiacivil\/wp-content\/uploads\/sites\/71\/2022\/09\/whatsapp-image-2022-09-01-at-15.43.16.jpg",749,1068,false],"thumbnail":["https:\/\/goias.gov.br\/policiacivil\/wp-content\/uploads\/sites\/71\/2022\/09\/whatsapp-image-2022-09-01-at-15.43.16-300x300.jpg",150,150,true],"medium":["https:\/\/goias.gov.br\/policiacivil\/wp-content\/uploads\/sites\/71\/2022\/09\/whatsapp-image-2022-09-01-at-15.43.16-351x500.jpg",211,300,true],"large":["https:\/\/goias.gov.br\/policiacivil\/wp-content\/uploads\/sites\/71\/2022\/09\/whatsapp-image-2022-09-01-at-15.43.16.jpg",718,1024,false],"1536x1536":["https:\/\/goias.gov.br\/policiacivil\/wp-content\/uploads\/sites\/71\/2022\/09\/whatsapp-image-2022-09-01-at-15.43.16.jpg",749,1068,false],"2048x2048":["https:\/\/goias.gov.br\/policiacivil\/wp-content\/uploads\/sites\/71\/2022\/09\/whatsapp-image-2022-09-01-at-15.43.16.jpg",749,1068,false]},"rttpg_author":{"display_name":"celsoassis","author_link":"https:\/\/goias.gov.br\/policiacivil\/author\/celsoassis\/"},"rttpg_comment":0,"rttpg_category":"<a href=\"https:\/\/goias.gov.br\/policiacivil\/categoria\/drp\/2a-regional\/\" rel=\"category tag\">2\u00aa Regional<\/a> <a href=\"https:\/\/goias.gov.br\/policiacivil\/categoria\/noticias\/noticias-da-policia-civil\/\" rel=\"category tag\">Not\u00edcias da Pol\u00edcia Civil<\/a>","rttpg_excerpt":"A Pol\u00edcia Civil do Estado de Goi\u00e1s, por meio do Grupo de Investiga\u00e7\u00e3o de Homic\u00eddios (GIH) de Aparecida de Goi\u00e2nia, capturou dois envolvidos na pr\u00e1tica de um duplo homic\u00eddio contra um casal ocorrido no Setor Jardim dos Ip\u00eas, pr\u00f3ximo \u00e0 Serra das Areias. Segundo informa\u00e7\u00f5es preliminares, as mortes se deram por vingan\u00e7a, uma vez que&hellip;","_links":{"self":[{"href":"https:\/\/goias.gov.br\/policiacivil\/wp-json\/wp\/v2\/posts\/106544","targetHints":{"allow":["GET"]}}],"collection":[{"href":"https:\/\/goias.gov.br\/policiacivil\/wp-json\/wp\/v2\/posts"}],"about":[{"href":"https:\/\/goias.gov.br\/policiacivil\/wp-json\/wp\/v2\/types\/post"}],"author":[{"embeddable":true,"href":"https:\/\/goias.gov.br\/policiacivil\/wp-json\/wp\/v2\/users\/34"}],"replies":[{"embeddable":true,"href":"https:\/\/goias.gov.br\/policiacivil\/wp-json\/wp\/v2\/comments?post=106544"}],"version-history":[{"count":1,"href":"https:\/\/goias.gov.br\/policiacivil\/wp-json\/wp\/v2\/posts\/106544\/revisions"}],"predecessor-version":[{"id":106547,"href":"https:\/\/goias.gov.br\/policiacivil\/wp-json\/wp\/v2\/posts\/106544\/revisions\/106547"}],"wp:featuredmedia":[{"embeddable":true,"href":"https:\/\/goias.gov.br\/policiacivil\/wp-json\/wp\/v2\/media\/106546"}],"wp:attachment":[{"href":"https:\/\/goias.gov.br\/policiacivil\/wp-json\/wp\/v2\/media?parent=106544"}],"wp:term":[{"taxonomy":"category","embeddable":true,"href":"https:\/\/goias.gov.br\/policiacivil\/wp-json\/wp\/v2\/categories?post=106544"},{"taxonomy":"post_tag","embeddable":true,"href":"https:\/\/goias.gov.br\/policiacivil\/wp-json\/wp\/v2\/tags?post=106544"}],"curies":[{"name":"wp","href":"https:\/\/api.w.org\/{rel}","templated":true}]}}