

{"id":105062,"date":"2022-07-19T09:53:43","date_gmt":"2022-07-19T12:53:43","guid":{"rendered":" https:\/\/goias.gov.br\/policiacivil\/?p=105062"},"modified":"2022-07-19T09:53:43","modified_gmt":"2022-07-19T12:53:43","slug":"pcgo-prende-suspeito-de-homicidio-em-itaja","status":"publish","type":"post","link":"https:\/\/goias.gov.br\/policiacivil\/pcgo-prende-suspeito-de-homicidio-em-itaja\/","title":{"rendered":"PCGO prende suspeito de homic\u00eddio, em Itaj\u00e1"},"content":{"rendered":"<p style=\"text-align: justify;\"><span style=\"font-weight: 400;\">A Pol\u00edcia Civil do Estado de Goi\u00e1s, por meio da Delegacia de Itaj\u00e1, cumpriu, nesta sexta-feira (19), mandado de pris\u00e3o expedido contra J.B.C.N, suspeito de esfaquear uma homem.<\/span><\/p>\n<p style=\"text-align: justify;\"><span style=\"font-weight: 400;\">O crime ocorreu no munic\u00edpio de Apor\u00e9, mas a v\u00edtima residia em Cassil\u00e2ndia (MS) e era uma pessoa bastante querida na localidade. A v\u00edtima estava na cidade apenas afim de acompanhar um amigo, quando foi atingido com um golpe de faca.<\/span><\/p>\n<p style=\"text-align: justify;\"><span style=\"font-weight: 400;\">Naquela oportunidade, foi instaurado inqu\u00e9rito policial para apurar a pr\u00e1tica do crime de homic\u00eddio qualificado, tendo o Judici\u00e1rio decretado a pris\u00e3o do suspeito.<\/span><\/p>\n<p style=\"text-align: justify;\"><span style=\"font-weight: 400;\">Ap\u00f3s negocia\u00e7\u00f5es com a defesa do suspeito, ele se entregou na Delegacia de Pol\u00edcia, sendo encaminhado \u00e0 ag\u00eancia prisional.\u00a0<\/span><\/p>\n","protected":false},"excerpt":{"rendered":"<p>A Pol\u00edcia Civil do Estado de Goi\u00e1s, por meio da Delegacia de Itaj\u00e1, cumpriu, nesta sexta-feira (19), mandado de pris\u00e3o expedido contra J.B.C.N, suspeito de esfaquear uma homem. O crime ocorreu no munic\u00edpio de Apor\u00e9, mas a v\u00edtima residia em Cassil\u00e2ndia (MS) e era uma pessoa bastante querida na localidade. A v\u00edtima estava na cidade [&hellip;]<\/p>\n","protected":false},"author":34,"featured_media":72352,"comment_status":"closed","ping_status":"closed","sticky":false,"template":"","format":"standard","meta":{"footnotes":""},"categories":[3201,537],"tags":[23,274,382],"class_list":["post-105062","post","type-post","status-publish","format-standard","has-post-thumbnail","hentry","category-14a-regional","category-ultimo-segundo","tag-homicidio","tag-itaja","tag-jatai"],"rttpg_featured_image_url":{"full":["https:\/\/goias.gov.br\/policiacivil\/wp-content\/uploads\/sites\/71\/2019\/04\/logo-preta-pcgo.jpg",473,333,false],"landscape":["https:\/\/goias.gov.br\/policiacivil\/wp-content\/uploads\/sites\/71\/2019\/04\/logo-preta-pcgo.jpg",473,333,false],"portraits":["https:\/\/goias.gov.br\/policiacivil\/wp-content\/uploads\/sites\/71\/2019\/04\/logo-preta-pcgo.jpg",473,333,false],"thumbnail":["https:\/\/goias.gov.br\/policiacivil\/wp-content\/uploads\/sites\/71\/2019\/04\/logo-preta-pcgo-300x300.jpg",150,150,true],"medium":["https:\/\/goias.gov.br\/policiacivil\/wp-content\/uploads\/sites\/71\/2019\/04\/logo-preta-pcgo.jpg",300,211,false],"large":["https:\/\/goias.gov.br\/policiacivil\/wp-content\/uploads\/sites\/71\/2019\/04\/logo-preta-pcgo.jpg",473,333,false],"1536x1536":["https:\/\/goias.gov.br\/policiacivil\/wp-content\/uploads\/sites\/71\/2019\/04\/logo-preta-pcgo.jpg",473,333,false],"2048x2048":["https:\/\/goias.gov.br\/policiacivil\/wp-content\/uploads\/sites\/71\/2019\/04\/logo-preta-pcgo.jpg",473,333,false]},"rttpg_author":{"display_name":"celsoassis","author_link":"https:\/\/goias.gov.br\/policiacivil\/author\/celsoassis\/"},"rttpg_comment":0,"rttpg_category":"<a href=\"https:\/\/goias.gov.br\/policiacivil\/categoria\/drp\/14a-regional\/\" rel=\"category tag\">14\u00aa Regional<\/a> <a href=\"https:\/\/goias.gov.br\/policiacivil\/categoria\/ultimo-segundo\/\" rel=\"category tag\">\u00daltimo Segundo<\/a>","rttpg_excerpt":"A Pol\u00edcia Civil do Estado de Goi\u00e1s, por meio da Delegacia de Itaj\u00e1, cumpriu, nesta sexta-feira (19), mandado de pris\u00e3o expedido contra J.B.C.N, suspeito de esfaquear uma homem. O crime ocorreu no munic\u00edpio de Apor\u00e9, mas a v\u00edtima residia em Cassil\u00e2ndia (MS) e era uma pessoa bastante querida na localidade. A v\u00edtima estava na cidade&hellip;","_links":{"self":[{"href":"https:\/\/goias.gov.br\/policiacivil\/wp-json\/wp\/v2\/posts\/105062","targetHints":{"allow":["GET"]}}],"collection":[{"href":"https:\/\/goias.gov.br\/policiacivil\/wp-json\/wp\/v2\/posts"}],"about":[{"href":"https:\/\/goias.gov.br\/policiacivil\/wp-json\/wp\/v2\/types\/post"}],"author":[{"embeddable":true,"href":"https:\/\/goias.gov.br\/policiacivil\/wp-json\/wp\/v2\/users\/34"}],"replies":[{"embeddable":true,"href":"https:\/\/goias.gov.br\/policiacivil\/wp-json\/wp\/v2\/comments?post=105062"}],"version-history":[{"count":1,"href":"https:\/\/goias.gov.br\/policiacivil\/wp-json\/wp\/v2\/posts\/105062\/revisions"}],"predecessor-version":[{"id":105063,"href":"https:\/\/goias.gov.br\/policiacivil\/wp-json\/wp\/v2\/posts\/105062\/revisions\/105063"}],"wp:featuredmedia":[{"embeddable":true,"href":"https:\/\/goias.gov.br\/policiacivil\/wp-json\/wp\/v2\/media\/72352"}],"wp:attachment":[{"href":"https:\/\/goias.gov.br\/policiacivil\/wp-json\/wp\/v2\/media?parent=105062"}],"wp:term":[{"taxonomy":"category","embeddable":true,"href":"https:\/\/goias.gov.br\/policiacivil\/wp-json\/wp\/v2\/categories?post=105062"},{"taxonomy":"post_tag","embeddable":true,"href":"https:\/\/goias.gov.br\/policiacivil\/wp-json\/wp\/v2\/tags?post=105062"}],"curies":[{"name":"wp","href":"https:\/\/api.w.org\/{rel}","templated":true}]}}