

{"id":105018,"date":"2022-07-15T13:42:18","date_gmt":"2022-07-15T16:42:18","guid":{"rendered":" https:\/\/goias.gov.br\/policiacivil\/?p=105018"},"modified":"2022-07-15T16:34:24","modified_gmt":"2022-07-15T19:34:24","slug":"pcgo-prende-7-envolvidos-em-homicidio-de-homem-ligado-a-faccoes-criminosas-do-trafico","status":"publish","type":"post","link":"https:\/\/goias.gov.br\/policiacivil\/pcgo-prende-7-envolvidos-em-homicidio-de-homem-ligado-a-faccoes-criminosas-do-trafico\/","title":{"rendered":"PCGO prende 7 envolvidos em homic\u00eddio de homem ligado a fac\u00e7\u00f5es criminosas do tr\u00e1fico"},"content":{"rendered":"<p style=\"text-align: justify;\"><img fetchpriority=\"high\" decoding=\"async\" class=\" wp-image-105020 alignleft\" src=\" https:\/\/goias.gov.br\/policiacivil\/wp-content\/uploads\/sites\/71\/2022\/07\/whatsapp-image-2022-07-15-at-14.06.50-500x281.jpeg\" alt=\"\" width=\"393\" height=\"221\" srcset=\"https:\/\/goias.gov.br\/policiacivil\/wp-content\/uploads\/sites\/71\/2022\/07\/whatsapp-image-2022-07-15-at-14.06.50-500x281.jpeg 500w, https:\/\/goias.gov.br\/policiacivil\/wp-content\/uploads\/sites\/71\/2022\/07\/whatsapp-image-2022-07-15-at-14.06.50-768x432.jpeg 768w, https:\/\/goias.gov.br\/policiacivil\/wp-content\/uploads\/sites\/71\/2022\/07\/whatsapp-image-2022-07-15-at-14.06.50-696x392.jpeg 696w, https:\/\/goias.gov.br\/policiacivil\/wp-content\/uploads\/sites\/71\/2022\/07\/whatsapp-image-2022-07-15-at-14.06.50-746x420.jpeg 746w, https:\/\/goias.gov.br\/policiacivil\/wp-content\/uploads\/sites\/71\/2022\/07\/whatsapp-image-2022-07-15-at-14.06.50.jpeg 1068w\" sizes=\"(max-width: 393px) 100vw, 393px\" \/>A Pol\u00edcia Civil do Estado de Goi\u00e1s, por meio do Grupo de Investiga\u00e7\u00e3o de Homic\u00eddios (GIH) de Aparecida de Goi\u00e2nia, deu cumprimento hoje (15\/7) a sete mandados de pris\u00e3o tempor\u00e1ria e busca e apreens\u00e3o em Goi\u00e2nia\/GO, Aparecida de Goi\u00e2nia\/GO, Gurupi\/TO e Ceil\u00e2ndia\/DF. A opera\u00e7\u00e3o visa apurar o homic\u00eddio de Tiago Borges Queiroz, 42 anos, que foi investigado na Opera\u00e7\u00e3o \u00cdcarus da PCGO (deflagrada pela Deic em 2019), desencadeada para apurar o tr\u00e1fico internacional de coca\u00edna. A v\u00edtima passava f\u00e9rias na casa de parentes, em uma casa situada em Goi\u00e2nia, tendo vindo da Espanha, quando, no dia 18 de junho de 2021, foi sequestrada em seu ve\u00edculo, no Setor Jardim Novo Mundo. Ap\u00f3s algumas horas, Tiago foi encontrado morto com v\u00e1rios tiros, com o seu carro queimado ao lado, na regi\u00e3o da Serra das Areias, em Aparecida. Ap\u00f3s uma s\u00e9rie de dilig\u00eancias, foi poss\u00edvel identificar os ve\u00edculos utilizados no planejamento e sequestro de Tiago. Os policiais tamb\u00e9m identificaram os alvos do crime, relacionados ao tr\u00e1fico de coca\u00edna e lavagem de dinheiro. A opera\u00e7\u00e3o foi batizada com o nome Serra das Areias.<\/p>\n<p style=\"text-align: justify;\">Durante o cumprimento dos mandados, seis alvos foram localizados e capturados, apontados como executores e mandantes do homic\u00eddio. Dentre estes, foi preso um indiv\u00edduo, no Distrito Federal, o qual j\u00e1 havia sido alvo da Opera\u00e7\u00e3o Puro Sangue, cujo objeto tamb\u00e9m se relacionava ao tr\u00e1fico de coca\u00edna (opera\u00e7\u00e3o deflagrada pela Denarc em 2019). O homic\u00eddio de Tiago teria sido motivado por disputas internas dentro de uma fac\u00e7\u00e3o criminosa. A opera\u00e7\u00e3o de hoje faz parte de uma s\u00e9rie de medidas tomadas para a apura\u00e7\u00e3o de crimes de homic\u00eddios praticados na regi\u00e3o da Serra das Areias, \u00e1rea de prote\u00e7\u00e3o ambiental utilizada para pr\u00e1tica de crimes dolosos contra a vida. Os envolvidos ser\u00e3o indiciados por homic\u00eddio qualificado.<\/p>\n<p>Relembre as opera\u00e7\u00f5es:<\/p>\n<p><a href=\" https:\/\/goias.gov.br\/policiacivil\/delegacias\/especializadas\/operacao-icarus-policia-civil-desarticula-organizacao-criminosa-de-trafico-internacional-e-lavagem-de-dinheiro-3-aeronaves-e-11-carros-de-luxo-foram-apreendidos.html\"> https:\/\/goias.gov.br\/policiacivil\/delegacias\/especializadas\/operacao-icarus-policia-civil-desarticula-organizacao-criminosa-de-trafico-internacional-e-lavagem-de-dinheiro-3-aeronaves-e-11-carros-de-luxo-foram-apreendidos.html<\/a><\/p>\n<p><a href=\" https:\/\/goias.gov.br\/policiacivil\/delegacias\/especializadas\/operacao-puro-sangue-denarc-desarticula-organizacao-criminosa-responsavel-por-trazer-drogas-para-goias-duas-aeronaves-foram-apreendidas.html\"> https:\/\/goias.gov.br\/policiacivil\/delegacias\/especializadas\/operacao-puro-sangue-denarc-desarticula-organizacao-criminosa-responsavel-por-trazer-drogas-para-goias-duas-aeronaves-foram-apreendidas.html<\/a><\/p>\n","protected":false},"excerpt":{"rendered":"<p>A Pol\u00edcia Civil do Estado de Goi\u00e1s, por meio do Grupo de Investiga\u00e7\u00e3o de Homic\u00eddios (GIH) de Aparecida de Goi\u00e2nia, deu cumprimento hoje (15\/7) a sete mandados de pris\u00e3o tempor\u00e1ria e busca e apreens\u00e3o em Goi\u00e2nia\/GO, Aparecida de Goi\u00e2nia\/GO, Gurupi\/TO e Ceil\u00e2ndia\/DF. A opera\u00e7\u00e3o visa apurar o homic\u00eddio de Tiago Borges Queiroz, 42 anos, que [&hellip;]<\/p>\n","protected":false},"author":34,"featured_media":105019,"comment_status":"closed","ping_status":"closed","sticky":false,"template":"","format":"standard","meta":{"footnotes":""},"categories":[3189,2538,6069,89],"tags":[234,8360,1291,23,7922,5509],"class_list":["post-105018","post","type-post","status-publish","format-standard","has-post-thumbnail","hentry","category-2a-regional","category-delegacias","category-noticias-da-policia-civil","category-regionais","tag-aparecida-de-goiania","tag-faccoes-criminosas","tag-gih","tag-homicidio","tag-serra-das-areias","tag-trafico-de-drogas"],"rttpg_featured_image_url":{"full":["https:\/\/goias.gov.br\/policiacivil\/wp-content\/uploads\/sites\/71\/2022\/07\/whatsapp-image-2022-07-15-at-14.06.46.jpeg",799,1068,false],"landscape":["https:\/\/goias.gov.br\/policiacivil\/wp-content\/uploads\/sites\/71\/2022\/07\/whatsapp-image-2022-07-15-at-14.06.46.jpeg",799,1068,false],"portraits":["https:\/\/goias.gov.br\/policiacivil\/wp-content\/uploads\/sites\/71\/2022\/07\/whatsapp-image-2022-07-15-at-14.06.46.jpeg",799,1068,false],"thumbnail":["https:\/\/goias.gov.br\/policiacivil\/wp-content\/uploads\/sites\/71\/2022\/07\/whatsapp-image-2022-07-15-at-14.06.46-300x300.jpeg",150,150,true],"medium":["https:\/\/goias.gov.br\/policiacivil\/wp-content\/uploads\/sites\/71\/2022\/07\/whatsapp-image-2022-07-15-at-14.06.46-374x500.jpeg",224,300,true],"large":["https:\/\/goias.gov.br\/policiacivil\/wp-content\/uploads\/sites\/71\/2022\/07\/whatsapp-image-2022-07-15-at-14.06.46.jpeg",766,1024,false],"1536x1536":["https:\/\/goias.gov.br\/policiacivil\/wp-content\/uploads\/sites\/71\/2022\/07\/whatsapp-image-2022-07-15-at-14.06.46.jpeg",799,1068,false],"2048x2048":["https:\/\/goias.gov.br\/policiacivil\/wp-content\/uploads\/sites\/71\/2022\/07\/whatsapp-image-2022-07-15-at-14.06.46.jpeg",799,1068,false]},"rttpg_author":{"display_name":"celsoassis","author_link":"https:\/\/goias.gov.br\/policiacivil\/author\/celsoassis\/"},"rttpg_comment":0,"rttpg_category":"<a href=\"https:\/\/goias.gov.br\/policiacivil\/categoria\/drp\/2a-regional\/\" rel=\"category tag\">2\u00aa Regional<\/a> <a href=\"https:\/\/goias.gov.br\/policiacivil\/categoria\/delegacias\/\" rel=\"category tag\">Delegacias<\/a> <a href=\"https:\/\/goias.gov.br\/policiacivil\/categoria\/noticias\/noticias-da-policia-civil\/\" rel=\"category tag\">Not\u00edcias da Pol\u00edcia Civil<\/a> <a href=\"https:\/\/goias.gov.br\/policiacivil\/categoria\/delegacias\/regionais\/\" rel=\"category tag\">Regionais<\/a>","rttpg_excerpt":"A Pol\u00edcia Civil do Estado de Goi\u00e1s, por meio do Grupo de Investiga\u00e7\u00e3o de Homic\u00eddios (GIH) de Aparecida de Goi\u00e2nia, deu cumprimento hoje (15\/7) a sete mandados de pris\u00e3o tempor\u00e1ria e busca e apreens\u00e3o em Goi\u00e2nia\/GO, Aparecida de Goi\u00e2nia\/GO, Gurupi\/TO e Ceil\u00e2ndia\/DF. A opera\u00e7\u00e3o visa apurar o homic\u00eddio de Tiago Borges Queiroz, 42 anos, que&hellip;","_links":{"self":[{"href":"https:\/\/goias.gov.br\/policiacivil\/wp-json\/wp\/v2\/posts\/105018","targetHints":{"allow":["GET"]}}],"collection":[{"href":"https:\/\/goias.gov.br\/policiacivil\/wp-json\/wp\/v2\/posts"}],"about":[{"href":"https:\/\/goias.gov.br\/policiacivil\/wp-json\/wp\/v2\/types\/post"}],"author":[{"embeddable":true,"href":"https:\/\/goias.gov.br\/policiacivil\/wp-json\/wp\/v2\/users\/34"}],"replies":[{"embeddable":true,"href":"https:\/\/goias.gov.br\/policiacivil\/wp-json\/wp\/v2\/comments?post=105018"}],"version-history":[{"count":2,"href":"https:\/\/goias.gov.br\/policiacivil\/wp-json\/wp\/v2\/posts\/105018\/revisions"}],"predecessor-version":[{"id":105027,"href":"https:\/\/goias.gov.br\/policiacivil\/wp-json\/wp\/v2\/posts\/105018\/revisions\/105027"}],"wp:featuredmedia":[{"embeddable":true,"href":"https:\/\/goias.gov.br\/policiacivil\/wp-json\/wp\/v2\/media\/105019"}],"wp:attachment":[{"href":"https:\/\/goias.gov.br\/policiacivil\/wp-json\/wp\/v2\/media?parent=105018"}],"wp:term":[{"taxonomy":"category","embeddable":true,"href":"https:\/\/goias.gov.br\/policiacivil\/wp-json\/wp\/v2\/categories?post=105018"},{"taxonomy":"post_tag","embeddable":true,"href":"https:\/\/goias.gov.br\/policiacivil\/wp-json\/wp\/v2\/tags?post=105018"}],"curies":[{"name":"wp","href":"https:\/\/api.w.org\/{rel}","templated":true}]}}