

{"id":104795,"date":"2022-06-29T16:18:12","date_gmt":"2022-06-29T19:18:12","guid":{"rendered":" https:\/\/goias.gov.br\/policiacivil\/?p=104795"},"modified":"2022-06-29T16:18:12","modified_gmt":"2022-06-29T19:18:12","slug":"pc-cumpre-busca-em-ipora-e-localiza-arma-de-fogo-que-investigado-arremessou-em-lote-baldio","status":"publish","type":"post","link":"https:\/\/goias.gov.br\/policiacivil\/pc-cumpre-busca-em-ipora-e-localiza-arma-de-fogo-que-investigado-arremessou-em-lote-baldio\/","title":{"rendered":"PC cumpre busca em Ipor\u00e1 e localiza arma de fogo que investigado arremessou em lote baldio"},"content":{"rendered":"<p style=\"text-align: justify;\"><img fetchpriority=\"high\" decoding=\"async\" class=\" wp-image-104797 alignleft\" src=\" https:\/\/goias.gov.br\/policiacivil\/wp-content\/uploads\/sites\/71\/2022\/06\/whatsapp-image-2022-06-29-at-15.57.42-375x500.jpeg\" alt=\"\" width=\"253\" height=\"337\" srcset=\"https:\/\/goias.gov.br\/policiacivil\/wp-content\/uploads\/sites\/71\/2022\/06\/whatsapp-image-2022-06-29-at-15.57.42-375x500.jpeg 375w, https:\/\/goias.gov.br\/policiacivil\/wp-content\/uploads\/sites\/71\/2022\/06\/whatsapp-image-2022-06-29-at-15.57.42-696x928.jpeg 696w, https:\/\/goias.gov.br\/policiacivil\/wp-content\/uploads\/sites\/71\/2022\/06\/whatsapp-image-2022-06-29-at-15.57.42-315x420.jpeg 315w, https:\/\/goias.gov.br\/policiacivil\/wp-content\/uploads\/sites\/71\/2022\/06\/whatsapp-image-2022-06-29-at-15.57.42-630x840.jpeg 630w, https:\/\/goias.gov.br\/policiacivil\/wp-content\/uploads\/sites\/71\/2022\/06\/whatsapp-image-2022-06-29-at-15.57.42.jpeg 768w\" sizes=\"(max-width: 253px) 100vw, 253px\" \/>A Pol\u00edcia Civil do Estado de Goi\u00e1s, por interm\u00e9dio do Grupo Especial de Repress\u00e3o a Narc\u00f3ticos (Genarc) de Ipor\u00e1, realizou hoje (29\/6) o cumprimento do mandado de busca e apreens\u00e3o expedido pelo Poder Judici\u00e1rio, em desfavor de investigado pela pr\u00e1tica de tr\u00e1fico il\u00edcito de drogas, na cidade de Ipor\u00e1.<\/p>\n<p style=\"text-align: justify;\">Durante as buscas na resid\u00eancia do investigado, n\u00e3o houve a localiza\u00e7\u00e3o de nenhum objeto il\u00edcito. Todavia, em seu interrogat\u00f3rio policial, o investigado relatou que, percebendo a presen\u00e7a dos policiais civis, imediatamente arremessou um rev\u00f3lver para o lote baldio vizinho de sua resid\u00eancia.<\/p>\n<p style=\"text-align: justify;\">Ato seguinte, a equipe compareceu ao local indicado e conseguiu localizar e apreender um rev\u00f3lver marca Taurus, calibre .38, com seis muni\u00e7\u00f5es intactas, sem registro legal. Diante da situa\u00e7\u00e3o flagrancial, foi dada voz de pris\u00e3o ao investigado e na sede do Genarc foi lavrado auto de pris\u00e3o em flagrante pela pr\u00e1tica do crime de posse irregular de arma de fogo de uso permitido.<\/p>\n","protected":false},"excerpt":{"rendered":"<p>A Pol\u00edcia Civil do Estado de Goi\u00e1s, por interm\u00e9dio do Grupo Especial de Repress\u00e3o a Narc\u00f3ticos (Genarc) de Ipor\u00e1, realizou hoje (29\/6) o cumprimento do mandado de busca e apreens\u00e3o expedido pelo Poder Judici\u00e1rio, em desfavor de investigado pela pr\u00e1tica de tr\u00e1fico il\u00edcito de drogas, na cidade de Ipor\u00e1. Durante as buscas na resid\u00eancia do [&hellip;]<\/p>\n","protected":false},"author":34,"featured_media":104797,"comment_status":"closed","ping_status":"closed","sticky":false,"template":"","format":"standard","meta":{"footnotes":""},"categories":[3194,2538,537],"tags":[3220,30,440],"class_list":["post-104795","post","type-post","status-publish","format-standard","has-post-thumbnail","hentry","category-7a-regional","category-delegacias","category-ultimo-segundo","tag-arma","tag-genarc","tag-ipora"],"rttpg_featured_image_url":{"full":["https:\/\/goias.gov.br\/policiacivil\/wp-content\/uploads\/sites\/71\/2022\/06\/whatsapp-image-2022-06-29-at-15.57.42.jpeg",768,1024,false],"landscape":["https:\/\/goias.gov.br\/policiacivil\/wp-content\/uploads\/sites\/71\/2022\/06\/whatsapp-image-2022-06-29-at-15.57.42.jpeg",768,1024,false],"portraits":["https:\/\/goias.gov.br\/policiacivil\/wp-content\/uploads\/sites\/71\/2022\/06\/whatsapp-image-2022-06-29-at-15.57.42.jpeg",768,1024,false],"thumbnail":["https:\/\/goias.gov.br\/policiacivil\/wp-content\/uploads\/sites\/71\/2022\/06\/whatsapp-image-2022-06-29-at-15.57.42-300x300.jpeg",150,150,true],"medium":["https:\/\/goias.gov.br\/policiacivil\/wp-content\/uploads\/sites\/71\/2022\/06\/whatsapp-image-2022-06-29-at-15.57.42-375x500.jpeg",225,300,true],"large":["https:\/\/goias.gov.br\/policiacivil\/wp-content\/uploads\/sites\/71\/2022\/06\/whatsapp-image-2022-06-29-at-15.57.42.jpeg",768,1024,false],"1536x1536":["https:\/\/goias.gov.br\/policiacivil\/wp-content\/uploads\/sites\/71\/2022\/06\/whatsapp-image-2022-06-29-at-15.57.42.jpeg",768,1024,false],"2048x2048":["https:\/\/goias.gov.br\/policiacivil\/wp-content\/uploads\/sites\/71\/2022\/06\/whatsapp-image-2022-06-29-at-15.57.42.jpeg",768,1024,false]},"rttpg_author":{"display_name":"celsoassis","author_link":"https:\/\/goias.gov.br\/policiacivil\/author\/celsoassis\/"},"rttpg_comment":0,"rttpg_category":"<a href=\"https:\/\/goias.gov.br\/policiacivil\/categoria\/drp\/7a-regional\/\" rel=\"category tag\">7\u00aa Regional<\/a> <a href=\"https:\/\/goias.gov.br\/policiacivil\/categoria\/delegacias\/\" rel=\"category tag\">Delegacias<\/a> <a href=\"https:\/\/goias.gov.br\/policiacivil\/categoria\/ultimo-segundo\/\" rel=\"category tag\">\u00daltimo Segundo<\/a>","rttpg_excerpt":"A Pol\u00edcia Civil do Estado de Goi\u00e1s, por interm\u00e9dio do Grupo Especial de Repress\u00e3o a Narc\u00f3ticos (Genarc) de Ipor\u00e1, realizou hoje (29\/6) o cumprimento do mandado de busca e apreens\u00e3o expedido pelo Poder Judici\u00e1rio, em desfavor de investigado pela pr\u00e1tica de tr\u00e1fico il\u00edcito de drogas, na cidade de Ipor\u00e1. Durante as buscas na resid\u00eancia do&hellip;","_links":{"self":[{"href":"https:\/\/goias.gov.br\/policiacivil\/wp-json\/wp\/v2\/posts\/104795","targetHints":{"allow":["GET"]}}],"collection":[{"href":"https:\/\/goias.gov.br\/policiacivil\/wp-json\/wp\/v2\/posts"}],"about":[{"href":"https:\/\/goias.gov.br\/policiacivil\/wp-json\/wp\/v2\/types\/post"}],"author":[{"embeddable":true,"href":"https:\/\/goias.gov.br\/policiacivil\/wp-json\/wp\/v2\/users\/34"}],"replies":[{"embeddable":true,"href":"https:\/\/goias.gov.br\/policiacivil\/wp-json\/wp\/v2\/comments?post=104795"}],"version-history":[{"count":1,"href":"https:\/\/goias.gov.br\/policiacivil\/wp-json\/wp\/v2\/posts\/104795\/revisions"}],"predecessor-version":[{"id":104798,"href":"https:\/\/goias.gov.br\/policiacivil\/wp-json\/wp\/v2\/posts\/104795\/revisions\/104798"}],"wp:featuredmedia":[{"embeddable":true,"href":"https:\/\/goias.gov.br\/policiacivil\/wp-json\/wp\/v2\/media\/104797"}],"wp:attachment":[{"href":"https:\/\/goias.gov.br\/policiacivil\/wp-json\/wp\/v2\/media?parent=104795"}],"wp:term":[{"taxonomy":"category","embeddable":true,"href":"https:\/\/goias.gov.br\/policiacivil\/wp-json\/wp\/v2\/categories?post=104795"},{"taxonomy":"post_tag","embeddable":true,"href":"https:\/\/goias.gov.br\/policiacivil\/wp-json\/wp\/v2\/tags?post=104795"}],"curies":[{"name":"wp","href":"https:\/\/api.w.org\/{rel}","templated":true}]}}