

{"id":104787,"date":"2022-06-29T15:32:43","date_gmt":"2022-06-29T18:32:43","guid":{"rendered":" https:\/\/goias.gov.br\/policiacivil\/?p=104787"},"modified":"2022-06-29T15:32:43","modified_gmt":"2022-06-29T18:32:43","slug":"pcgo-prende-foragido-do-ceara-em-goiania","status":"publish","type":"post","link":"https:\/\/goias.gov.br\/policiacivil\/pcgo-prende-foragido-do-ceara-em-goiania\/","title":{"rendered":"PCGO prende foragido do Cear\u00e1 em Goi\u00e2nia"},"content":{"rendered":"<p style=\"text-align: justify;\">A Pol\u00edcia Civil do Estado de Goi\u00e1s, atrav\u00e9s da 15\u00aa Delegacia Distrital de Pol\u00edcia de Goi\u00e2nia, na tarde de ontem (28\/6), deu cumprimento a um mandado de pris\u00e3o preventiva, expedido pela Vara Criminal da Comarca de Crateus (CE), em desfavor de um suspeito de ter praticado crime de les\u00e3o corporal com viol\u00eancia dom\u00e9stica e estava foragido desde o ano de 2020, sendo encontrado em Goi\u00e2nia . O preso se encontra \u00e0 disposi\u00e7\u00e3o do Poder Judici\u00e1rio ap\u00f3s ter o mandado cumprido.<\/p>\n","protected":false},"excerpt":{"rendered":"<p>A Pol\u00edcia Civil do Estado de Goi\u00e1s, atrav\u00e9s da 15\u00aa Delegacia Distrital de Pol\u00edcia de Goi\u00e2nia, na tarde de ontem (28\/6), deu cumprimento a um mandado de pris\u00e3o preventiva, expedido pela Vara Criminal da Comarca de Crateus (CE), em desfavor de um suspeito de ter praticado crime de les\u00e3o corporal com viol\u00eancia dom\u00e9stica e estava [&hellip;]<\/p>\n","protected":false},"author":34,"featured_media":72352,"comment_status":"closed","ping_status":"closed","sticky":false,"template":"","format":"standard","meta":{"footnotes":""},"categories":[3188,2538,89,537],"tags":[4797,736],"class_list":["post-104787","post","type-post","status-publish","format-standard","has-post-thumbnail","hentry","category-1a-regional","category-delegacias","category-regionais","category-ultimo-segundo","tag-ceara","tag-foragido"],"rttpg_featured_image_url":{"full":["https:\/\/goias.gov.br\/policiacivil\/wp-content\/uploads\/sites\/71\/2019\/04\/logo-preta-pcgo.jpg",473,333,false],"landscape":["https:\/\/goias.gov.br\/policiacivil\/wp-content\/uploads\/sites\/71\/2019\/04\/logo-preta-pcgo.jpg",473,333,false],"portraits":["https:\/\/goias.gov.br\/policiacivil\/wp-content\/uploads\/sites\/71\/2019\/04\/logo-preta-pcgo.jpg",473,333,false],"thumbnail":["https:\/\/goias.gov.br\/policiacivil\/wp-content\/uploads\/sites\/71\/2019\/04\/logo-preta-pcgo-300x300.jpg",150,150,true],"medium":["https:\/\/goias.gov.br\/policiacivil\/wp-content\/uploads\/sites\/71\/2019\/04\/logo-preta-pcgo.jpg",300,211,false],"large":["https:\/\/goias.gov.br\/policiacivil\/wp-content\/uploads\/sites\/71\/2019\/04\/logo-preta-pcgo.jpg",473,333,false],"1536x1536":["https:\/\/goias.gov.br\/policiacivil\/wp-content\/uploads\/sites\/71\/2019\/04\/logo-preta-pcgo.jpg",473,333,false],"2048x2048":["https:\/\/goias.gov.br\/policiacivil\/wp-content\/uploads\/sites\/71\/2019\/04\/logo-preta-pcgo.jpg",473,333,false]},"rttpg_author":{"display_name":"celsoassis","author_link":"https:\/\/goias.gov.br\/policiacivil\/author\/celsoassis\/"},"rttpg_comment":0,"rttpg_category":"<a href=\"https:\/\/goias.gov.br\/policiacivil\/categoria\/drp\/1a-regional\/\" rel=\"category tag\">1\u00aa Regional<\/a> <a href=\"https:\/\/goias.gov.br\/policiacivil\/categoria\/delegacias\/\" rel=\"category tag\">Delegacias<\/a> <a href=\"https:\/\/goias.gov.br\/policiacivil\/categoria\/delegacias\/regionais\/\" rel=\"category tag\">Regionais<\/a> <a href=\"https:\/\/goias.gov.br\/policiacivil\/categoria\/ultimo-segundo\/\" rel=\"category tag\">\u00daltimo Segundo<\/a>","rttpg_excerpt":"A Pol\u00edcia Civil do Estado de Goi\u00e1s, atrav\u00e9s da 15\u00aa Delegacia Distrital de Pol\u00edcia de Goi\u00e2nia, na tarde de ontem (28\/6), deu cumprimento a um mandado de pris\u00e3o preventiva, expedido pela Vara Criminal da Comarca de Crateus (CE), em desfavor de um suspeito de ter praticado crime de les\u00e3o corporal com viol\u00eancia dom\u00e9stica e estava&hellip;","_links":{"self":[{"href":"https:\/\/goias.gov.br\/policiacivil\/wp-json\/wp\/v2\/posts\/104787","targetHints":{"allow":["GET"]}}],"collection":[{"href":"https:\/\/goias.gov.br\/policiacivil\/wp-json\/wp\/v2\/posts"}],"about":[{"href":"https:\/\/goias.gov.br\/policiacivil\/wp-json\/wp\/v2\/types\/post"}],"author":[{"embeddable":true,"href":"https:\/\/goias.gov.br\/policiacivil\/wp-json\/wp\/v2\/users\/34"}],"replies":[{"embeddable":true,"href":"https:\/\/goias.gov.br\/policiacivil\/wp-json\/wp\/v2\/comments?post=104787"}],"version-history":[{"count":1,"href":"https:\/\/goias.gov.br\/policiacivil\/wp-json\/wp\/v2\/posts\/104787\/revisions"}],"predecessor-version":[{"id":104788,"href":"https:\/\/goias.gov.br\/policiacivil\/wp-json\/wp\/v2\/posts\/104787\/revisions\/104788"}],"wp:featuredmedia":[{"embeddable":true,"href":"https:\/\/goias.gov.br\/policiacivil\/wp-json\/wp\/v2\/media\/72352"}],"wp:attachment":[{"href":"https:\/\/goias.gov.br\/policiacivil\/wp-json\/wp\/v2\/media?parent=104787"}],"wp:term":[{"taxonomy":"category","embeddable":true,"href":"https:\/\/goias.gov.br\/policiacivil\/wp-json\/wp\/v2\/categories?post=104787"},{"taxonomy":"post_tag","embeddable":true,"href":"https:\/\/goias.gov.br\/policiacivil\/wp-json\/wp\/v2\/tags?post=104787"}],"curies":[{"name":"wp","href":"https:\/\/api.w.org\/{rel}","templated":true}]}}