

{"id":104474,"date":"2022-06-24T10:14:42","date_gmt":"2022-06-24T13:14:42","guid":{"rendered":" https:\/\/goias.gov.br\/policiacivil\/?p=104474"},"modified":"2022-06-24T10:14:53","modified_gmt":"2022-06-24T13:14:53","slug":"operacao-3a-lei-faz-palestra-em-empresa-de-anapolis-para-orientacao-quanto-a-subtracao-de-cargas","status":"publish","type":"post","link":"https:\/\/goias.gov.br\/policiacivil\/operacao-3a-lei-faz-palestra-em-empresa-de-anapolis-para-orientacao-quanto-a-subtracao-de-cargas\/","title":{"rendered":"Opera\u00e7\u00e3o 3\u00aa Lei faz palestra em empresa de An\u00e1polis para orienta\u00e7\u00e3o quanto \u00e0 subtra\u00e7\u00e3o de cargas"},"content":{"rendered":"<p style=\"text-align: justify;\"><img fetchpriority=\"high\" decoding=\"async\" class=\" wp-image-104476 alignleft\" src=\" https:\/\/goias.gov.br\/policiacivil\/wp-content\/uploads\/sites\/71\/2022\/06\/whatsapp-image-2022-06-23-at-21.53.03-500x333.jpeg\" alt=\"\" width=\"368\" height=\"245\" srcset=\"https:\/\/goias.gov.br\/policiacivil\/wp-content\/uploads\/sites\/71\/2022\/06\/whatsapp-image-2022-06-23-at-21.53.03-500x333.jpeg 500w, https:\/\/goias.gov.br\/policiacivil\/wp-content\/uploads\/sites\/71\/2022\/06\/whatsapp-image-2022-06-23-at-21.53.03-768x512.jpeg 768w, https:\/\/goias.gov.br\/policiacivil\/wp-content\/uploads\/sites\/71\/2022\/06\/whatsapp-image-2022-06-23-at-21.53.03-696x464.jpeg 696w, https:\/\/goias.gov.br\/policiacivil\/wp-content\/uploads\/sites\/71\/2022\/06\/whatsapp-image-2022-06-23-at-21.53.03-631x420.jpeg 631w, https:\/\/goias.gov.br\/policiacivil\/wp-content\/uploads\/sites\/71\/2022\/06\/whatsapp-image-2022-06-23-at-21.53.03.jpeg 1024w\" sizes=\"(max-width: 368px) 100vw, 368px\" \/>A for\u00e7a-tarefa entre Pol\u00edcia Civil (Delegacia Estadual de Repress\u00e3o a Furtos e Roubos de Cargas &#8211; Decar), Pol\u00edcia Militar e Pol\u00edcia Rodovi\u00e1ria Federal (PRF), prosseguindo na Opera\u00e7\u00e3o 3\u00aa Lei, no combate aos crimes conhecidos como &#8220;chaveirinho&#8221; ou &#8220;chave na m\u00e3o&#8221;, em que os motoristas de cargas desviam os produtos por eles transportados e falsamente registram ocorr\u00eancias como se roubados fossem, realizou nessa quinta-feira (23\/6), palestra em uma empresa de An\u00e1polis. A palestra faz parte da programa\u00e7\u00e3o da opera\u00e7\u00e3o, em que as for\u00e7as policiais envolvidas explicam aos transportadores e motoristas a import\u00e2ncia de efetivar certas cautelas para evitar ou se precaverem sobre poss\u00edveis subtra\u00e7\u00f5es de cargas. A opera\u00e7\u00e3o n\u00e3o tem prazo de dura\u00e7\u00e3o e contar\u00e1 com ciclo completo de a\u00e7\u00f5es nas rodovias do Estado e na visita das tr\u00eas for\u00e7as policiais nas empresas de transportes goianas para ministrarem palestras.<\/p>\n","protected":false},"excerpt":{"rendered":"<p>A for\u00e7a-tarefa entre Pol\u00edcia Civil (Delegacia Estadual de Repress\u00e3o a Furtos e Roubos de Cargas &#8211; Decar), Pol\u00edcia Militar e Pol\u00edcia Rodovi\u00e1ria Federal (PRF), prosseguindo na Opera\u00e7\u00e3o 3\u00aa Lei, no combate aos crimes conhecidos como &#8220;chaveirinho&#8221; ou &#8220;chave na m\u00e3o&#8221;, em que os motoristas de cargas desviam os produtos por eles transportados e falsamente registram [&hellip;]<\/p>\n","protected":false},"author":34,"featured_media":104475,"comment_status":"closed","ping_status":"closed","sticky":false,"template":"","format":"standard","meta":{"footnotes":""},"categories":[2538,92,537],"tags":[669,9727,721],"class_list":["post-104474","post","type-post","status-publish","format-standard","has-post-thumbnail","hentry","category-delegacias","category-especializadas","category-ultimo-segundo","tag-decar","tag-operacao-3-lei","tag-palestra"],"rttpg_featured_image_url":{"full":["https:\/\/goias.gov.br\/policiacivil\/wp-content\/uploads\/sites\/71\/2022\/06\/whatsapp-image-2022-06-23-at-21.53.02.jpeg",1024,682,false],"landscape":["https:\/\/goias.gov.br\/policiacivil\/wp-content\/uploads\/sites\/71\/2022\/06\/whatsapp-image-2022-06-23-at-21.53.02.jpeg",1024,682,false],"portraits":["https:\/\/goias.gov.br\/policiacivil\/wp-content\/uploads\/sites\/71\/2022\/06\/whatsapp-image-2022-06-23-at-21.53.02.jpeg",1024,682,false],"thumbnail":["https:\/\/goias.gov.br\/policiacivil\/wp-content\/uploads\/sites\/71\/2022\/06\/whatsapp-image-2022-06-23-at-21.53.02-300x300.jpeg",150,150,true],"medium":["https:\/\/goias.gov.br\/policiacivil\/wp-content\/uploads\/sites\/71\/2022\/06\/whatsapp-image-2022-06-23-at-21.53.02-500x333.jpeg",300,200,true],"large":["https:\/\/goias.gov.br\/policiacivil\/wp-content\/uploads\/sites\/71\/2022\/06\/whatsapp-image-2022-06-23-at-21.53.02.jpeg",1024,682,false],"1536x1536":["https:\/\/goias.gov.br\/policiacivil\/wp-content\/uploads\/sites\/71\/2022\/06\/whatsapp-image-2022-06-23-at-21.53.02.jpeg",1024,682,false],"2048x2048":["https:\/\/goias.gov.br\/policiacivil\/wp-content\/uploads\/sites\/71\/2022\/06\/whatsapp-image-2022-06-23-at-21.53.02.jpeg",1024,682,false]},"rttpg_author":{"display_name":"celsoassis","author_link":"https:\/\/goias.gov.br\/policiacivil\/author\/celsoassis\/"},"rttpg_comment":0,"rttpg_category":"<a href=\"https:\/\/goias.gov.br\/policiacivil\/categoria\/delegacias\/\" rel=\"category tag\">Delegacias<\/a> <a href=\"https:\/\/goias.gov.br\/policiacivil\/categoria\/delegacias\/especializadas\/\" rel=\"category tag\">Especializadas<\/a> <a href=\"https:\/\/goias.gov.br\/policiacivil\/categoria\/ultimo-segundo\/\" rel=\"category tag\">\u00daltimo Segundo<\/a>","rttpg_excerpt":"A for\u00e7a-tarefa entre Pol\u00edcia Civil (Delegacia Estadual de Repress\u00e3o a Furtos e Roubos de Cargas &#8211; Decar), Pol\u00edcia Militar e Pol\u00edcia Rodovi\u00e1ria Federal (PRF), prosseguindo na Opera\u00e7\u00e3o 3\u00aa Lei, no combate aos crimes conhecidos como &#8220;chaveirinho&#8221; ou &#8220;chave na m\u00e3o&#8221;, em que os motoristas de cargas desviam os produtos por eles transportados e falsamente registram&hellip;","_links":{"self":[{"href":"https:\/\/goias.gov.br\/policiacivil\/wp-json\/wp\/v2\/posts\/104474","targetHints":{"allow":["GET"]}}],"collection":[{"href":"https:\/\/goias.gov.br\/policiacivil\/wp-json\/wp\/v2\/posts"}],"about":[{"href":"https:\/\/goias.gov.br\/policiacivil\/wp-json\/wp\/v2\/types\/post"}],"author":[{"embeddable":true,"href":"https:\/\/goias.gov.br\/policiacivil\/wp-json\/wp\/v2\/users\/34"}],"replies":[{"embeddable":true,"href":"https:\/\/goias.gov.br\/policiacivil\/wp-json\/wp\/v2\/comments?post=104474"}],"version-history":[{"count":1,"href":"https:\/\/goias.gov.br\/policiacivil\/wp-json\/wp\/v2\/posts\/104474\/revisions"}],"predecessor-version":[{"id":104477,"href":"https:\/\/goias.gov.br\/policiacivil\/wp-json\/wp\/v2\/posts\/104474\/revisions\/104477"}],"wp:featuredmedia":[{"embeddable":true,"href":"https:\/\/goias.gov.br\/policiacivil\/wp-json\/wp\/v2\/media\/104475"}],"wp:attachment":[{"href":"https:\/\/goias.gov.br\/policiacivil\/wp-json\/wp\/v2\/media?parent=104474"}],"wp:term":[{"taxonomy":"category","embeddable":true,"href":"https:\/\/goias.gov.br\/policiacivil\/wp-json\/wp\/v2\/categories?post=104474"},{"taxonomy":"post_tag","embeddable":true,"href":"https:\/\/goias.gov.br\/policiacivil\/wp-json\/wp\/v2\/tags?post=104474"}],"curies":[{"name":"wp","href":"https:\/\/api.w.org\/{rel}","templated":true}]}}