

{"id":101997,"date":"2022-04-26T14:40:10","date_gmt":"2022-04-26T17:40:10","guid":{"rendered":" https:\/\/goias.gov.br\/policiacivil\/?p=101997"},"modified":"2022-04-26T14:40:10","modified_gmt":"2022-04-26T17:40:10","slug":"homem-agride-e-mata-ex-enteado-em-anapolis","status":"publish","type":"post","link":"https:\/\/goias.gov.br\/policiacivil\/homem-agride-e-mata-ex-enteado-em-anapolis\/","title":{"rendered":"Homem agride e mata ex-enteado, em An\u00e1polis"},"content":{"rendered":"<p style=\"text-align: justify;\"><img fetchpriority=\"high\" decoding=\"async\" class=\" wp-image-101999 alignleft\" src=\" https:\/\/goias.gov.br\/policiacivil\/wp-content\/uploads\/sites\/71\/2022\/04\/whatsapp-image-2022-04-26-at-09.23.51-500x338.jpg\" alt=\"\" width=\"383\" height=\"259\" srcset=\"https:\/\/goias.gov.br\/policiacivil\/wp-content\/uploads\/sites\/71\/2022\/04\/whatsapp-image-2022-04-26-at-09.23.51-500x338.jpg 500w, https:\/\/goias.gov.br\/policiacivil\/wp-content\/uploads\/sites\/71\/2022\/04\/whatsapp-image-2022-04-26-at-09.23.51-220x150.jpg 220w, https:\/\/goias.gov.br\/policiacivil\/wp-content\/uploads\/sites\/71\/2022\/04\/whatsapp-image-2022-04-26-at-09.23.51-768x519.jpg 768w, https:\/\/goias.gov.br\/policiacivil\/wp-content\/uploads\/sites\/71\/2022\/04\/whatsapp-image-2022-04-26-at-09.23.51-696x470.jpg 696w, https:\/\/goias.gov.br\/policiacivil\/wp-content\/uploads\/sites\/71\/2022\/04\/whatsapp-image-2022-04-26-at-09.23.51-622x420.jpg 622w, https:\/\/goias.gov.br\/policiacivil\/wp-content\/uploads\/sites\/71\/2022\/04\/whatsapp-image-2022-04-26-at-09.23.51.jpg 1005w\" sizes=\"(max-width: 383px) 100vw, 383px\" \/>A Pol\u00edcia Civil de Goi\u00e1s, por meio do Grupo de Investiga\u00e7\u00e3o de Homic\u00eddios (GIH) de An\u00e1polis, cumpriu, nesta ter\u00e7a-feira (26), o mandado de pris\u00e3o tempor\u00e1ria em desfavor de um homem de 47 anos.<\/p>\n<p style=\"text-align: justify;\">O conduzido \u00e9 apontado como autor do homic\u00eddio qualificado praticado contra seu enteado, um jovem de 21 anos, ocorrido na noite do \u00faltimo dia 23 de mar\u00e7o, no Conjunto Habitacional Esperan\u00e7a II.<\/p>\n<p style=\"text-align: justify;\">Conforme apurado, o investigado era ex-companheiro da m\u00e3e do enteado e, embora estivessem separados, moravam no mesmo lote. Sempre que o casal discutia, o jovem interferia em defesa da m\u00e3e.<\/p>\n<p style=\"text-align: justify;\">Na noite dos fatos, autor e v\u00edtima discutiram e, em meio ao entrevero, o conduzido agrediu o ex-enteado com socos e pontap\u00e9s. Conforme testemunhas oculares, o mais velho espancou a v\u00edtima at\u00e9 que a mesma desmaiasse, tendo desferido diversos chutes na cabe\u00e7a do jovem.<\/p>\n<p style=\"text-align: justify;\">O investigado deixou o local correndo e disse que se o jovem n\u00e3o morresse, voltaria para &#8220;terminar o servi\u00e7o&#8221;. O jovem chegou a ser socorrido, mas faleceu horas depois no Hospital de Urg\u00eancias.<\/p>\n<p>O crime foi confessado pelo autor em seu interrogat\u00f3rio. Ele possui passagem policial por recepta\u00e7\u00e3o e se encontra recolhido no pres\u00eddio local, \u00e0 disposi\u00e7\u00e3o da justi\u00e7a.<\/p>\n","protected":false},"excerpt":{"rendered":"<p>A Pol\u00edcia Civil de Goi\u00e1s, por meio do Grupo de Investiga\u00e7\u00e3o de Homic\u00eddios (GIH) de An\u00e1polis, cumpriu, nesta ter\u00e7a-feira (26), o mandado de pris\u00e3o tempor\u00e1ria em desfavor de um homem de 47 anos. O conduzido \u00e9 apontado como autor do homic\u00eddio qualificado praticado contra seu enteado, um jovem de 21 anos, ocorrido na noite do [&hellip;]<\/p>\n","protected":false},"author":34,"featured_media":101999,"comment_status":"closed","ping_status":"closed","sticky":false,"template":"","format":"standard","meta":{"footnotes":""},"categories":[3190,3,6069],"tags":[31,1291,23],"class_list":["post-101997","post","type-post","status-publish","format-standard","has-post-thumbnail","hentry","category-3a-regional","category-noticias","category-noticias-da-policia-civil","tag-anapolis","tag-gih","tag-homicidio"],"rttpg_featured_image_url":{"full":["https:\/\/goias.gov.br\/policiacivil\/wp-content\/uploads\/sites\/71\/2022\/04\/whatsapp-image-2022-04-26-at-09.23.51.jpg",1005,679,false],"landscape":["https:\/\/goias.gov.br\/policiacivil\/wp-content\/uploads\/sites\/71\/2022\/04\/whatsapp-image-2022-04-26-at-09.23.51.jpg",1005,679,false],"portraits":["https:\/\/goias.gov.br\/policiacivil\/wp-content\/uploads\/sites\/71\/2022\/04\/whatsapp-image-2022-04-26-at-09.23.51.jpg",1005,679,false],"thumbnail":["https:\/\/goias.gov.br\/policiacivil\/wp-content\/uploads\/sites\/71\/2022\/04\/whatsapp-image-2022-04-26-at-09.23.51-300x300.jpg",150,150,true],"medium":["https:\/\/goias.gov.br\/policiacivil\/wp-content\/uploads\/sites\/71\/2022\/04\/whatsapp-image-2022-04-26-at-09.23.51-500x338.jpg",300,203,true],"large":["https:\/\/goias.gov.br\/policiacivil\/wp-content\/uploads\/sites\/71\/2022\/04\/whatsapp-image-2022-04-26-at-09.23.51.jpg",1005,679,false],"1536x1536":["https:\/\/goias.gov.br\/policiacivil\/wp-content\/uploads\/sites\/71\/2022\/04\/whatsapp-image-2022-04-26-at-09.23.51.jpg",1005,679,false],"2048x2048":["https:\/\/goias.gov.br\/policiacivil\/wp-content\/uploads\/sites\/71\/2022\/04\/whatsapp-image-2022-04-26-at-09.23.51.jpg",1005,679,false]},"rttpg_author":{"display_name":"celsoassis","author_link":"https:\/\/goias.gov.br\/policiacivil\/author\/celsoassis\/"},"rttpg_comment":0,"rttpg_category":"<a href=\"https:\/\/goias.gov.br\/policiacivil\/categoria\/drp\/3a-regional\/\" rel=\"category tag\">3\u00aa Regional<\/a> <a href=\"https:\/\/goias.gov.br\/policiacivil\/categoria\/noticias\/\" rel=\"category tag\">Not\u00edcias<\/a> <a href=\"https:\/\/goias.gov.br\/policiacivil\/categoria\/noticias\/noticias-da-policia-civil\/\" rel=\"category tag\">Not\u00edcias da Pol\u00edcia Civil<\/a>","rttpg_excerpt":"A Pol\u00edcia Civil de Goi\u00e1s, por meio do Grupo de Investiga\u00e7\u00e3o de Homic\u00eddios (GIH) de An\u00e1polis, cumpriu, nesta ter\u00e7a-feira (26), o mandado de pris\u00e3o tempor\u00e1ria em desfavor de um homem de 47 anos. O conduzido \u00e9 apontado como autor do homic\u00eddio qualificado praticado contra seu enteado, um jovem de 21 anos, ocorrido na noite do&hellip;","_links":{"self":[{"href":"https:\/\/goias.gov.br\/policiacivil\/wp-json\/wp\/v2\/posts\/101997","targetHints":{"allow":["GET"]}}],"collection":[{"href":"https:\/\/goias.gov.br\/policiacivil\/wp-json\/wp\/v2\/posts"}],"about":[{"href":"https:\/\/goias.gov.br\/policiacivil\/wp-json\/wp\/v2\/types\/post"}],"author":[{"embeddable":true,"href":"https:\/\/goias.gov.br\/policiacivil\/wp-json\/wp\/v2\/users\/34"}],"replies":[{"embeddable":true,"href":"https:\/\/goias.gov.br\/policiacivil\/wp-json\/wp\/v2\/comments?post=101997"}],"version-history":[{"count":2,"href":"https:\/\/goias.gov.br\/policiacivil\/wp-json\/wp\/v2\/posts\/101997\/revisions"}],"predecessor-version":[{"id":102000,"href":"https:\/\/goias.gov.br\/policiacivil\/wp-json\/wp\/v2\/posts\/101997\/revisions\/102000"}],"wp:featuredmedia":[{"embeddable":true,"href":"https:\/\/goias.gov.br\/policiacivil\/wp-json\/wp\/v2\/media\/101999"}],"wp:attachment":[{"href":"https:\/\/goias.gov.br\/policiacivil\/wp-json\/wp\/v2\/media?parent=101997"}],"wp:term":[{"taxonomy":"category","embeddable":true,"href":"https:\/\/goias.gov.br\/policiacivil\/wp-json\/wp\/v2\/categories?post=101997"},{"taxonomy":"post_tag","embeddable":true,"href":"https:\/\/goias.gov.br\/policiacivil\/wp-json\/wp\/v2\/tags?post=101997"}],"curies":[{"name":"wp","href":"https:\/\/api.w.org\/{rel}","templated":true}]}}