

{"id":101291,"date":"2022-04-01T15:56:50","date_gmt":"2022-04-01T18:56:50","guid":{"rendered":" https:\/\/goias.gov.br\/policiacivil\/?p=101291"},"modified":"2022-04-01T15:56:50","modified_gmt":"2022-04-01T18:56:50","slug":"tres-sao-presos-por-homicidio-ocorrido-em-2019-em-ipameri","status":"publish","type":"post","link":"https:\/\/goias.gov.br\/policiacivil\/tres-sao-presos-por-homicidio-ocorrido-em-2019-em-ipameri\/","title":{"rendered":"Tr\u00eas s\u00e3o presos por homic\u00eddio ocorrido em 2019, em Ipameri"},"content":{"rendered":"<p>A Pol\u00edcia Civil de Goi\u00e1s, por meio da equipe da Delegacia de Pol\u00edcia de Ipameri, cumpriu, nesta sexta-feira (01), tr\u00eas mandados de pris\u00e3o preventiva, em face de tr\u00eas investigados de 26, 29 e 36 anos de idade, como encerramento de investiga\u00e7\u00e3o de homic\u00eddio qualificado ocorrido em 2019.<\/p>\n<p>Conforme consta, a v\u00edtima foi assassinada sem chances para defesa, na frente da casa de um dos indiciados, o que permitiu concluir que o crime foi praticado mediante emboscada. O crime violento teve como motivo disputas decorrentes do tr\u00e1fico de drogas.<\/p>\n<p>Apesar dos esfor\u00e7os investigativos, um dos suspeitos fugiu ao tomar ci\u00eancia previamente da exist\u00eancia da ordem judicial em seu desfavor, tornando-se foragido.<\/p>\n","protected":false},"excerpt":{"rendered":"<p>A Pol\u00edcia Civil de Goi\u00e1s, por meio da equipe da Delegacia de Pol\u00edcia de Ipameri, cumpriu, nesta sexta-feira (01), tr\u00eas mandados de pris\u00e3o preventiva, em face de tr\u00eas investigados de 26, 29 e 36 anos de idade, como encerramento de investiga\u00e7\u00e3o de homic\u00eddio qualificado ocorrido em 2019. Conforme consta, a v\u00edtima foi assassinada sem chances [&hellip;]<\/p>\n","protected":false},"author":34,"featured_media":72352,"comment_status":"closed","ping_status":"closed","sticky":false,"template":"","format":"standard","meta":{"footnotes":""},"categories":[3196,537],"tags":[23,1697],"class_list":["post-101291","post","type-post","status-publish","format-standard","has-post-thumbnail","hentry","category-9a-regional","category-ultimo-segundo","tag-homicidio","tag-ipameri"],"rttpg_featured_image_url":{"full":["https:\/\/goias.gov.br\/policiacivil\/wp-content\/uploads\/sites\/71\/2019\/04\/logo-preta-pcgo.jpg",473,333,false],"landscape":["https:\/\/goias.gov.br\/policiacivil\/wp-content\/uploads\/sites\/71\/2019\/04\/logo-preta-pcgo.jpg",473,333,false],"portraits":["https:\/\/goias.gov.br\/policiacivil\/wp-content\/uploads\/sites\/71\/2019\/04\/logo-preta-pcgo.jpg",473,333,false],"thumbnail":["https:\/\/goias.gov.br\/policiacivil\/wp-content\/uploads\/sites\/71\/2019\/04\/logo-preta-pcgo-300x300.jpg",150,150,true],"medium":["https:\/\/goias.gov.br\/policiacivil\/wp-content\/uploads\/sites\/71\/2019\/04\/logo-preta-pcgo.jpg",300,211,false],"large":["https:\/\/goias.gov.br\/policiacivil\/wp-content\/uploads\/sites\/71\/2019\/04\/logo-preta-pcgo.jpg",473,333,false],"1536x1536":["https:\/\/goias.gov.br\/policiacivil\/wp-content\/uploads\/sites\/71\/2019\/04\/logo-preta-pcgo.jpg",473,333,false],"2048x2048":["https:\/\/goias.gov.br\/policiacivil\/wp-content\/uploads\/sites\/71\/2019\/04\/logo-preta-pcgo.jpg",473,333,false]},"rttpg_author":{"display_name":"celsoassis","author_link":"https:\/\/goias.gov.br\/policiacivil\/author\/celsoassis\/"},"rttpg_comment":0,"rttpg_category":"<a href=\"https:\/\/goias.gov.br\/policiacivil\/categoria\/drp\/9a-regional\/\" rel=\"category tag\">9\u00aa Regional<\/a> <a href=\"https:\/\/goias.gov.br\/policiacivil\/categoria\/ultimo-segundo\/\" rel=\"category tag\">\u00daltimo Segundo<\/a>","rttpg_excerpt":"A Pol\u00edcia Civil de Goi\u00e1s, por meio da equipe da Delegacia de Pol\u00edcia de Ipameri, cumpriu, nesta sexta-feira (01), tr\u00eas mandados de pris\u00e3o preventiva, em face de tr\u00eas investigados de 26, 29 e 36 anos de idade, como encerramento de investiga\u00e7\u00e3o de homic\u00eddio qualificado ocorrido em 2019. Conforme consta, a v\u00edtima foi assassinada sem chances&hellip;","_links":{"self":[{"href":"https:\/\/goias.gov.br\/policiacivil\/wp-json\/wp\/v2\/posts\/101291","targetHints":{"allow":["GET"]}}],"collection":[{"href":"https:\/\/goias.gov.br\/policiacivil\/wp-json\/wp\/v2\/posts"}],"about":[{"href":"https:\/\/goias.gov.br\/policiacivil\/wp-json\/wp\/v2\/types\/post"}],"author":[{"embeddable":true,"href":"https:\/\/goias.gov.br\/policiacivil\/wp-json\/wp\/v2\/users\/34"}],"replies":[{"embeddable":true,"href":"https:\/\/goias.gov.br\/policiacivil\/wp-json\/wp\/v2\/comments?post=101291"}],"version-history":[{"count":1,"href":"https:\/\/goias.gov.br\/policiacivil\/wp-json\/wp\/v2\/posts\/101291\/revisions"}],"predecessor-version":[{"id":101292,"href":"https:\/\/goias.gov.br\/policiacivil\/wp-json\/wp\/v2\/posts\/101291\/revisions\/101292"}],"wp:featuredmedia":[{"embeddable":true,"href":"https:\/\/goias.gov.br\/policiacivil\/wp-json\/wp\/v2\/media\/72352"}],"wp:attachment":[{"href":"https:\/\/goias.gov.br\/policiacivil\/wp-json\/wp\/v2\/media?parent=101291"}],"wp:term":[{"taxonomy":"category","embeddable":true,"href":"https:\/\/goias.gov.br\/policiacivil\/wp-json\/wp\/v2\/categories?post=101291"},{"taxonomy":"post_tag","embeddable":true,"href":"https:\/\/goias.gov.br\/policiacivil\/wp-json\/wp\/v2\/tags?post=101291"}],"curies":[{"name":"wp","href":"https:\/\/api.w.org\/{rel}","templated":true}]}}