

{"id":100997,"date":"2022-03-28T14:45:59","date_gmt":"2022-03-28T17:45:59","guid":{"rendered":" https:\/\/goias.gov.br\/policiacivil\/?p=100997"},"modified":"2022-03-28T14:45:59","modified_gmt":"2022-03-28T17:45:59","slug":"pc-recupera-gado-furtado-de-fazenda-em-varjao","status":"publish","type":"post","link":"https:\/\/goias.gov.br\/policiacivil\/pc-recupera-gado-furtado-de-fazenda-em-varjao\/","title":{"rendered":"PC recupera gado furtado de fazenda em Varj\u00e3o"},"content":{"rendered":"<p style=\"text-align: justify;\">Atrav\u00e9s de ocorr\u00eancia registrada pela v\u00edtima, a Delegacia de Pol\u00edcia (DP) de Varj\u00e3o recebeu informa\u00e7\u00f5es, na \u00faltima quarta-feira (23\/3), acerca de um furto de semoventes (4 vacas e 4 bezerros), ocorrido em uma fazenda localizada na zona rural do munic\u00edpio de Varj\u00e3o. Ap\u00f3s dilig\u00eancias no local do fato e redondezas, os policiais civis tiveram not\u00edcias de que o gado estaria em pastos da regi\u00e3o. Considerando que os animais tinham a marca do propriet\u00e1rio, a equipe realizou diversas dilig\u00eancias nas propriedades vizinhas e, num pasto pr\u00f3ximo do local do furto, os animais foram encontrados e restitu\u00eddos ao propriet\u00e1rio, o que evitou um preju\u00edzo de aproximadamente R$ 24 mil. O inqu\u00e9rito segue para prospectar a autoria do furto do semovente.<\/p>\n<p>&nbsp;<\/p>\n<div id='gallery-1' class='gallery galleryid-100997 gallery-columns-3 gallery-size-thumbnail'><figure class='gallery-item'>\n\t\t\t<div class='gallery-icon portrait'>\n\t\t\t\t<a href='https:\/\/goias.gov.br\/policiacivil\/wp-content\/uploads\/sites\/71\/2022\/03\/whatsapp-image-2022-03-28-at-12.57.08-2.jpeg'><img decoding=\"async\" width=\"150\" height=\"150\" src=\"https:\/\/goias.gov.br\/policiacivil\/wp-content\/uploads\/sites\/71\/2022\/03\/whatsapp-image-2022-03-28-at-12.57.08-2-300x300.jpeg\" class=\"attachment-thumbnail size-thumbnail\" alt=\"\" srcset=\"https:\/\/goias.gov.br\/policiacivil\/wp-content\/uploads\/sites\/71\/2022\/03\/whatsapp-image-2022-03-28-at-12.57.08-2-300x300.jpeg 300w, https:\/\/goias.gov.br\/policiacivil\/wp-content\/uploads\/sites\/71\/2022\/03\/whatsapp-image-2022-03-28-at-12.57.08-2-768x770.jpeg 768w\" sizes=\"(max-width: 150px) 100vw, 150px\" \/><\/a>\n\t\t\t<\/div><\/figure><figure class='gallery-item'>\n\t\t\t<div class='gallery-icon portrait'>\n\t\t\t\t<a href='https:\/\/goias.gov.br\/policiacivil\/wp-content\/uploads\/sites\/71\/2022\/03\/whatsapp-image-2022-03-28-at-12.57.08-1.jpeg'><img decoding=\"async\" width=\"150\" height=\"150\" src=\"https:\/\/goias.gov.br\/policiacivil\/wp-content\/uploads\/sites\/71\/2022\/03\/whatsapp-image-2022-03-28-at-12.57.08-1-300x300.jpeg\" class=\"attachment-thumbnail size-thumbnail\" alt=\"\" srcset=\"https:\/\/goias.gov.br\/policiacivil\/wp-content\/uploads\/sites\/71\/2022\/03\/whatsapp-image-2022-03-28-at-12.57.08-1-300x300.jpeg 300w, https:\/\/goias.gov.br\/policiacivil\/wp-content\/uploads\/sites\/71\/2022\/03\/whatsapp-image-2022-03-28-at-12.57.08-1-768x770.jpeg 768w\" sizes=\"(max-width: 150px) 100vw, 150px\" \/><\/a>\n\t\t\t<\/div><\/figure><figure class='gallery-item'>\n\t\t\t<div class='gallery-icon portrait'>\n\t\t\t\t<a href='https:\/\/goias.gov.br\/policiacivil\/wp-content\/uploads\/sites\/71\/2022\/03\/whatsapp-image-2022-03-28-at-12.57.07.jpeg'><img decoding=\"async\" width=\"150\" height=\"150\" src=\"https:\/\/goias.gov.br\/policiacivil\/wp-content\/uploads\/sites\/71\/2022\/03\/whatsapp-image-2022-03-28-at-12.57.07-300x300.jpeg\" class=\"attachment-thumbnail size-thumbnail\" alt=\"\" srcset=\"https:\/\/goias.gov.br\/policiacivil\/wp-content\/uploads\/sites\/71\/2022\/03\/whatsapp-image-2022-03-28-at-12.57.07-300x300.jpeg 300w, https:\/\/goias.gov.br\/policiacivil\/wp-content\/uploads\/sites\/71\/2022\/03\/whatsapp-image-2022-03-28-at-12.57.07-768x770.jpeg 768w\" sizes=\"(max-width: 150px) 100vw, 150px\" \/><\/a>\n\t\t\t<\/div><\/figure>\n\t\t<\/div>\n\n","protected":false},"excerpt":{"rendered":"<p>Atrav\u00e9s de ocorr\u00eancia registrada pela v\u00edtima, a Delegacia de Pol\u00edcia (DP) de Varj\u00e3o recebeu informa\u00e7\u00f5es, na \u00faltima quarta-feira (23\/3), acerca de um furto de semoventes (4 vacas e 4 bezerros), ocorrido em uma fazenda localizada na zona rural do munic\u00edpio de Varj\u00e3o. Ap\u00f3s dilig\u00eancias no local do fato e redondezas, os policiais civis tiveram not\u00edcias [&hellip;]<\/p>\n","protected":false},"author":34,"featured_media":101001,"comment_status":"closed","ping_status":"closed","sticky":false,"template":"","format":"standard","meta":{"footnotes":""},"categories":[3203,2538,89,537],"tags":[511,3284,3792],"class_list":["post-100997","post","type-post","status-publish","format-standard","has-post-thumbnail","hentry","category-16a-regional","category-delegacias","category-regionais","category-ultimo-segundo","tag-furto","tag-gado","tag-varjao"],"rttpg_featured_image_url":{"full":["https:\/\/goias.gov.br\/policiacivil\/wp-content\/uploads\/sites\/71\/2022\/03\/whatsapp-image-2022-03-28-at-12.57.08.jpeg",768,1024,false],"landscape":["https:\/\/goias.gov.br\/policiacivil\/wp-content\/uploads\/sites\/71\/2022\/03\/whatsapp-image-2022-03-28-at-12.57.08.jpeg",768,1024,false],"portraits":["https:\/\/goias.gov.br\/policiacivil\/wp-content\/uploads\/sites\/71\/2022\/03\/whatsapp-image-2022-03-28-at-12.57.08.jpeg",768,1024,false],"thumbnail":["https:\/\/goias.gov.br\/policiacivil\/wp-content\/uploads\/sites\/71\/2022\/03\/whatsapp-image-2022-03-28-at-12.57.08-300x300.jpeg",150,150,true],"medium":["https:\/\/goias.gov.br\/policiacivil\/wp-content\/uploads\/sites\/71\/2022\/03\/whatsapp-image-2022-03-28-at-12.57.08-375x500.jpeg",225,300,true],"large":["https:\/\/goias.gov.br\/policiacivil\/wp-content\/uploads\/sites\/71\/2022\/03\/whatsapp-image-2022-03-28-at-12.57.08.jpeg",768,1024,false],"1536x1536":["https:\/\/goias.gov.br\/policiacivil\/wp-content\/uploads\/sites\/71\/2022\/03\/whatsapp-image-2022-03-28-at-12.57.08.jpeg",768,1024,false],"2048x2048":["https:\/\/goias.gov.br\/policiacivil\/wp-content\/uploads\/sites\/71\/2022\/03\/whatsapp-image-2022-03-28-at-12.57.08.jpeg",768,1024,false]},"rttpg_author":{"display_name":"celsoassis","author_link":"https:\/\/goias.gov.br\/policiacivil\/author\/celsoassis\/"},"rttpg_comment":0,"rttpg_category":"<a href=\"https:\/\/goias.gov.br\/policiacivil\/categoria\/drp\/16a-regional\/\" rel=\"category tag\">16\u00aa Regional<\/a> <a href=\"https:\/\/goias.gov.br\/policiacivil\/categoria\/delegacias\/\" rel=\"category tag\">Delegacias<\/a> <a href=\"https:\/\/goias.gov.br\/policiacivil\/categoria\/delegacias\/regionais\/\" rel=\"category tag\">Regionais<\/a> <a href=\"https:\/\/goias.gov.br\/policiacivil\/categoria\/ultimo-segundo\/\" rel=\"category tag\">\u00daltimo Segundo<\/a>","rttpg_excerpt":"Atrav\u00e9s de ocorr\u00eancia registrada pela v\u00edtima, a Delegacia de Pol\u00edcia (DP) de Varj\u00e3o recebeu informa\u00e7\u00f5es, na \u00faltima quarta-feira (23\/3), acerca de um furto de semoventes (4 vacas e 4 bezerros), ocorrido em uma fazenda localizada na zona rural do munic\u00edpio de Varj\u00e3o. Ap\u00f3s dilig\u00eancias no local do fato e redondezas, os policiais civis tiveram not\u00edcias&hellip;","_links":{"self":[{"href":"https:\/\/goias.gov.br\/policiacivil\/wp-json\/wp\/v2\/posts\/100997","targetHints":{"allow":["GET"]}}],"collection":[{"href":"https:\/\/goias.gov.br\/policiacivil\/wp-json\/wp\/v2\/posts"}],"about":[{"href":"https:\/\/goias.gov.br\/policiacivil\/wp-json\/wp\/v2\/types\/post"}],"author":[{"embeddable":true,"href":"https:\/\/goias.gov.br\/policiacivil\/wp-json\/wp\/v2\/users\/34"}],"replies":[{"embeddable":true,"href":"https:\/\/goias.gov.br\/policiacivil\/wp-json\/wp\/v2\/comments?post=100997"}],"version-history":[{"count":1,"href":"https:\/\/goias.gov.br\/policiacivil\/wp-json\/wp\/v2\/posts\/100997\/revisions"}],"predecessor-version":[{"id":101002,"href":"https:\/\/goias.gov.br\/policiacivil\/wp-json\/wp\/v2\/posts\/100997\/revisions\/101002"}],"wp:featuredmedia":[{"embeddable":true,"href":"https:\/\/goias.gov.br\/policiacivil\/wp-json\/wp\/v2\/media\/101001"}],"wp:attachment":[{"href":"https:\/\/goias.gov.br\/policiacivil\/wp-json\/wp\/v2\/media?parent=100997"}],"wp:term":[{"taxonomy":"category","embeddable":true,"href":"https:\/\/goias.gov.br\/policiacivil\/wp-json\/wp\/v2\/categories?post=100997"},{"taxonomy":"post_tag","embeddable":true,"href":"https:\/\/goias.gov.br\/policiacivil\/wp-json\/wp\/v2\/tags?post=100997"}],"curies":[{"name":"wp","href":"https:\/\/api.w.org\/{rel}","templated":true}]}}