

{"id":9043,"date":"2022-12-09T15:56:29","date_gmt":"2022-12-09T18:56:29","guid":{"rendered":"https:\/\/www.policiacientifica.go.gov.br\/?p=9043"},"modified":"2022-12-09T15:56:29","modified_gmt":"2022-12-09T18:56:29","slug":"semana-do-perito-criminal","status":"publish","type":"post","link":"https:\/\/goias.gov.br\/policiacientifica\/semana-do-perito-criminal\/","title":{"rendered":"Semana do Perito Criminal"},"content":{"rendered":"<figure id=\"attachment_9040\" aria-describedby=\"caption-attachment-9040\" style=\"width: 1020px\" class=\"wp-caption aligncenter\"><img fetchpriority=\"high\" decoding=\"async\" class=\"size-full wp-image-9040\" src=\"https:\/\/goias.gov.br\/policiacientifica\/wp-content\/uploads\/sites\/63\/2022\/12\/whatsapp-image-2022-12-08-at-15.01.07-1.jpeg\" alt=\"Semana do Perito Criminal\" width=\"1020\" height=\"574\" \/><figcaption id=\"caption-attachment-9040\" class=\"wp-caption-text\">Semana do Perito Criminal<\/figcaption><\/figure>\n<p>&nbsp;<\/p>\n<p>O primeiro dia de comemora\u00e7\u00e3o a Semana do Perito Criminal, foi marcado por diversas palestras e apresenta\u00e7\u00f5es com abordagens de diversos temas que fazem parte da Pol\u00edcia T\u00e9cnico Cient\u00edfica.<\/p>\n<p>As palestras aconteceram de forma presencial e teve a sua abertura atrav\u00e9s da palestra do PC Ricardo Matos sobre o Direito e a Per\u00edcia Criminal\/M\u00e9dico Legal: quest\u00f5es sens\u00edveis \u00e0 atividade t\u00e9cnico-cient\u00edfica da Pol\u00edcia e logo ap\u00f3s Dra Mariana Fl\u00e1via da Mota sobre Investiga\u00e7\u00e3o de autoria em locais de crime com o uso de Banco de Perfis Gen\u00e9ticos; PC Lina Deisa de Morais Santos sobre Exame complementar em local de Interven\u00e7\u00e3o Policial: Discuss\u00e3o da posi\u00e7\u00e3o do atirador atrav\u00e9s da semelhan\u00e7a de tri\u00e2ngulos e avalia\u00e7\u00e3o de calibres; PC Davi Rodrigues da Silva sobre Uma nova abordagem para estimar o Intervalo Post-mortem (PMI) usando impress\u00e3o digital qu\u00edmica de moscas necr\u00f3fagas e AA Raine Ci\u00eania Oliveira Castro sobre O Auxiliar de Aut\u00f3psia na integra\u00e7\u00e3o do local de crime com o exame cadav\u00e9rico e sua relev\u00e2ncia na preserva\u00e7\u00e3o da cadeia de cust\u00f3dia.<\/p>\n<p><img decoding=\"async\" class=\"alignnone size-medium wp-image-9039\" src=\"https:\/\/goias.gov.br\/policiacientifica\/wp-content\/uploads\/sites\/63\/2022\/12\/whatsapp-image-2022-12-08-at-15.01.06-220x124.jpeg\" alt=\"\" width=\"220\" height=\"124\" \/> <img decoding=\"async\" class=\"alignnone size-medium wp-image-9041\" src=\"https:\/\/goias.gov.br\/policiacientifica\/wp-content\/uploads\/sites\/63\/2022\/12\/whatsapp-image-2022-12-08-at-15.01.07-220x124.jpeg\" alt=\"\" width=\"220\" height=\"124\" \/> <img loading=\"lazy\" decoding=\"async\" class=\"alignnone size-medium wp-image-9038\" src=\"https:\/\/goias.gov.br\/policiacientifica\/wp-content\/uploads\/sites\/63\/2022\/12\/whatsapp-image-2022-12-08-at-15.01.06-2-220x124.jpeg\" alt=\"\" width=\"220\" height=\"124\" \/> <img loading=\"lazy\" decoding=\"async\" class=\"alignnone size-medium wp-image-9036\" src=\"https:\/\/goias.gov.br\/policiacientifica\/wp-content\/uploads\/sites\/63\/2022\/12\/whatsapp-image-2022-12-08-at-15.01.05-220x124.jpeg\" alt=\"\" width=\"220\" height=\"124\" \/> <img loading=\"lazy\" decoding=\"async\" class=\"alignnone size-medium wp-image-9035\" src=\"https:\/\/goias.gov.br\/policiacientifica\/wp-content\/uploads\/sites\/63\/2022\/12\/whatsapp-image-2022-12-08-at-15.01.05-1-220x124.jpeg\" alt=\"\" width=\"220\" height=\"124\" \/> <img loading=\"lazy\" decoding=\"async\" class=\"alignnone size-medium wp-image-9037\" src=\"https:\/\/goias.gov.br\/policiacientifica\/wp-content\/uploads\/sites\/63\/2022\/12\/whatsapp-image-2022-12-08-at-15.01.06-1-220x124.jpeg\" alt=\"\" width=\"220\" height=\"124\" \/> <img loading=\"lazy\" decoding=\"async\" class=\"alignnone size-medium wp-image-9033\" src=\"https:\/\/goias.gov.br\/policiacientifica\/wp-content\/uploads\/sites\/63\/2022\/12\/whatsapp-image-2022-12-08-at-15.01.04-2-220x124.jpeg\" alt=\"\" width=\"220\" height=\"124\" \/> <img loading=\"lazy\" decoding=\"async\" class=\"alignnone size-medium wp-image-9034\" src=\"https:\/\/goias.gov.br\/policiacientifica\/wp-content\/uploads\/sites\/63\/2022\/12\/whatsapp-image-2022-12-08-at-15.01.04-220x124.jpeg\" alt=\"\" width=\"220\" height=\"124\" \/> <img loading=\"lazy\" decoding=\"async\" class=\"alignnone size-medium wp-image-9032\" src=\"https:\/\/goias.gov.br\/policiacientifica\/wp-content\/uploads\/sites\/63\/2022\/12\/whatsapp-image-2022-12-08-at-15.01.04-1-220x124.jpeg\" alt=\"\" width=\"220\" height=\"124\" \/><\/p>\n<p>&nbsp;<\/p>\n<p><strong>POL\u00cdCIA CIENT\u00cdFICA:<\/strong> ci\u00eancia a favor da verdade!<\/p>\n","protected":false},"excerpt":{"rendered":"<p>Comemora\u00e7\u00e3o da Semana do Perito Criminal com diversas palestras e apresenta\u00e7\u00f5es com abordagens de diversos temas que fazem parte da Pol\u00edcia T\u00e9cnico Cient\u00edfica.<\/p>\n","protected":false},"author":77,"featured_media":9040,"comment_status":"closed","ping_status":"closed","sticky":false,"template":"","format":"standard","meta":{"footnotes":""},"categories":[10,11,15,35,16],"tags":[722,831],"class_list":["post-9043","post","type-post","status-publish","format-standard","has-post-thumbnail","hentry","category-agenda-da-sptc","category-artigos","category-ensino","category-eventos","category-galeria-de-fotos","tag-policia-cientifica","tag-semana-do-perito-criminal"],"rttpg_featured_image_url":null,"rttpg_author":{"display_name":"barbaragodoy","author_link":"https:\/\/goias.gov.br\/policiacientifica\/author\/barbaragodoy\/"},"rttpg_comment":0,"rttpg_category":"<a href=\"https:\/\/goias.gov.br\/policiacientifica\/categoria\/agenda-da-sptc\/\" rel=\"category tag\">Agenda da SPTC<\/a> <a href=\"https:\/\/goias.gov.br\/policiacientifica\/categoria\/artigos\/\" rel=\"category tag\">Artigos<\/a> <a href=\"https:\/\/goias.gov.br\/policiacientifica\/categoria\/ensino\/\" rel=\"category tag\">Ensino<\/a> <a href=\"https:\/\/goias.gov.br\/policiacientifica\/categoria\/noticias\/eventos\/\" rel=\"category tag\">Eventos<\/a> <a href=\"https:\/\/goias.gov.br\/policiacientifica\/categoria\/galeria-de-fotos\/\" rel=\"category tag\">Galeria de Fotos<\/a>","rttpg_excerpt":"Comemora\u00e7\u00e3o da Semana do Perito Criminal com diversas palestras e apresenta\u00e7\u00f5es com abordagens de diversos temas que fazem parte da Pol\u00edcia T\u00e9cnico Cient\u00edfica.","_links":{"self":[{"href":"https:\/\/goias.gov.br\/policiacientifica\/wp-json\/wp\/v2\/posts\/9043","targetHints":{"allow":["GET"]}}],"collection":[{"href":"https:\/\/goias.gov.br\/policiacientifica\/wp-json\/wp\/v2\/posts"}],"about":[{"href":"https:\/\/goias.gov.br\/policiacientifica\/wp-json\/wp\/v2\/types\/post"}],"author":[{"embeddable":true,"href":"https:\/\/goias.gov.br\/policiacientifica\/wp-json\/wp\/v2\/users\/77"}],"replies":[{"embeddable":true,"href":"https:\/\/goias.gov.br\/policiacientifica\/wp-json\/wp\/v2\/comments?post=9043"}],"version-history":[{"count":0,"href":"https:\/\/goias.gov.br\/policiacientifica\/wp-json\/wp\/v2\/posts\/9043\/revisions"}],"wp:featuredmedia":[{"embeddable":true,"href":"https:\/\/goias.gov.br\/policiacientifica\/wp-json\/"}],"wp:attachment":[{"href":"https:\/\/goias.gov.br\/policiacientifica\/wp-json\/wp\/v2\/media?parent=9043"}],"wp:term":[{"taxonomy":"category","embeddable":true,"href":"https:\/\/goias.gov.br\/policiacientifica\/wp-json\/wp\/v2\/categories?post=9043"},{"taxonomy":"post_tag","embeddable":true,"href":"https:\/\/goias.gov.br\/policiacientifica\/wp-json\/wp\/v2\/tags?post=9043"}],"curies":[{"name":"wp","href":"https:\/\/api.w.org\/{rel}","templated":true}]}}