

{"id":8911,"date":"2022-11-14T21:32:18","date_gmt":"2022-11-15T00:32:18","guid":{"rendered":"https:\/\/www.policiacientifica.go.gov.br\/?p=8911"},"modified":"2022-11-14T21:32:18","modified_gmt":"2022-11-15T00:32:18","slug":"visita-ao-vice-governador","status":"publish","type":"post","link":"https:\/\/goias.gov.br\/policiacientifica\/visita-ao-vice-governador\/","title":{"rendered":"VISITA AO VICE-GOVERNADOR"},"content":{"rendered":"<figure id=\"attachment_8898\" aria-describedby=\"caption-attachment-8898\" style=\"width: 816px\" class=\"wp-caption aligncenter\"><img fetchpriority=\"high\" decoding=\"async\" class=\"size-full wp-image-8898\" src=\"https:\/\/goias.gov.br\/policiacientifica\/wp-content\/uploads\/sites\/63\/2022\/11\/whatsapp-image-2022-11-13-at-11.41.17-3.jpeg\" alt=\"VISITA AO VICE-GOVERNADOR\" width=\"816\" height=\"1020\" \/><figcaption id=\"caption-attachment-8898\" class=\"wp-caption-text\">VISITA AO VICE-GOVERNADOR<\/figcaption><\/figure>\n<p>&nbsp;<\/p>\n<p>Na manh\u00e3 desta quinta-feira (11), o Superintendente de Pol\u00edcia T\u00e9cnico-Cient\u00edfica \u2013 Dr. Marcos Egberto Brasil de Melo \u2013 reuniu-se com o Vice-Governador do Estado, Lincoln Tejota, ocasi\u00e3o em que o parabenizou por sua elei\u00e7\u00e3o ao cargo de Deputado Estadual; ao mesmo tempo que apresentou algumas demandas priorit\u00e1rias para a Institui\u00e7\u00e3o Pol\u00edcia Cient\u00edfica, demandas essas que dependem de adequa\u00e7\u00f5es legislativas.<\/p>\n<p>Tamb\u00e9m participou da reuni\u00e3o, a Coordenadora-Geral de Regionais de Pol\u00edcia T\u00e9cnico-Cient\u00edfica, Perita Criminal N\u00fabia Miranda Vieira.<\/p>\n<p><img decoding=\"async\" class=\"alignnone size-medium wp-image-8897\" src=\"https:\/\/goias.gov.br\/policiacientifica\/wp-content\/uploads\/sites\/63\/2022\/11\/whatsapp-image-2022-11-13-at-11.41.17-2-176x220.jpeg\" alt=\"\" width=\"176\" height=\"220\" \/><\/p>\n<p>&nbsp;<\/p>\n<p><strong>POL\u00cdCIA CIENT\u00cdFICA:<\/strong> ci\u00eancia a favor da verdade!<\/p>\n","protected":false},"excerpt":{"rendered":"<p>O Superintendente de Pol\u00edcia T\u00e9cnico-Cient\u00edfica reuniu-se com o Vice-Governador do Estado.<\/p>\n","protected":false},"author":77,"featured_media":8898,"comment_status":"closed","ping_status":"closed","sticky":false,"template":"","format":"standard","meta":{"footnotes":""},"categories":[10,11,35,16],"tags":[722,921],"class_list":["post-8911","post","type-post","status-publish","format-standard","has-post-thumbnail","hentry","category-agenda-da-sptc","category-artigos","category-eventos","category-galeria-de-fotos","tag-policia-cientifica","tag-visita-institucional"],"rttpg_featured_image_url":null,"rttpg_author":{"display_name":"barbaragodoy","author_link":"https:\/\/goias.gov.br\/policiacientifica\/author\/barbaragodoy\/"},"rttpg_comment":0,"rttpg_category":"<a href=\"https:\/\/goias.gov.br\/policiacientifica\/categoria\/agenda-da-sptc\/\" rel=\"category tag\">Agenda da SPTC<\/a> <a href=\"https:\/\/goias.gov.br\/policiacientifica\/categoria\/artigos\/\" rel=\"category tag\">Artigos<\/a> <a href=\"https:\/\/goias.gov.br\/policiacientifica\/categoria\/noticias\/eventos\/\" rel=\"category tag\">Eventos<\/a> <a href=\"https:\/\/goias.gov.br\/policiacientifica\/categoria\/galeria-de-fotos\/\" rel=\"category tag\">Galeria de Fotos<\/a>","rttpg_excerpt":"O Superintendente de Pol\u00edcia T\u00e9cnico-Cient\u00edfica reuniu-se com o Vice-Governador do Estado.","_links":{"self":[{"href":"https:\/\/goias.gov.br\/policiacientifica\/wp-json\/wp\/v2\/posts\/8911","targetHints":{"allow":["GET"]}}],"collection":[{"href":"https:\/\/goias.gov.br\/policiacientifica\/wp-json\/wp\/v2\/posts"}],"about":[{"href":"https:\/\/goias.gov.br\/policiacientifica\/wp-json\/wp\/v2\/types\/post"}],"author":[{"embeddable":true,"href":"https:\/\/goias.gov.br\/policiacientifica\/wp-json\/wp\/v2\/users\/77"}],"replies":[{"embeddable":true,"href":"https:\/\/goias.gov.br\/policiacientifica\/wp-json\/wp\/v2\/comments?post=8911"}],"version-history":[{"count":0,"href":"https:\/\/goias.gov.br\/policiacientifica\/wp-json\/wp\/v2\/posts\/8911\/revisions"}],"wp:featuredmedia":[{"embeddable":true,"href":"https:\/\/goias.gov.br\/policiacientifica\/wp-json\/"}],"wp:attachment":[{"href":"https:\/\/goias.gov.br\/policiacientifica\/wp-json\/wp\/v2\/media?parent=8911"}],"wp:term":[{"taxonomy":"category","embeddable":true,"href":"https:\/\/goias.gov.br\/policiacientifica\/wp-json\/wp\/v2\/categories?post=8911"},{"taxonomy":"post_tag","embeddable":true,"href":"https:\/\/goias.gov.br\/policiacientifica\/wp-json\/wp\/v2\/tags?post=8911"}],"curies":[{"name":"wp","href":"https:\/\/api.w.org\/{rel}","templated":true}]}}